{"id":134902,"date":"2019-05-27T13:23:16","date_gmt":"2019-05-27T12:23:16","guid":{"rendered":"https:\/\/die-webzeitung.de\/stuttgart\/?p=134902"},"modified":"2019-05-27T13:23:16","modified_gmt":"2019-05-27T12:23:16","slug":"eroeffnung-radschnellweg-boeblingen-sindelfingen-stuttgart","status":"publish","type":"post","link":"https:\/\/die-webzeitung.de\/stuttgart\/2019\/05\/27\/eroeffnung-radschnellweg-boeblingen-sindelfingen-stuttgart\/","title":{"rendered":"Er\u00f6ffnung Radschnellweg B\u00f6blingen\/Sindelfingen \u2013 Stuttgart"},"content":{"rendered":"<p style=\"text-align: justify;\">Die Radschnellverbindung (RSV) zwischen B\u00f6blingen\/Sindelfingen und Stuttgart wird am Freitag, 31. Mai 2019, um 11 Uhr mit einem Festakt ihrer Bestimmung \u00fcbergeben. Verkehrsminister Winfried Hermann (MdL) wird gemeinsam mit Landrat Roland Bernhard, den Oberb\u00fcrgermeistern der beiden Gro\u00dfen Kreisst\u00e4dte B\u00f6blingen und Sindelfingen, Dr. Stefan Belz und Dr. Bernd V\u00f6hringer, sowie Peter Grotz, dem Vorsitzenden des ADFC Kreisverbands B\u00f6blingen, den Weg offiziell in Betrieb nehmen.<\/p>\n<p style=\"text-align: justify;\">Treffpunkt f\u00fcr alle Interessierten ist am Freitag, 31. Mai 2019, um 11 Uhr an der Kreuzung Musberger Str\u00e4\u00dfle \/ R\u00f6merstra\u00dfe. Parkm\u00f6glichkeiten gibt es am Wanderparkplatz des AWO-Heims, von dort ist zwischen 10.30 und 12.30 ein regelm\u00e4\u00dfiger Busshuttle vorgesehen. Nat\u00fcrlich kann man auch zu Fu\u00df oder mit dem Fahrrad kommen.<\/p>\n<p style=\"text-align: justify;\">Im September vergangenen Jahres war der Spatenstich f\u00fcr diese erste Radschnellverbindung in der Region Stuttgart gesetzt worden. Der Landkreis B\u00f6blingen setzt damit, gemeinsam mit Sindelfingen und B\u00f6blingen ein Zeichen f\u00fcr nachhaltige Mobilit\u00e4tskonzepte f\u00fcr heute und morgen.<\/p>\n<hr \/>\n<p style=\"text-align: justify;\">\n","protected":false},"excerpt":{"rendered":"<p>Die Radschnellverbindung (RSV) zwischen B\u00f6blingen\/Sindelfingen und Stuttgart wird am Freitag, 31. Mai 2019, um 11 Uhr mit einem Festakt ihrer Bestimmung \u00fcbergeben. Verkehrsminister Winfried Hermann (MdL) wird gemeinsam mit Landrat Roland Bernhard, den Oberb\u00fcrgermeistern der beiden Gro\u00dfen Kreisst\u00e4dte B\u00f6blingen und Sindelfingen, Dr. Stefan Belz und Dr. Bernd V\u00f6hringer, sowie Peter Grotz, dem Vorsitzenden des ADFC [&hellip;]<\/p>\n","protected":false},"author":4,"featured_media":0,"comment_status":"closed","ping_status":"open","sticky":false,"template":"","format":"standard","meta":{"inline_featured_image":false,"_exactmetrics_skip_tracking":false,"_exactmetrics_sitenote_active":false,"_exactmetrics_sitenote_note":"","_exactmetrics_sitenote_category":0,"footnotes":""},"categories":[2246],"tags":[],"class_list":{"0":"post-134902","1":"post","2":"type-post","3":"status-publish","4":"format-standard","6":"category-kreis-boeblingen"},"image_feature":null,"author_name":"Redaktion","pure_taxonomies":{"categories":[{"term_id":2246,"name":"Kreis B\u00f6blingen","slug":"kreis-boeblingen","term_group":0,"term_taxonomy_id":2259,"taxonomy":"category","description":"","parent":171,"count":197,"filter":"raw","image":""}]},"_links":{"self":[{"href":"https:\/\/die-webzeitung.de\/stuttgart\/wp-json\/wp\/v2\/posts\/134902","targetHints":{"allow":["GET"]}}],"collection":[{"href":"https:\/\/die-webzeitung.de\/stuttgart\/wp-json\/wp\/v2\/posts"}],"about":[{"href":"https:\/\/die-webzeitung.de\/stuttgart\/wp-json\/wp\/v2\/types\/post"}],"author":[{"embeddable":true,"href":"https:\/\/die-webzeitung.de\/stuttgart\/wp-json\/wp\/v2\/users\/4"}],"replies":[{"embeddable":true,"href":"https:\/\/die-webzeitung.de\/stuttgart\/wp-json\/wp\/v2\/comments?post=134902"}],"version-history":[{"count":1,"href":"https:\/\/die-webzeitung.de\/stuttgart\/wp-json\/wp\/v2\/posts\/134902\/revisions"}],"predecessor-version":[{"id":134903,"href":"https:\/\/die-webzeitung.de\/stuttgart\/wp-json\/wp\/v2\/posts\/134902\/revisions\/134903"}],"wp:attachment":[{"href":"https:\/\/die-webzeitung.de\/stuttgart\/wp-json\/wp\/v2\/media?parent=134902"}],"wp:term":[{"taxonomy":"category","embeddable":true,"href":"https:\/\/die-webzeitung.de\/stuttgart\/wp-json\/wp\/v2\/categories?post=134902"},{"taxonomy":"post_tag","embeddable":true,"href":"https:\/\/die-webzeitung.de\/stuttgart\/wp-json\/wp\/v2\/tags?post=134902"}],"curies":[{"name":"wp","href":"https:\/\/api.w.org\/{rel}","templated":true}]}}