{"id":133266,"date":"2019-01-18T18:21:25","date_gmt":"2019-01-18T17:21:25","guid":{"rendered":"http:\/\/die-webzeitung.de\/stuttgart\/?p=133266"},"modified":"2019-01-18T18:21:25","modified_gmt":"2019-01-18T17:21:25","slug":"buergerinformationsveranstaltung-im-fasanenhof-in-moehringen","status":"publish","type":"post","link":"https:\/\/die-webzeitung.de\/stuttgart\/2019\/01\/18\/buergerinformationsveranstaltung-im-fasanenhof-in-moehringen\/","title":{"rendered":"B\u00fcrgerinformationsveranstaltung im Fasanenhof in M\u00f6hringen"},"content":{"rendered":"<p style=\"text-align: justify;\">Stuttgart.| Das Amt f\u00fcr Stadtplanung und Stadterneuerung stellt den B\u00fcrgerinnen und B\u00fcrgern im Fasanenhof <strong>am Mittwoch, 30. Januar, 18.30 Uhr<\/strong> im Kinder- und Jugendhaus Fasanenhof, Fasanenhofstra\u00dfe 171, das Ergebnis der \u00dcberarbeitung \u201eMehrfachbeauftragung erg\u00e4nzende Baum\u00f6glichkeiten und Gestaltung \u00f6ffentlicher R\u00e4ume am Ehrlichweg in Stuttgart-Fasanenhof\u201c vor.<\/p>\n<p style=\"text-align: justify;\">Wolfgang Schwarz vom B\u00fcro Schwarz.Jakoby Architekten, Sieger der Mehrfachbeauftragung, wird an diesem Abend gemeinsam mit dem Amt f\u00fcr Stadtplanung und Stadterneuerung die Wettbewerbsarbeit und deren \u00dcberarbeitung vorstellen und erl\u00e4utern. Anlass der Mehrfachbeauftragung war das Ansinnen von f\u00fcnf Baugenossenschaften, auf ihren Grundst\u00fccken im westlichen Teil des Fasanenhofs durch eine Erg\u00e4nzung des baulichen Bestandes neuen Wohnraum zu schaffen.<\/p>\n<p style=\"text-align: justify;\">Die Jury hatte den Entwurf von Schwarz Jacobi Architekten BDA am 18. Juni 2018 einstimmig auf den 1. Rang gesetzt. Alle Arbeiten waren anschlie\u00dfend vom 21. bis 27. Juni 2018 im B\u00fcrgerhaus M\u00f6hringen und die Siegerarbeit danach in den R\u00e4umen des B\u00fcrgervereins am Europaplatz ausgestellt.<\/p>\n<p style=\"text-align: justify;\">In seiner Entscheidung hatte das Preisgericht unter anderem angemerkt, dass die Nachverdichtungspotenziale der Postbaugenossenschaft und der Genossenschaften Friedenau nicht ausreichend genutzt sind. Im Bereich der FL\u00dcWO und der VDK sollte unter Ber\u00fccksichtigung schalltechnischer Belange das Ma\u00df der Nachverdichtung noch einmal in Hinsicht auf m\u00f6gliche Staffelgeschosse und im Bereich der FL\u00dcWO auf einen weiteren Bauk\u00f6rper gepr\u00fcft werden. Die vorgeschlagene Bautypologie am Sautterweg wurde kritisiert und sollte ebenfalls \u00fcberarbeitet werden.<\/p>\n<p style=\"text-align: justify;\">Die von der Jury genannten Anregungen zur \u00dcberarbeitung des Siegerentwurfes wurden planerisch \u00fcberpr\u00fcft und teilweise umgesetzt. Die \u00dcberarbeitung wurde im Dezember 2018 im Bezirksbeirat M\u00f6hringen und im St\u00e4dtebau-Ausschuss vorgestellt. Der Ausschuss f\u00fcr Umwelt und Technik hat nun am 15. Januar dem \u00dcberarbeitungsvorschlag der Verwaltung zugestimmt und beschlossen, den Bebauungsplan auf dieser Basis erstellen zu lassen.<\/p>\n<p style=\"text-align: justify;\">Bei der B\u00fcrgerinfoveranstaltung wird auch das weitere Vorgehen dargelegt. Geplant ist, im ersten Halbjahr 2019 den Aufstellungsbeschluss f\u00fcr das zur Realisierung der Neubebauung notwendige Bebauungsplanverfahren in die Gremien zu bringen.<\/p>\n<hr \/>\n<p style=\"text-align: justify;\">\n","protected":false},"excerpt":{"rendered":"<p>Stuttgart.| Das Amt f\u00fcr Stadtplanung und Stadterneuerung stellt den B\u00fcrgerinnen und B\u00fcrgern im Fasanenhof am Mittwoch, 30. Januar, 18.30 Uhr im Kinder- und Jugendhaus Fasanenhof, Fasanenhofstra\u00dfe 171, das Ergebnis der \u00dcberarbeitung \u201eMehrfachbeauftragung erg\u00e4nzende Baum\u00f6glichkeiten und Gestaltung \u00f6ffentlicher R\u00e4ume am Ehrlichweg in Stuttgart-Fasanenhof\u201c vor. Wolfgang Schwarz vom B\u00fcro Schwarz.Jakoby Architekten, Sieger der Mehrfachbeauftragung, wird an diesem [&hellip;]<\/p>\n","protected":false},"author":4,"featured_media":0,"comment_status":"closed","ping_status":"open","sticky":false,"template":"","format":"standard","meta":{"inline_featured_image":false,"_exactmetrics_skip_tracking":false,"_exactmetrics_sitenote_active":false,"_exactmetrics_sitenote_note":"","_exactmetrics_sitenote_category":0,"footnotes":""},"categories":[2239],"tags":[14857,11125,5,10163,208,68,9,275],"class_list":{"0":"post-133266","1":"post","2":"type-post","3":"status-publish","4":"format-standard","6":"category-stuttgart-lokal","7":"tag-die-webzeitung","8":"tag-fasanenhof","9":"tag-internetzeitung","10":"tag-jugendhaus","11":"tag-kinder","12":"tag-online-zeitung","13":"tag-schaumedia","14":"tag-stuttgart"},"image_feature":null,"author_name":"Redaktion","pure_taxonomies":{"categories":[{"term_id":2239,"name":"Stuttgart","slug":"stuttgart-lokal","term_group":0,"term_taxonomy_id":2252,"taxonomy":"category","description":"Berichte und Informationen aus Stuttgart","parent":1433,"count":941,"filter":"raw","image":""}],"tags":[{"term_id":14857,"name":"Die-Webzeitung","slug":"die-webzeitung","term_group":0,"term_taxonomy_id":14876,"taxonomy":"post_tag","description":"","parent":0,"count":3616,"filter":"raw","image":""},{"term_id":11125,"name":"Fasanenhof","slug":"fasanenhof","term_group":0,"term_taxonomy_id":11163,"taxonomy":"post_tag","description":"","parent":0,"count":1,"filter":"raw","image":""},{"term_id":5,"name":"Internetzeitung","slug":"internetzeitung","term_group":0,"term_taxonomy_id":5,"taxonomy":"post_tag","description":"","parent":0,"count":1461,"filter":"raw","image":""},{"term_id":10163,"name":"Jugendhaus","slug":"jugendhaus","term_group":0,"term_taxonomy_id":10194,"taxonomy":"post_tag","description":"","parent":0,"count":1,"filter":"raw","image":""},{"term_id":208,"name":"Kinder","slug":"kinder","term_group":0,"term_taxonomy_id":211,"taxonomy":"post_tag","description":"","parent":0,"count":6,"filter":"raw","image":""},{"term_id":68,"name":"Online-Zeitung","slug":"online-zeitung","term_group":0,"term_taxonomy_id":69,"taxonomy":"post_tag","description":"","parent":0,"count":3586,"filter":"raw","image":""},{"term_id":9,"name":"SchauMedia","slug":"schaumedia","term_group":0,"term_taxonomy_id":9,"taxonomy":"post_tag","description":"","parent":0,"count":1607,"filter":"raw","image":""},{"term_id":275,"name":"Stuttgart","slug":"stuttgart","term_group":0,"term_taxonomy_id":281,"taxonomy":"post_tag","description":"","parent":0,"count":1193,"filter":"raw","image":""}]},"_links":{"self":[{"href":"https:\/\/die-webzeitung.de\/stuttgart\/wp-json\/wp\/v2\/posts\/133266","targetHints":{"allow":["GET"]}}],"collection":[{"href":"https:\/\/die-webzeitung.de\/stuttgart\/wp-json\/wp\/v2\/posts"}],"about":[{"href":"https:\/\/die-webzeitung.de\/stuttgart\/wp-json\/wp\/v2\/types\/post"}],"author":[{"embeddable":true,"href":"https:\/\/die-webzeitung.de\/stuttgart\/wp-json\/wp\/v2\/users\/4"}],"replies":[{"embeddable":true,"href":"https:\/\/die-webzeitung.de\/stuttgart\/wp-json\/wp\/v2\/comments?post=133266"}],"version-history":[{"count":1,"href":"https:\/\/die-webzeitung.de\/stuttgart\/wp-json\/wp\/v2\/posts\/133266\/revisions"}],"predecessor-version":[{"id":133267,"href":"https:\/\/die-webzeitung.de\/stuttgart\/wp-json\/wp\/v2\/posts\/133266\/revisions\/133267"}],"wp:attachment":[{"href":"https:\/\/die-webzeitung.de\/stuttgart\/wp-json\/wp\/v2\/media?parent=133266"}],"wp:term":[{"taxonomy":"category","embeddable":true,"href":"https:\/\/die-webzeitung.de\/stuttgart\/wp-json\/wp\/v2\/categories?post=133266"},{"taxonomy":"post_tag","embeddable":true,"href":"https:\/\/die-webzeitung.de\/stuttgart\/wp-json\/wp\/v2\/tags?post=133266"}],"curies":[{"name":"wp","href":"https:\/\/api.w.org\/{rel}","templated":true}]}}