{"id":133163,"date":"2019-01-09T14:48:09","date_gmt":"2019-01-09T13:48:09","guid":{"rendered":"http:\/\/die-webzeitung.de\/stuttgart\/?p=133163"},"modified":"2019-01-09T14:48:09","modified_gmt":"2019-01-09T13:48:09","slug":"kindertagespflege-als-wichtigen-baustein-der-kindertagesbetreuung-aufgewertet","status":"publish","type":"post","link":"https:\/\/die-webzeitung.de\/stuttgart\/2019\/01\/09\/kindertagespflege-als-wichtigen-baustein-der-kindertagesbetreuung-aufgewertet\/","title":{"rendered":"Kindertagespflege als wichtigen Baustein der Kindertagesbetreuung aufgewertet"},"content":{"rendered":"<ul>\n<li style=\"text-align: justify;\"><strong>Landkreis erh\u00f6ht Bezahlung der Tagespflegepersonen<\/strong><\/li>\n<li style=\"text-align: justify;\"><strong>Neu: Inklusive Tagespflege<\/strong><\/li>\n<\/ul>\n<p style=\"text-align: justify;\">Kreis B\u00f6blingen.| Seit Bestehen des Rechtsanspruchs auf fr\u00fchkindliche Betreuung und Bildung ab dem ersten Lebensjahr im Jahr 2013 ist die Nachfrage nach Betreuungspl\u00e4tzen sp\u00fcrbar gestiegen. Hinzu kommen die aktuell hohen Geburtenziffern von zuletzt \u00fcber 4.100 Geburten pro Jahr im Landkreis B\u00f6blingen. Gerade f\u00fcr die Betreuung der unter 3-j\u00e4hrigen Kinder hat sich die Kindertagespflege in Form des Modells TAKKI sehr bew\u00e4hrt. 597 Pl\u00e4tze standen am 1.3.2018 in qualifizierter Tagespflege f\u00fcr Kinder unter 3 Jahren zur Verf\u00fcgung. Die Kindertagespflege ist nicht nur f\u00fcr die Kleinkindbetreuung sehr geeignet, sie wird auch wegen ihrer hohen Flexibilit\u00e4t und der M\u00f6glichkeit, Betreuung auch an Randzeiten des Tages oder auch mal \u00fcber Nacht zu erm\u00f6glichen, sehr gesch\u00e4tzt.<\/p>\n<p style=\"text-align: justify;\">Der Landkreis B\u00f6blingen hat nun zu Beginn des neuen Jahres die Rahmen\u00adbedingungen f\u00fcr die Tagesm\u00fctter und -v\u00e4ter deutlich verbessert. Statt 5,50 \u20ac erhalten sie nunmehr 6,50 \u20ac je Kind und Betreuungsstunde. \u201eEs ist mir pers\u00f6nlich wichtig\u201c, so Landrat Roland Bernhard, \u201edass die Kindertagespflege eine gleichwertige und qualitativ gute Alternative zur Kinderkrippe bzw. dem Kindergarten bleibt. Daf\u00fcr braucht es eine angemessene Verg\u00fctung.\u201c Das Land beteiligt sich an den Kosten der Kindertages\u00adpflege f\u00fcr die unter 3-J\u00e4hrigen im Umfang von 68%. Neu hinzu kommt eine Landes\u00adbeteiligung auch an den Kosten f\u00fcr die \u00fcber Dreij\u00e4hrigen in H\u00f6he von 0,50 \u20ac pro Kind und Betreuungsstunde.<\/p>\n<p style=\"text-align: justify;\">Der Landkreis setzt zudem ab dem 1.1.2019 ein neues, innovatives Konzept f\u00fcr mehr Inklusion in der Kindertagespflege um. Gemeinsam mit den beiden Tagespflege\u00advereinen in Leonberg und Sindelfingen werden Tagespflegepersonen, die beabsichtigen, ein Kind mit besonderem F\u00f6rderbedarf zu betreuen, speziell hierf\u00fcr qualifiziert. Auch erhalten die Vereine f\u00fcr die intensivere Betreuung dieser Pflegeverh\u00e4ltnisse einen doppelt so hohen Betreuungsschl\u00fcssel. \u201eSchlie\u00dflich\u201c, so Sozialdezernent Alfred Schmid, \u201eerhalten die Tagesm\u00fctter f\u00fcr die oft besonders herausfordernde Arbeit mit einem behinderten Kind eine h\u00f6here Verg\u00fctung. Es ist uns wichtig, dass Kinder mit einem erh\u00f6hten F\u00f6rderbedarf auch in der Kindertages\u00adpflege eine gute und ad\u00e4quate Betreuung erhalten k\u00f6nnen.\u201c Die Verg\u00fctung kann in diesen F\u00e4llen bis zu 11,26 \u20ac je Kind und Betreuungsstunde betragen.<\/p>\n<p style=\"text-align: justify;\">Der Landkreis und die beiden Tagespflegevereine suchen st\u00e4ndig interessierte und geeignete Personen, die die selbst\u00e4ndige T\u00e4tigkeit einer Tagesmutter bzw. eines Tagesvaters in den eigenen vier W\u00e4nden aus\u00fcben m\u00f6chte. Die Tagespflegepersonen werden f\u00fcr ihre Arbeit im Rahmen einer 160-Stunden-Ausbildung vorbereitet und w\u00e4hrend ihrer Arbeit gut begleitet. Interessierte k\u00f6nnen sich sehr gerne wenden an:<\/p>\n<p style=\"text-align: justify;\">Tages- und Pflegemutter e.V. Leonberg, Distelfeldstr. 20, 71229 Leonberg, Tel: 07152\/9064970 oder Email: <a href=\"mailto:info@tagesmuetter-leonberg.de\" target=\"_blank\" rel=\"noopener\">info@tagesmuetter-leonberg.de<\/a><\/p>\n<p style=\"text-align: justify;\">f\u00fcr Leonberg, Renningen, Rutesheim, Weil der Stadt und Weissach<br \/>\nTages- und Pflegeeltern e.V. Kreis B\u00f6blingen Untere Burggasse 1<br \/>\n71063 Sindelfingen Tel:07031\/21371-0 oder Email: <a href=\"mailto:info@tupf.de\" target=\"_blank\" rel=\"noopener\">info@tupf.de<\/a>\u00a0 f\u00fcr alle anderen Kommunen im Landkreis B\u00f6blingen<\/p>\n<hr \/>\n<p style=\"text-align: justify;\">\n","protected":false},"excerpt":{"rendered":"<p>Landkreis erh\u00f6ht Bezahlung der Tagespflegepersonen Neu: Inklusive Tagespflege Kreis B\u00f6blingen.| Seit Bestehen des Rechtsanspruchs auf fr\u00fchkindliche Betreuung und Bildung ab dem ersten Lebensjahr im Jahr 2013 ist die Nachfrage nach Betreuungspl\u00e4tzen sp\u00fcrbar gestiegen. Hinzu kommen die aktuell hohen Geburtenziffern von zuletzt \u00fcber 4.100 Geburten pro Jahr im Landkreis B\u00f6blingen. Gerade f\u00fcr die Betreuung der unter [&hellip;]<\/p>\n","protected":false},"author":4,"featured_media":0,"comment_status":"closed","ping_status":"open","sticky":false,"template":"","format":"standard","meta":{"inline_featured_image":false,"_exactmetrics_skip_tracking":false,"_exactmetrics_sitenote_active":false,"_exactmetrics_sitenote_note":"","_exactmetrics_sitenote_category":0,"footnotes":""},"categories":[2246],"tags":[1505,3061,14857,68,16088,9591],"class_list":{"0":"post-133163","1":"post","2":"type-post","3":"status-publish","4":"format-standard","6":"category-kreis-boeblingen","7":"tag-betreuung","8":"tag-boblingen","9":"tag-die-webzeitung","10":"tag-online-zeitung","11":"tag-rahmenbedingungen","12":"tag-tagespflege"},"image_feature":null,"author_name":"Redaktion","pure_taxonomies":{"categories":[{"term_id":2246,"name":"Kreis B\u00f6blingen","slug":"kreis-boeblingen","term_group":0,"term_taxonomy_id":2259,"taxonomy":"category","description":"","parent":171,"count":197,"filter":"raw","image":""}],"tags":[{"term_id":1505,"name":"Betreuung","slug":"betreuung","term_group":0,"term_taxonomy_id":1514,"taxonomy":"post_tag","description":"","parent":0,"count":2,"filter":"raw","image":""},{"term_id":3061,"name":"B\u00f6blingen","slug":"boblingen","term_group":0,"term_taxonomy_id":3075,"taxonomy":"post_tag","description":"","parent":0,"count":259,"filter":"raw","image":""},{"term_id":14857,"name":"Die-Webzeitung","slug":"die-webzeitung","term_group":0,"term_taxonomy_id":14876,"taxonomy":"post_tag","description":"","parent":0,"count":3616,"filter":"raw","image":""},{"term_id":68,"name":"Online-Zeitung","slug":"online-zeitung","term_group":0,"term_taxonomy_id":69,"taxonomy":"post_tag","description":"","parent":0,"count":3586,"filter":"raw","image":""},{"term_id":16088,"name":"Rahmenbedingungen","slug":"rahmenbedingungen","term_group":0,"term_taxonomy_id":16107,"taxonomy":"post_tag","description":"","parent":0,"count":1,"filter":"raw","image":""},{"term_id":9591,"name":"Tagespflege","slug":"tagespflege","term_group":0,"term_taxonomy_id":9621,"taxonomy":"post_tag","description":"","parent":0,"count":1,"filter":"raw","image":""}]},"_links":{"self":[{"href":"https:\/\/die-webzeitung.de\/stuttgart\/wp-json\/wp\/v2\/posts\/133163","targetHints":{"allow":["GET"]}}],"collection":[{"href":"https:\/\/die-webzeitung.de\/stuttgart\/wp-json\/wp\/v2\/posts"}],"about":[{"href":"https:\/\/die-webzeitung.de\/stuttgart\/wp-json\/wp\/v2\/types\/post"}],"author":[{"embeddable":true,"href":"https:\/\/die-webzeitung.de\/stuttgart\/wp-json\/wp\/v2\/users\/4"}],"replies":[{"embeddable":true,"href":"https:\/\/die-webzeitung.de\/stuttgart\/wp-json\/wp\/v2\/comments?post=133163"}],"version-history":[{"count":1,"href":"https:\/\/die-webzeitung.de\/stuttgart\/wp-json\/wp\/v2\/posts\/133163\/revisions"}],"predecessor-version":[{"id":133164,"href":"https:\/\/die-webzeitung.de\/stuttgart\/wp-json\/wp\/v2\/posts\/133163\/revisions\/133164"}],"wp:attachment":[{"href":"https:\/\/die-webzeitung.de\/stuttgart\/wp-json\/wp\/v2\/media?parent=133163"}],"wp:term":[{"taxonomy":"category","embeddable":true,"href":"https:\/\/die-webzeitung.de\/stuttgart\/wp-json\/wp\/v2\/categories?post=133163"},{"taxonomy":"post_tag","embeddable":true,"href":"https:\/\/die-webzeitung.de\/stuttgart\/wp-json\/wp\/v2\/tags?post=133163"}],"curies":[{"name":"wp","href":"https:\/\/api.w.org\/{rel}","templated":true}]}}