{"id":124422,"date":"2026-04-26T09:41:14","date_gmt":"2026-04-26T08:41:14","guid":{"rendered":"http:\/\/die-webzeitung.de\/stuttgart\/?p=124422"},"modified":"2026-04-29T16:25:05","modified_gmt":"2026-04-29T15:25:05","slug":"verkehrsbericht-landkreis-esslingen","status":"publish","type":"post","link":"https:\/\/die-webzeitung.de\/stuttgart\/2026\/04\/26\/verkehrsbericht-landkreis-esslingen\/","title":{"rendered":"Verkehrsbericht Stadt und Kreis Esslingen"},"content":{"rendered":"<h4><span style=\"text-decoration: underline;\"><span style=\"background-color: #ffff00;\"><strong>LANDKREIS ESSLINGEN<\/strong><\/span><\/span><\/h4>\n<hr \/>\n<p style=\"text-align: justify;\"><strong>Allgemeine Informationen \u00fcber Stra\u00dfenbaustellen der Region k\u00f6nnen dem Baustelleninformationssystem (BIS) des Landes Baden-W\u00fcrttemberg unter <a href=\"https:\/\/verkehrsinfo-bw.de\" target=\"_blank\" rel=\"noopener noreferrer\">https:\/\/verkehrsinfo-bw.de<\/a>\u00a0entnommen werden.<\/strong><\/p>\n<hr \/>\n<p><strong>Esslingen: \u00dcbersicht der <a href=\"https:\/\/baustellen.esslingen.de\/start\/weitere-baustellen.html\" target=\"_blank\" rel=\"noopener noreferrer\">aktuellen Baustellen<\/a><\/strong><\/p>\n<hr \/>\n<div class=\"page\" title=\"Page 1\">\n<div class=\"layoutArea\"><\/div>\n<\/div>\n<div class=\"page\" title=\"Page 2\">\n<div class=\"layoutArea\">\n<div class=\"column\">\n<p style=\"text-align: justify;\"><strong>Bissingen\/Teck: Auf der Ochsenwanger Steige Asphaltarbeiten und Rutschungsbeseitigung<br \/>\n<\/strong>Auf der Ochsenwanger Steige bei Bissingen an der Teck, der Kreisstra\u00dfe 1250, m\u00fcssen <strong>ab Montag, 11. Mai 2026 bis Samstag, 23. Mai 2026<\/strong> an mehreren Stellen in beiden Fahrtrichtungen Asphaltarbeiten vorgenommen sowie eine Hangrutschung beseitigt werden.<br \/>\nDie Rutschung auf halber H\u00f6he der Ochsenwanger Steige hat sich innerhalb weniger Wochen erheblich ver\u00e4ndert, so dass die Gefahr besteht, dass der Hang unkontrollierbar wird und somit auch die Fahrbahn abrutscht. Darum ist die Sanierung zeitnah zwingend erforderlich, zumal bei einem weiteren Abrutschen die Steige gegebenenfalls vollgesperrt werden m\u00fcsste. Nachdem die Hepsisauer Steige nach wie vor f\u00fcr den Fahrzeugverkehr vollst\u00e4ndig gesperrt ist und als Ausweichroute nicht zur Verf\u00fcgung steht, werden, unter in diesem Einzelfall begr\u00fcndeter Zur\u00fcckstellung geltender Sicherheitsvorschriften, die Stra\u00dfenbauarbeiten unter halbseitiger Sperrung saniert und der Verkehr mittels Ampelregelung an den Baustellen vorbeigeleitet.<br \/>\nIm Anschluss wird die Fahrbahnmarkierung wieder hergestellt. Auch w\u00e4hrend der Markierungsarbeiten wird der Verkehr an der Baustelle vorbeigeleitet.<\/p>\n<p style=\"text-align: justify;\"><strong>Esslingen: Stra\u00dfenbauarbeiten zwischen Esslingen und Deizisau bei der &#8220;K\u00f6rschtalkreuzung&#8221; mit Vollsperrung<br \/>\nAb Montag, 13. April 2026<\/strong> beginnen die Stra\u00dfenbauarbeiten im ersten Bauabschnitt zwischen der Zufahrt zum Industriegebiet Dornierstra\u00dfe und der Einm\u00fcndung in die L 1204, K\u00f6rschtalstra\u00dfe bzw. Esslinger Stra\u00dfe. Daf\u00fcr wird die Kreisstra\u00dfe einschlie\u00dflich der Geh- und Radwege <strong>f\u00fcr circa vier bis sechs Wochen<\/strong> f\u00fcr den Stra\u00dfenverkehr voll gesperrt. Auch der Anliegerverkehr wird \u00f6rtlich umgeleitet. F\u00fcr den \u00fcber\u00f6rtlichen Verkehr sowie den Radverkehr wird eine Umleitungsstrecke ausgeschildert.<br \/>\nIm zweiten Bauabschnitt wird die Landesstra\u00dfe 1204 zwischen der Einm\u00fcndung zum Gewerbegebiet K\u00f6rschtalstra\u00dfe und dem Schie\u00dfhausweg in Deizisau saniert. <strong>Die Dauer der Sperrung betr\u00e4gt circa zwei Wochen<\/strong>. W\u00e4hrend dieser Zeit ist das Gewerbegebiet K\u00f6rschtal \u00fcber Denkendorf anzufahren.<br \/>\nDie Bauma\u00dfnahme wirkt sich auf den Buslinienverkehr aus. Weitere Informationen gibt es unter <a href=\"http:\/\/www.vvs.de\/verkehrsmeldungen\/fahrplanaenderungen\/\" target=\"_blank\" rel=\"noopener\">http:\/\/www.vvs.de\/verkehrsmeldungen\/fahrplanaenderungen\/<\/a> oder in der App \u201eVVS Mobil\u201c.<\/p>\n<p style=\"text-align: justify;\"><strong>Leinfelden-Echterdingen: Kreisstrasse zwischen Leinfelden-Echterdingen-Stetten und Filderstadt bekommt neuen Belag<br \/>\n<\/strong>Das Landratsamt Esslingen erneuert <strong>ab Montag, 13. April 2026<\/strong> den Fahrbahnbelag der Kreisstra\u00dfe 1255 zwischen Leinfelden-Echterdingen Ortsteil Stetten und der L 1208A westlich von Filderstadt-Bernhausen. Zeitgleich wird die Rampe zur B 27 in der Fahrtrichtung Stuttgart saniert.<br \/>\nDie Stra\u00dfenbauarbeiten beginnen auf der Kreisstra\u00dfe 1255 zwischen Denkendorfer Stra\u00dfe und der L 1208A. Daf\u00fcr wird die Kreisstra\u00dfe <strong>f\u00fcr circa sechs bis acht Wochen voll gesperrt<\/strong>. W\u00e4hrend dieser Zeit ist die Zufahrt zum Gewerbegebiet Stetten \u00fcber Stetten m\u00f6glich.<br \/>\nDie Anschlussstelle Leinfelden-Echterdingen Stetten der B27 ist f\u00fcr die gesamte Dauer der Ma\u00dfnahme gesperrt. W\u00e4hrend den Sperrungen werden auch am Br\u00fcckenbauwerk Sanierungsma\u00dfnahmen durchgef\u00fchrt. Es ist daher zeitwei\u00dfe mit Einschr\u00e4nkungen auf der B27 zu rechnen.<br \/>\nDie Bauma\u00dfnahme wirkt sich auf den Buslinienverkehr aus. Weitere Informationen gibt es unter <a href=\"http:\/\/www.vvs.de\/verkehrsmeldungen\/fahrplanaenderungen\/\" target=\"_blank\" rel=\"noopener\">http:\/\/www.vvs.de\/verkehrsmeldungen\/fahrplanaenderungen\/<\/a> oder in der App \u201eVVS Mobil\u201c.<\/p>\n<p style=\"text-align: justify;\"><strong>Ohmden: Fahrbahnerneuerung bei der Ortsdurchfahrt mit Sperrung<br \/>\n<\/strong>In der Ortsdurchfahrt von Ohmden wird ab 20. April 2026 die Zeller Stra\u00dfe im Zuge der Kreisstra\u00dfe 1265 saniert. Der Sanierungsabschnitt beginnt an der Einm\u00fcndung B\u00f6hmlestra\u00dfe und endet am Kreisverkehr am Ortsausgang in Richtung Zell unter Aichelberg. Der Streckenabschnitt wird hierzu <strong>f\u00fcr circa vier Wochen<\/strong> f\u00fcr den Verkehr gesperrt. Eine \u00fcber\u00f6rtliche Umleitung wird w\u00e4hrend der gesamten Bauzeit \u00fcber die Kreisstra\u00dfe K1202 Holzmaden und Aichelberg eingerichtet. Die Anwohner werden \u00fcber den Mittlerer Weg umgeleitet. Der stra\u00dfenbegleitende Geh- und Radweg ist w\u00e4hrenddessen nur f\u00fcr Fu\u00dfg\u00e4nger frei.<br \/>\nDurch die Sperrung ist auch der \u00d6PNV betroffen. F\u00fcr den Busverkehr ist eine Ersatzhaltestelle und inner\u00f6rtlich Umleitung geplant. Weitere Informationen gibt es unter <a href=\"http:\/\/www.vvs.de\/verkehrsmeldungen\/fahrplanaenderungen\/\" target=\"_blank\" rel=\"noopener\">http:\/\/www.vvs.de\/verkehrsmeldungen\/fahrplanaenderungen\/<\/a> oder in der App \u201eVVSMobil\u201c.<\/p>\n<\/div>\n<\/div>\n<\/div>\n<hr \/>\n<p style=\"text-align: justify;\">\n","protected":false},"excerpt":{"rendered":"<p>LANDKREIS ESSLINGEN Allgemeine Informationen \u00fcber Stra\u00dfenbaustellen der Region k\u00f6nnen dem Baustelleninformationssystem (BIS) des Landes Baden-W\u00fcrttemberg unter https:\/\/verkehrsinfo-bw.de\u00a0entnommen werden. Esslingen: \u00dcbersicht der aktuellen Baustellen Bissingen\/Teck: Auf der Ochsenwanger Steige Asphaltarbeiten und Rutschungsbeseitigung Auf der Ochsenwanger Steige bei Bissingen an der Teck, der Kreisstra\u00dfe 1250, m\u00fcssen ab Montag, 11. Mai 2026 bis Samstag, 23. Mai 2026 an [&hellip;]<\/p>\n","protected":false},"author":4,"featured_media":0,"comment_status":"closed","ping_status":"open","sticky":false,"template":"","format":"standard","meta":{"inline_featured_image":false,"_exactmetrics_skip_tracking":false,"_exactmetrics_sitenote_active":false,"_exactmetrics_sitenote_note":"","_exactmetrics_sitenote_category":0,"footnotes":""},"categories":[2247],"tags":[1498,14857,14440,5,68,9,11862,15196],"class_list":{"0":"post-124422","1":"post","2":"type-post","3":"status-publish","4":"format-standard","6":"category-kreis-esslingen","7":"tag-baustellen","8":"tag-die-webzeitung","9":"tag-esslingen","10":"tag-internetzeitung","11":"tag-online-zeitung","12":"tag-schaumedia","13":"tag-strasensperrung","14":"tag-verkehrsbericht"},"image_feature":null,"author_name":"Redaktion","pure_taxonomies":{"categories":[{"term_id":2247,"name":"Kreis Esslingen","slug":"kreis-esslingen","term_group":0,"term_taxonomy_id":2260,"taxonomy":"category","description":"Informationen aus dem Landkreis Esslingen","parent":171,"count":214,"filter":"raw","image":""}],"tags":[{"term_id":1498,"name":"Baustellen","slug":"baustellen","term_group":0,"term_taxonomy_id":1507,"taxonomy":"post_tag","description":"","parent":0,"count":2,"filter":"raw","image":""},{"term_id":14857,"name":"Die-Webzeitung","slug":"die-webzeitung","term_group":0,"term_taxonomy_id":14876,"taxonomy":"post_tag","description":"","parent":0,"count":3625,"filter":"raw","image":""},{"term_id":14440,"name":"Esslingen","slug":"esslingen","term_group":0,"term_taxonomy_id":3885,"taxonomy":"post_tag","description":"","parent":0,"count":202,"filter":"raw","image":""},{"term_id":5,"name":"Internetzeitung","slug":"internetzeitung","term_group":0,"term_taxonomy_id":5,"taxonomy":"post_tag","description":"","parent":0,"count":1461,"filter":"raw","image":""},{"term_id":68,"name":"Online-Zeitung","slug":"online-zeitung","term_group":0,"term_taxonomy_id":69,"taxonomy":"post_tag","description":"","parent":0,"count":3595,"filter":"raw","image":""},{"term_id":9,"name":"SchauMedia","slug":"schaumedia","term_group":0,"term_taxonomy_id":9,"taxonomy":"post_tag","description":"","parent":0,"count":1607,"filter":"raw","image":""},{"term_id":11862,"name":"Stra\u00dfensperrung","slug":"strasensperrung","term_group":0,"term_taxonomy_id":11900,"taxonomy":"post_tag","description":"","parent":0,"count":1,"filter":"raw","image":""},{"term_id":15196,"name":"Verkehrsbericht","slug":"verkehrsbericht","term_group":0,"term_taxonomy_id":15215,"taxonomy":"post_tag","description":"","parent":0,"count":1,"filter":"raw","image":""}]},"_links":{"self":[{"href":"https:\/\/die-webzeitung.de\/stuttgart\/wp-json\/wp\/v2\/posts\/124422","targetHints":{"allow":["GET"]}}],"collection":[{"href":"https:\/\/die-webzeitung.de\/stuttgart\/wp-json\/wp\/v2\/posts"}],"about":[{"href":"https:\/\/die-webzeitung.de\/stuttgart\/wp-json\/wp\/v2\/types\/post"}],"author":[{"embeddable":true,"href":"https:\/\/die-webzeitung.de\/stuttgart\/wp-json\/wp\/v2\/users\/4"}],"replies":[{"embeddable":true,"href":"https:\/\/die-webzeitung.de\/stuttgart\/wp-json\/wp\/v2\/comments?post=124422"}],"version-history":[{"count":230,"href":"https:\/\/die-webzeitung.de\/stuttgart\/wp-json\/wp\/v2\/posts\/124422\/revisions"}],"predecessor-version":[{"id":160236,"href":"https:\/\/die-webzeitung.de\/stuttgart\/wp-json\/wp\/v2\/posts\/124422\/revisions\/160236"}],"wp:attachment":[{"href":"https:\/\/die-webzeitung.de\/stuttgart\/wp-json\/wp\/v2\/media?parent=124422"}],"wp:term":[{"taxonomy":"category","embeddable":true,"href":"https:\/\/die-webzeitung.de\/stuttgart\/wp-json\/wp\/v2\/categories?post=124422"},{"taxonomy":"post_tag","embeddable":true,"href":"https:\/\/die-webzeitung.de\/stuttgart\/wp-json\/wp\/v2\/tags?post=124422"}],"curies":[{"name":"wp","href":"https:\/\/api.w.org\/{rel}","templated":true}]}}