{"id":124411,"date":"2026-04-26T09:40:14","date_gmt":"2026-04-26T08:40:14","guid":{"rendered":"http:\/\/die-webzeitung.de\/stuttgart\/?p=124411"},"modified":"2026-04-26T10:54:53","modified_gmt":"2026-04-26T09:54:53","slug":"sanierung-der-kreisstrasse-k1000-zwischen-hildrizhausen-und-der-a81","status":"publish","type":"post","link":"https:\/\/die-webzeitung.de\/stuttgart\/2026\/04\/26\/sanierung-der-kreisstrasse-k1000-zwischen-hildrizhausen-und-der-a81\/","title":{"rendered":"Verkehrsbericht Stadt und Landkreis B\u00f6blingen"},"content":{"rendered":"<div>\n<h4><span style=\"text-decoration: underline;\"><span style=\"background-color: #ffff00;\"><strong>LANDKREIS B\u00d6BLINGEN<\/strong><\/span><\/span><\/h4>\n<hr \/>\n<p style=\"text-align: justify;\"><strong>Allgemeine Informationen \u00fcber Stra\u00dfenbaustellen der Region k\u00f6nnen dem Baustelleninformationssystem (BIS) des Landes Baden-W\u00fcrttemberg unter <a href=\"https:\/\/verkehrsinfo-bw.de\" target=\"_blank\" rel=\"noopener noreferrer\">https:\/\/verkehrsinfo-bw.de<\/a>\u00a0entnommen werden.<\/strong><\/p>\n<\/div>\n<div style=\"text-align: justify;\">\n<hr \/>\n<\/div>\n<div style=\"text-align: justify;\">\n<p><strong>B\u00f6blingen: Umgestaltung f\u00fcr Flugfeldklinikum &#8211;\u00a0Sperrung in der Calwer Stra\u00dfe bis Sommer 2027<br \/>\n<\/strong>Die Calwer Stra\u00dfe muss zwischen Johann-Sch\u00fctte-Stra\u00dfe und der Kreuzung mit Flugfeld-Allee und Heinkelstra\u00dfe <strong>von Samstag, 28. Februar 2026, bis voraussichtlich Sommer 2027<\/strong> voll gesperrt werden. Die Johann-Sch\u00fctte-Stra\u00dfe bleibt vorerst normal befahrbar. Es wird Bauphasen geben, in denen auch die Johann-Sch\u00fctte-Stra\u00dfe voll gesperrt werden muss. Hierzu wird rechtzeitig informiert.<br \/>\nGrund f\u00fcr die 1,5-j\u00e4hrige Sperrung ist die Umgestaltung der Calwer Stra\u00dfe f\u00fcr den Neubau des Flugfeldklinikums.<br \/>\n<strong>Umleitungen und Hinweise<br \/>\n<\/strong>Eine \u00f6rtliche Umleitung wird \u00fcber Heinkelstra\u00dfe \u2013 Hanns-Klemm-Stra\u00dfe und umgekehrt ausgeschildert. Zudem wird eine gro\u00dfr\u00e4umige Hinweisbeschilderung im Bereich der B\u00f6blinger Stra\u00dfe mit einer alternativen Route \u00fcber die Schickardstra\u00dfe in Richtung Innenstadt gestellt.<br \/>\nF\u00fcr Fu\u00dfg\u00e4nger und Radfahrer wird eine Umleitung \u00fcber Heinkelstra\u00dfe \u2013 Otto-Lilienthal-Stra\u00dfe und umgekehrt ausgeschildert.<br \/>\nDie betroffenen Ampel-Anlagen werden vorab an die neuen Anforderungen angepasst.\u00a0Zudem wird eine mobile Ampel-Anlage mit Busbevorrechtigung an der Kreuzung Hanns-Klemm-Stra\u00dfe \/ Heinkelstra\u00dfe aufgestellt, um die l\u00e4ngeren Wegzeiten der Buslinien auszugleichen.<br \/>\nDamit die Kreuzung Otto-Lilienthal-Stra\u00dfe \/ Heinkelstra\u00dfe ausreichend leistungsf\u00e4hig wird, muss von dort aus in der Otto-Lilienthal-Stra\u00dfe in Richtung Osten \/ Wolf-Hirth-Stra\u00dfe eine Einbahnstra\u00dfe eingerichtet werden. Die dadurch eingesparte Gr\u00fcnzeit wird f\u00fcr das Funktionieren der Umleitungsstrecke ben\u00f6tigt.<br \/>\n<strong>Stadt- und Regionalverkehr<br \/>\n<\/strong>Die Buslinien 705, 707, 723, 743, 744, 763, 766 und N75 k\u00f6nnen die Haltestellen Calwer Stra\u00dfe stadtausw\u00e4rts und Calwer Stra\u00dfe (Hulb) nicht bedienen und werden \u00fcber die Hulb umgeleitet. Als Ersatz dienen die Haltestellen Hanns-Klemm-Stra\u00dfe Ost und Heinkelstra\u00dfe.<\/p>\n<\/div>\n<div style=\"text-align: justify;\">\n<hr \/>\n<p>&nbsp;<\/p>\n<\/div>\n","protected":false},"excerpt":{"rendered":"<p>LANDKREIS B\u00d6BLINGEN Allgemeine Informationen \u00fcber Stra\u00dfenbaustellen der Region k\u00f6nnen dem Baustelleninformationssystem (BIS) des Landes Baden-W\u00fcrttemberg unter https:\/\/verkehrsinfo-bw.de\u00a0entnommen werden. B\u00f6blingen: Umgestaltung f\u00fcr Flugfeldklinikum &#8211;\u00a0Sperrung in der Calwer Stra\u00dfe bis Sommer 2027 Die Calwer Stra\u00dfe muss zwischen Johann-Sch\u00fctte-Stra\u00dfe und der Kreuzung mit Flugfeld-Allee und Heinkelstra\u00dfe von Samstag, 28. Februar 2026, bis voraussichtlich Sommer 2027 voll gesperrt werden. [&hellip;]<\/p>\n","protected":false},"author":4,"featured_media":0,"comment_status":"closed","ping_status":"open","sticky":false,"template":"","format":"standard","meta":{"inline_featured_image":false,"_exactmetrics_skip_tracking":false,"_exactmetrics_sitenote_active":false,"_exactmetrics_sitenote_note":"","_exactmetrics_sitenote_category":0,"footnotes":""},"categories":[2246],"tags":[3061,14857,5,15193,68,9],"class_list":{"0":"post-124411","1":"post","2":"type-post","3":"status-publish","4":"format-standard","6":"category-kreis-boeblingen","7":"tag-boblingen","8":"tag-die-webzeitung","9":"tag-internetzeitung","10":"tag-k1000","11":"tag-online-zeitung","12":"tag-schaumedia"},"image_feature":null,"author_name":"Redaktion","pure_taxonomies":{"categories":[{"term_id":2246,"name":"Kreis B\u00f6blingen","slug":"kreis-boeblingen","term_group":0,"term_taxonomy_id":2259,"taxonomy":"category","description":"","parent":171,"count":197,"filter":"raw","image":""}],"tags":[{"term_id":3061,"name":"B\u00f6blingen","slug":"boblingen","term_group":0,"term_taxonomy_id":3075,"taxonomy":"post_tag","description":"","parent":0,"count":259,"filter":"raw","image":""},{"term_id":14857,"name":"Die-Webzeitung","slug":"die-webzeitung","term_group":0,"term_taxonomy_id":14876,"taxonomy":"post_tag","description":"","parent":0,"count":3616,"filter":"raw","image":""},{"term_id":5,"name":"Internetzeitung","slug":"internetzeitung","term_group":0,"term_taxonomy_id":5,"taxonomy":"post_tag","description":"","parent":0,"count":1461,"filter":"raw","image":""},{"term_id":15193,"name":"K1000","slug":"k1000","term_group":0,"term_taxonomy_id":15212,"taxonomy":"post_tag","description":"","parent":0,"count":1,"filter":"raw","image":""},{"term_id":68,"name":"Online-Zeitung","slug":"online-zeitung","term_group":0,"term_taxonomy_id":69,"taxonomy":"post_tag","description":"","parent":0,"count":3586,"filter":"raw","image":""},{"term_id":9,"name":"SchauMedia","slug":"schaumedia","term_group":0,"term_taxonomy_id":9,"taxonomy":"post_tag","description":"","parent":0,"count":1607,"filter":"raw","image":""}]},"_links":{"self":[{"href":"https:\/\/die-webzeitung.de\/stuttgart\/wp-json\/wp\/v2\/posts\/124411","targetHints":{"allow":["GET"]}}],"collection":[{"href":"https:\/\/die-webzeitung.de\/stuttgart\/wp-json\/wp\/v2\/posts"}],"about":[{"href":"https:\/\/die-webzeitung.de\/stuttgart\/wp-json\/wp\/v2\/types\/post"}],"author":[{"embeddable":true,"href":"https:\/\/die-webzeitung.de\/stuttgart\/wp-json\/wp\/v2\/users\/4"}],"replies":[{"embeddable":true,"href":"https:\/\/die-webzeitung.de\/stuttgart\/wp-json\/wp\/v2\/comments?post=124411"}],"version-history":[{"count":552,"href":"https:\/\/die-webzeitung.de\/stuttgart\/wp-json\/wp\/v2\/posts\/124411\/revisions"}],"predecessor-version":[{"id":159815,"href":"https:\/\/die-webzeitung.de\/stuttgart\/wp-json\/wp\/v2\/posts\/124411\/revisions\/159815"}],"wp:attachment":[{"href":"https:\/\/die-webzeitung.de\/stuttgart\/wp-json\/wp\/v2\/media?parent=124411"}],"wp:term":[{"taxonomy":"category","embeddable":true,"href":"https:\/\/die-webzeitung.de\/stuttgart\/wp-json\/wp\/v2\/categories?post=124411"},{"taxonomy":"post_tag","embeddable":true,"href":"https:\/\/die-webzeitung.de\/stuttgart\/wp-json\/wp\/v2\/tags?post=124411"}],"curies":[{"name":"wp","href":"https:\/\/api.w.org\/{rel}","templated":true}]}}