{"id":121452,"date":"2026-04-26T09:43:18","date_gmt":"2026-04-26T08:43:18","guid":{"rendered":"http:\/\/www.webzeitung-s.de\/?p=7840"},"modified":"2026-04-26T10:55:16","modified_gmt":"2026-04-26T09:55:16","slug":"problemstoff-abfuhr-2-2","status":"publish","type":"post","link":"https:\/\/die-webzeitung.de\/stuttgart\/2026\/04\/26\/problemstoff-abfuhr-2-2\/","title":{"rendered":"Problemstoff-Abfuhr"},"content":{"rendered":"<p style=\"text-align: justify;\"><span style=\"color: #333333;\">Stuttgart.| Problemstoffe, die wegen ihrer Umweltbelastung nicht mit dem \u00fcblichen Restm\u00fcll entsorgt werden d\u00fcrfen, nimmt das Schadstoffmobil des Eigenbetriebs Abfallwirtschaft Stuttgart (AWS) in haushalts\u00fcblichen Mengen entgegen. Auskunft dazu erteilt der AWS-Kundenservice unter Telefon 2 16-41 53.<\/span><\/p>\n<h4 style=\"text-align: center;\"><a href=\"https:\/\/www.stuttgart.de\/service\/entsorgung\/annahmestellen\/schadstoffmobil.php\" target=\"_blank\" rel=\"noopener noreferrer\"><span style=\"color: #333333;\"><strong><span style=\"text-decoration: underline;\"><span style=\"background-color: #ff00ff; color: #ffffff;\">Fahrplan des Schadstoffmobils<\/span><\/span><\/strong><\/span><\/a><\/h4>\n<p style=\"text-align: justify;\"><span style=\"color: #333333;\"><strong><span style=\"text-decoration: underline;\">Das Umweltmobil nimmt mit:<\/span> <\/strong>fl\u00fcssige, nicht ausgeh\u00e4rtete Altfarben und Altlacke, L\u00f6sungsmittel und Verd\u00fcnnungen; eingetrocknete Farben und Lacke geh\u00f6ren in die Abfallbeh\u00e4lter, Spraydosen; leere Spraydosen, die mit dem \u201egr\u00fcnen Punkt\u201c gekennzeichnet sind, k\u00f6nnen \u00fcber den \u201egelben Sack\u201c entsorgt werden, Leuchtstoffr\u00f6hren, Haushaltsbatterien und Knopfzellen sowie quecksilberhaltiger Thermometerbruch, Chemikalien aller Art und Haushaltsreiniger, Pflanzenschutz-, Sch\u00e4dlingsbek\u00e4mpfungs- und Holzschutzmittel.<br \/>\nAltbatterien, jedoch keine Autobatterien, k\u00f6nnen auch im Einzelhandel oder \u00fcber die Batteriesammelbeh\u00e4lter vor den Bezirks\u00e4mtern (mit Ausnahme von Degerloch) sowie bei der Rathausgarage in der Eichstra\u00dfe (Stadtmitte) entsorgt werden.<br \/>\nProblemstoffe sollen in dicht verschlossenen und beschrifteten Beh\u00e4ltern mit einer maximalen Gr\u00f6\u00dfe von f\u00fcnf Litern zum\u00a0Schadstoffmobil gebracht werden. Die Aufschriften auf der Verpackung oder Etikettenhinweise sollten unbedingt mitgeliefert werden.<br \/>\nWeitere Ausk\u00fcnfte erteilt der AWS-Kundenservice 2 16-41 53.<\/span><\/p>\n<p style=\"text-align: justify;\"><span style=\"color: #333333;\"><strong><span style=\"text-decoration: underline;\">Annahmestelle<\/span><\/strong><br \/>\nProblemstoffe k\u00f6nnen in der Regel an jedem dritten Samstag im Monat von 8 bis 13 Uhr beim\u00a0Schadstoffmobil auf dem Wertstoffhof Burgholzstra\u00dfe 31\/1 in Stuttgart-M\u00fcnster abgegeben werden.<\/span><\/p>\n<hr \/>\n<p style=\"text-align: justify;\">\n","protected":false},"excerpt":{"rendered":"<p>Stuttgart.| Problemstoffe, die wegen ihrer Umweltbelastung nicht mit dem \u00fcblichen Restm\u00fcll entsorgt werden d\u00fcrfen, nimmt das Schadstoffmobil des Eigenbetriebs Abfallwirtschaft Stuttgart (AWS) in haushalts\u00fcblichen Mengen entgegen. Auskunft dazu erteilt der AWS-Kundenservice unter Telefon 2 16-41 53. Fahrplan des Schadstoffmobils Das Umweltmobil nimmt mit: fl\u00fcssige, nicht ausgeh\u00e4rtete Altfarben und Altlacke, L\u00f6sungsmittel und Verd\u00fcnnungen; eingetrocknete Farben und [&hellip;]<\/p>\n","protected":false},"author":4,"featured_media":0,"comment_status":"open","ping_status":"closed","sticky":false,"template":"","format":"standard","meta":{"inline_featured_image":false,"_exactmetrics_skip_tracking":false,"_exactmetrics_sitenote_active":false,"_exactmetrics_sitenote_note":"","_exactmetrics_sitenote_category":0,"footnotes":""},"categories":[2239],"tags":[2323,4,14440,5,14439,6755,275,11,1317],"class_list":{"0":"post-121452","1":"post","2":"type-post","3":"status-publish","4":"format-standard","6":"category-stuttgart-lokal","7":"tag-abfuhr","8":"tag-baden-wurttemberg","9":"tag-esslingen","10":"tag-internetzeitung","11":"tag-ostfildern","12":"tag-problemstoff","13":"tag-stuttgart","14":"tag-webzeitung","15":"tag-zeitung"},"image_feature":null,"author_name":"Redaktion","pure_taxonomies":{"categories":[{"term_id":2239,"name":"Stuttgart","slug":"stuttgart-lokal","term_group":0,"term_taxonomy_id":2252,"taxonomy":"category","description":"Berichte und Informationen aus Stuttgart","parent":1433,"count":941,"filter":"raw","image":""}],"tags":[{"term_id":2323,"name":"Abfuhr","slug":"abfuhr","term_group":0,"term_taxonomy_id":2336,"taxonomy":"post_tag","description":"","parent":0,"count":2,"filter":"raw","image":""},{"term_id":4,"name":"Baden-W\u00fcrttemberg","slug":"baden-wurttemberg","term_group":0,"term_taxonomy_id":4,"taxonomy":"post_tag","description":"","parent":0,"count":136,"filter":"raw","image":""},{"term_id":14440,"name":"Esslingen","slug":"esslingen","term_group":0,"term_taxonomy_id":3885,"taxonomy":"post_tag","description":"","parent":0,"count":201,"filter":"raw","image":""},{"term_id":5,"name":"Internetzeitung","slug":"internetzeitung","term_group":0,"term_taxonomy_id":5,"taxonomy":"post_tag","description":"","parent":0,"count":1461,"filter":"raw","image":""},{"term_id":14439,"name":"Ostfildern","slug":"ostfildern","term_group":0,"term_taxonomy_id":1797,"taxonomy":"post_tag","description":"","parent":0,"count":34,"filter":"raw","image":""},{"term_id":6755,"name":"Problemstoff","slug":"problemstoff","term_group":0,"term_taxonomy_id":6777,"taxonomy":"post_tag","description":"","parent":0,"count":1,"filter":"raw","image":""},{"term_id":275,"name":"Stuttgart","slug":"stuttgart","term_group":0,"term_taxonomy_id":281,"taxonomy":"post_tag","description":"","parent":0,"count":1193,"filter":"raw","image":""},{"term_id":11,"name":"Webzeitung","slug":"webzeitung","term_group":0,"term_taxonomy_id":11,"taxonomy":"post_tag","description":"","parent":0,"count":1,"filter":"raw","image":""},{"term_id":1317,"name":"Zeitung","slug":"zeitung","term_group":0,"term_taxonomy_id":1326,"taxonomy":"post_tag","description":"","parent":0,"count":1,"filter":"raw","image":""}]},"_links":{"self":[{"href":"https:\/\/die-webzeitung.de\/stuttgart\/wp-json\/wp\/v2\/posts\/121452","targetHints":{"allow":["GET"]}}],"collection":[{"href":"https:\/\/die-webzeitung.de\/stuttgart\/wp-json\/wp\/v2\/posts"}],"about":[{"href":"https:\/\/die-webzeitung.de\/stuttgart\/wp-json\/wp\/v2\/types\/post"}],"author":[{"embeddable":true,"href":"https:\/\/die-webzeitung.de\/stuttgart\/wp-json\/wp\/v2\/users\/4"}],"replies":[{"embeddable":true,"href":"https:\/\/die-webzeitung.de\/stuttgart\/wp-json\/wp\/v2\/comments?post=121452"}],"version-history":[{"count":75,"href":"https:\/\/die-webzeitung.de\/stuttgart\/wp-json\/wp\/v2\/posts\/121452\/revisions"}],"predecessor-version":[{"id":140177,"href":"https:\/\/die-webzeitung.de\/stuttgart\/wp-json\/wp\/v2\/posts\/121452\/revisions\/140177"}],"wp:attachment":[{"href":"https:\/\/die-webzeitung.de\/stuttgart\/wp-json\/wp\/v2\/media?parent=121452"}],"wp:term":[{"taxonomy":"category","embeddable":true,"href":"https:\/\/die-webzeitung.de\/stuttgart\/wp-json\/wp\/v2\/categories?post=121452"},{"taxonomy":"post_tag","embeddable":true,"href":"https:\/\/die-webzeitung.de\/stuttgart\/wp-json\/wp\/v2\/tags?post=121452"}],"curies":[{"name":"wp","href":"https:\/\/api.w.org\/{rel}","templated":true}]}}