{"id":182885,"date":"2026-09-06T09:58:26","date_gmt":"2026-09-06T08:58:26","guid":{"rendered":"https:\/\/die-webzeitung.de\/ludwigsburg\/?p=182885"},"modified":"2026-09-06T09:58:26","modified_gmt":"2026-09-06T08:58:26","slug":"jobbruecke-firmenbesuche-und-andere-aktionen","status":"publish","type":"post","link":"https:\/\/die-webzeitung.de\/ludwigsburg\/2026\/09\/06\/jobbruecke-firmenbesuche-und-andere-aktionen\/","title":{"rendered":"Jobbr\u00fccke: Firmenbesuche und andere Aktionen\u00a0"},"content":{"rendered":"<p style=\"text-align: justify;\">Ein interessantes Angebot innerhalb der Berufsorientierung der Sch\u00fclerinnen und Sch\u00fcler der Gemeinschaftsschule (GMS) bot die Jobbr\u00fccke mit der Aktion <b>\u201eLust auf Ausbildung\u201c <\/b>am Ende des vergangenen Schuljahres. Die Sch\u00fcler*innen, auch wenn sie nicht in Patenbetreuung sind, hatten die M\u00f6glichkeit an einem Nachmittag in einer Firma oder sozialen Einrichtung verschiedene Berufe zu erkunden. In Begleitung jeweils einer Lehrkraft und einem\/einer Jobbr\u00fcckler*in besuchten kleine Sch\u00fclergruppen Firmen in der n\u00e4heren Umgebung der OPS. Vor Ort konnte die Arbeitswelt beispielsweise einer Pflegefachkraft oder Erzieherin erkundet werden. Auch Lagerlogistik, B\u00fcrofachkraft, Elektroniker oder der sehr beliebte Beruf des KFZ- Mechatronikers wurden vorgestellt. Azubis oder Personalverantwortliche erkl\u00e4rten Schwerpunkte ihrer Aufgaben, Inhalte der Ausbildung oder auch M\u00f6glichkeiten zur Weiterbildung. Auch die jeweiligen Voraussetzungen wie Schulnoten und pers\u00f6nliche Eignung wurden angesprochen. So konnten die Sch\u00fcler*innen einen spannenden Nachmittag au\u00dferhalb des Schulalltags erleben und wichtige Erkenntnisse auf dem Weg zur Berufswahl gewinnen.<\/p>\n<p style=\"text-align: justify;\">Gro\u00dfer Dank geb\u00fchrt den teilnehmenden Firmen und Einrichtungen f\u00fcr ihre investierte Zeit. Es sind aus Freiberg das Kleeblattheim, der Kindergarten Murmel, Fa. Kemmler Elektronik, Fa. Metzger Elektrotechnik, sowie die Firma Berrang in Ingersheim und das Autohaus Gerlach in Pleidelsheim.<\/p>\n<p style=\"text-align: justify;\">Um als Jobbr\u00fccke auch weiterhin gut aufgestellt zu sein, sind weitere Aktivit\u00e4ten zur \u00d6ffentlichkeitsarbeit angedacht, von denen einzelne wie z.B. die Mitwirkung von Pat*innen und anderen Unterst\u00fctzer*innen beim Stadtradeln und beim Freiberger B\u00fcrgerfestlauf im gelben Jobbr\u00fccke-Laufshirt oder eine erste Mitglieder-Werbeaktion an einem Samstagvormittag auf dem Marktplatz durch den erweiterten Vorstand inzwischen bereits realisiert wurden.<\/p>\n<p style=\"text-align: justify;\">Bei der diesj\u00e4hrigen JHV standen turnusm\u00e4\u00dfig keine Neuwahlen an. Die 4 Vorst\u00e4nde und die Kassenpr\u00fcfer Frau Gro\u00dfe und Herr Johan\u00dfon wurden einstimmig entlastet.<\/p>\n<p style=\"text-align: justify;\">Derzeit betreuen die Patinnen und Paten die Sch\u00fclerinnen und Sch\u00fcler der Staffel 18. Ein reger Austausch erfolgt bei den Patenabenden, die in ca. 6-w\u00f6chigem Abstand stattfinden.<\/p>\n<p style=\"text-align: justify;\">Informationen \u00fcber die Aufgaben der Jobbr\u00fccke, die T\u00e4tigkeit als Patin oder Pate oder auch eine Mitgliedschaft gibt es auf der Homepage <a href=\"http:\/\/www.jobbruecke-freiberg.de\" target=\"_blank\" rel=\"noopener\">www.jobbruecke-freiberg.de<\/a> oder telefonisch unter 07141\/ 6499282 oder per E-Mail unter <a href=\"mailto:info@jobbruecke-freiberg.de\">info@jobbruecke-freiberg.de<\/a>.<\/p>\n<hr \/>\n<p style=\"text-align: justify;\">\n","protected":false},"excerpt":{"rendered":"<p>Ein interessantes Angebot innerhalb der Berufsorientierung der Sch\u00fclerinnen und Sch\u00fcler der Gemeinschaftsschule (GMS) bot die Jobbr\u00fccke mit der Aktion \u201eLust auf Ausbildung\u201c am Ende des vergangenen Schuljahres. Die Sch\u00fcler*innen, auch wenn sie nicht in Patenbetreuung sind, hatten die M\u00f6glichkeit an einem Nachmittag in einer Firma oder sozialen Einrichtung verschiedene Berufe zu erkunden. In Begleitung jeweils [&hellip;]<\/p>\n","protected":false},"author":4,"featured_media":182886,"comment_status":"closed","ping_status":"open","sticky":false,"template":"","format":"standard","meta":{"inline_featured_image":false,"_exactmetrics_skip_tracking":false,"tdm_status":"","tdm_grid_status":"","footnotes":""},"categories":[65],"tags":[8875,80,3231,68],"class_list":{"0":"post-182885","1":"post","2":"type-post","3":"status-publish","4":"format-standard","5":"has-post-thumbnail","7":"category-kreis_ludwigsburg","8":"tag-die-webzeitung","9":"tag-freiberger-seite","10":"tag-jobbrucke","11":"tag-online-zeitung"},"image_feature":"https:\/\/die-webzeitung.de\/ludwigsburg\/wp-content\/uploads\/sites\/5\/2026\/09\/jobbruecke-scaled.jpg","author_name":"Redaktion","pure_taxonomies":{"categories":[{"term_id":65,"name":"Kreis Ludwigsburg","slug":"kreis_ludwigsburg","term_group":0,"term_taxonomy_id":66,"taxonomy":"category","description":"","parent":171,"count":662,"filter":"raw","image":""}],"tags":[{"term_id":8875,"name":"Die-Webzeitung","slug":"die-webzeitung","term_group":0,"term_taxonomy_id":8876,"taxonomy":"post_tag","description":"","parent":0,"count":3173,"filter":"raw","image":""},{"term_id":80,"name":"Freiberg","slug":"freiberger-seite","term_group":0,"term_taxonomy_id":95,"taxonomy":"post_tag","description":"","parent":0,"count":43,"filter":"raw","image":""},{"term_id":3231,"name":"Jobbr\u00fccke","slug":"jobbrucke","term_group":0,"term_taxonomy_id":3244,"taxonomy":"post_tag","description":"","parent":0,"count":7,"filter":"raw","image":""},{"term_id":68,"name":"Online-Zeitung","slug":"online-zeitung","term_group":0,"term_taxonomy_id":69,"taxonomy":"post_tag","description":"","parent":0,"count":3140,"filter":"raw","image":""}]},"_links":{"self":[{"href":"https:\/\/die-webzeitung.de\/ludwigsburg\/wp-json\/wp\/v2\/posts\/182885","targetHints":{"allow":["GET"]}}],"collection":[{"href":"https:\/\/die-webzeitung.de\/ludwigsburg\/wp-json\/wp\/v2\/posts"}],"about":[{"href":"https:\/\/die-webzeitung.de\/ludwigsburg\/wp-json\/wp\/v2\/types\/post"}],"author":[{"embeddable":true,"href":"https:\/\/die-webzeitung.de\/ludwigsburg\/wp-json\/wp\/v2\/users\/4"}],"replies":[{"embeddable":true,"href":"https:\/\/die-webzeitung.de\/ludwigsburg\/wp-json\/wp\/v2\/comments?post=182885"}],"version-history":[{"count":1,"href":"https:\/\/die-webzeitung.de\/ludwigsburg\/wp-json\/wp\/v2\/posts\/182885\/revisions"}],"predecessor-version":[{"id":182887,"href":"https:\/\/die-webzeitung.de\/ludwigsburg\/wp-json\/wp\/v2\/posts\/182885\/revisions\/182887"}],"wp:featuredmedia":[{"embeddable":true,"href":"https:\/\/die-webzeitung.de\/ludwigsburg\/wp-json\/wp\/v2\/media\/182886"}],"wp:attachment":[{"href":"https:\/\/die-webzeitung.de\/ludwigsburg\/wp-json\/wp\/v2\/media?parent=182885"}],"wp:term":[{"taxonomy":"category","embeddable":true,"href":"https:\/\/die-webzeitung.de\/ludwigsburg\/wp-json\/wp\/v2\/categories?post=182885"},{"taxonomy":"post_tag","embeddable":true,"href":"https:\/\/die-webzeitung.de\/ludwigsburg\/wp-json\/wp\/v2\/tags?post=182885"}],"curies":[{"name":"wp","href":"https:\/\/api.w.org\/{rel}","templated":true}]}}