{"id":182654,"date":"2026-09-03T16:39:53","date_gmt":"2026-09-03T15:39:53","guid":{"rendered":"https:\/\/die-webzeitung.de\/ludwigsburg\/?p=182654"},"modified":"2026-09-03T16:39:53","modified_gmt":"2026-09-03T15:39:53","slug":"tvb-stuttgart-empfaengt-hc-erlangen-in-der-scharrena","status":"publish","type":"post","link":"https:\/\/die-webzeitung.de\/ludwigsburg\/2026\/09\/03\/tvb-stuttgart-empfaengt-hc-erlangen-in-der-scharrena\/","title":{"rendered":"TVB Stuttgart empf\u00e4ngt HC Erlangen in der SCHARRena"},"content":{"rendered":"<h4><strong>2. Runde DHB-Pokal<\/strong><\/h4>\n<p style=\"text-align: justify;\">Der TVB Stuttgart wird die zweite Runde des diesj\u00e4hrigen DHB-Pokals gegen den HC Erlangen in der SCHARRena austragen. Die Partie findet am Donnerstag, den 24. September 2026, um 19:00 Uhr statt. Tickets f\u00fcr das Spiel befinden sich ab Freitag, den 04. September 2026, um 12:00 Uhrim freien Verkauf.<\/p>\n<p style=\"text-align: justify;\">Nachdem die WILD BOYS in der vergangenen Saison 2025\/26 im Achtelfinale des DHB-Pokals der SG Flensburg-Handewitt mit 29:36 in der SCHARRena unterlagen, nehmen die Stuttgarter in diesem Jahr einen neuen Anlauf an der alten Wirkungsst\u00e4tte. In der zweiten Runde treffen die Schwaben nun auf den Ligakonkurrenten HC Erlangen.<\/p>\n<p style=\"text-align: justify;\">Die SCHARRena war ab der Saison 2012\/13 bis zur Saison 2019\/20 die prim\u00e4re Heimspielst\u00e4tte der Stuttgarter, ehe die Heimspiele der WILD BOYS vollumf\u00e4nglich in die Porsche-Arena verlegt wurden. Mit einer stimmungsvollen Kulisse im R\u00fccken soll nun der Einzug in die n\u00e4chste Pokalrunde gelingen.<\/p>\n<p style=\"text-align: justify;\">\u201eDie R\u00fcckkehr in die SCHARRena sehen wir als tolle Chance an, in unserer alten Wirkungsst\u00e4tte einen echten Pokalfight zu bieten. Wir leben den Traum vom Einzug ins Lidl Final4 2027 und wollen in dieser Saison im Pokal so weit wie m\u00f6glich kommen. Um diesen Traum Schritt f\u00fcr Schritt zu verwirklichen, brauchen wir jede Unterst\u00fctzung von den R\u00e4ngen. Solche Pokalabende haben ihren ganz eigenen Reiz und\u00a0wir m\u00f6chten gemeinsam mit unseren Fans im R\u00fccken alles in die Waagschale werfen.\u201c, so TVB-Gesch\u00e4ftsf\u00fchrer J\u00fcrgen Schweikardt.<\/p>\n<p style=\"text-align: justify;\">Tickets f\u00fcr die Partie sind ab dem Freitag, den 04. September um 12:00 Uhr im freien Verkauf erh\u00e4ltlich unter: <a href=\"http:\/\/tickets.tvbstuttgart.de\" target=\"_blank\" rel=\"noopener\">tickets.tvbstuttgart.de<\/a><\/p>\n<hr \/>\n<p style=\"text-align: justify;\">\n","protected":false},"excerpt":{"rendered":"<p>2. Runde DHB-Pokal Der TVB Stuttgart wird die zweite Runde des diesj\u00e4hrigen DHB-Pokals gegen den HC Erlangen in der SCHARRena austragen. Die Partie findet am Donnerstag, den 24. September 2026, um 19:00 Uhr statt. Tickets f\u00fcr das Spiel befinden sich ab Freitag, den 04. September 2026, um 12:00 Uhrim freien Verkauf. Nachdem die WILD BOYS [&hellip;]<\/p>\n","protected":false},"author":4,"featured_media":0,"comment_status":"closed","ping_status":"open","sticky":false,"template":"","format":"standard","meta":{"inline_featured_image":false,"_exactmetrics_skip_tracking":false,"tdm_status":"","tdm_grid_status":"","footnotes":""},"categories":[110],"tags":[131,10822,8875,133,68,8132],"class_list":{"0":"post-182654","1":"post","2":"type-post","3":"status-publish","4":"format-standard","6":"category-sport","7":"tag-bundesliga","8":"tag-dhb-pokal","9":"tag-die-webzeitung","10":"tag-handball","11":"tag-online-zeitung","12":"tag-tvb"},"image_feature":null,"author_name":"Redaktion","pure_taxonomies":{"categories":[{"term_id":110,"name":"Sport","slug":"sport","term_group":0,"term_taxonomy_id":112,"taxonomy":"category","description":"Sportberichte","parent":0,"count":1171,"filter":"raw","image":""}],"tags":[{"term_id":131,"name":"Bundesliga","slug":"bundesliga","term_group":0,"term_taxonomy_id":133,"taxonomy":"post_tag","description":"","parent":0,"count":747,"filter":"raw","image":""},{"term_id":10822,"name":"DHB-Pokal","slug":"dhb-pokal","term_group":0,"term_taxonomy_id":10823,"taxonomy":"post_tag","description":"","parent":0,"count":12,"filter":"raw","image":""},{"term_id":8875,"name":"Die-Webzeitung","slug":"die-webzeitung","term_group":0,"term_taxonomy_id":8876,"taxonomy":"post_tag","description":"","parent":0,"count":4225,"filter":"raw","image":""},{"term_id":133,"name":"Handball","slug":"handball","term_group":0,"term_taxonomy_id":135,"taxonomy":"post_tag","description":"","parent":0,"count":425,"filter":"raw","image":""},{"term_id":68,"name":"Online-Zeitung","slug":"online-zeitung","term_group":0,"term_taxonomy_id":69,"taxonomy":"post_tag","description":"","parent":0,"count":4176,"filter":"raw","image":""},{"term_id":8132,"name":"TVB","slug":"tvb","term_group":0,"term_taxonomy_id":8149,"taxonomy":"post_tag","description":"","parent":0,"count":80,"filter":"raw","image":""}]},"_links":{"self":[{"href":"https:\/\/die-webzeitung.de\/ludwigsburg\/wp-json\/wp\/v2\/posts\/182654","targetHints":{"allow":["GET"]}}],"collection":[{"href":"https:\/\/die-webzeitung.de\/ludwigsburg\/wp-json\/wp\/v2\/posts"}],"about":[{"href":"https:\/\/die-webzeitung.de\/ludwigsburg\/wp-json\/wp\/v2\/types\/post"}],"author":[{"embeddable":true,"href":"https:\/\/die-webzeitung.de\/ludwigsburg\/wp-json\/wp\/v2\/users\/4"}],"replies":[{"embeddable":true,"href":"https:\/\/die-webzeitung.de\/ludwigsburg\/wp-json\/wp\/v2\/comments?post=182654"}],"version-history":[{"count":1,"href":"https:\/\/die-webzeitung.de\/ludwigsburg\/wp-json\/wp\/v2\/posts\/182654\/revisions"}],"predecessor-version":[{"id":182655,"href":"https:\/\/die-webzeitung.de\/ludwigsburg\/wp-json\/wp\/v2\/posts\/182654\/revisions\/182655"}],"wp:attachment":[{"href":"https:\/\/die-webzeitung.de\/ludwigsburg\/wp-json\/wp\/v2\/media?parent=182654"}],"wp:term":[{"taxonomy":"category","embeddable":true,"href":"https:\/\/die-webzeitung.de\/ludwigsburg\/wp-json\/wp\/v2\/categories?post=182654"},{"taxonomy":"post_tag","embeddable":true,"href":"https:\/\/die-webzeitung.de\/ludwigsburg\/wp-json\/wp\/v2\/tags?post=182654"}],"curies":[{"name":"wp","href":"https:\/\/api.w.org\/{rel}","templated":true}]}}