{"id":182651,"date":"2026-09-03T16:32:21","date_gmt":"2026-09-03T15:32:21","guid":{"rendered":"https:\/\/die-webzeitung.de\/ludwigsburg\/?p=182651"},"modified":"2026-09-03T16:32:21","modified_gmt":"2026-09-03T15:32:21","slug":"akkus-gehoeren-nicht-in-den-hausmuell","status":"publish","type":"post","link":"https:\/\/die-webzeitung.de\/ludwigsburg\/2026\/09\/03\/akkus-gehoeren-nicht-in-den-hausmuell\/","title":{"rendered":"Akkus geh\u00f6ren nicht in den Hausm\u00fcll"},"content":{"rendered":"<h4 style=\"text-align: justify;\"><strong>Brand im M\u00fcllbunker des Kraftwerks Stuttgart-M\u00fcnster gel\u00f6scht<\/strong><\/h4>\n<ul>\n<li style=\"text-align: justify;\"><strong>Brandursache vermutlich unsachgem\u00e4\u00df entsorgter Akku<\/strong><\/li>\n<li style=\"text-align: justify;\"><strong>Keine Gefahr f\u00fcr Bev\u00f6lkerung, Umwelt oder Anlage<\/strong><\/li>\n<\/ul>\n<p style=\"text-align: justify;\">Stuttgart.| Akkus geh\u00f6ren aus Sicherheitsgr\u00fcnden nicht in den Hausm\u00fcll. Wie wichtig die richtige Entsorgung ist, zeigte sich am 2. September 2026 im M\u00fcllbunker des Kraftwerks Stuttgart-M\u00fcnster: Dort kam es zu einem lokal begrenzten Brand mit Rauchentwicklung. Die Feuerwehr wurde vorsorglich hinzugezogen und l\u00f6schte den Brand. Zu keiner Zeit bestand eine Gefahr f\u00fcr die Bev\u00f6lkerung, die Umwelt oder die Anlage. Der Kraftwerksbetrieb l\u00e4uft inzwischen wieder vollumf\u00e4nglich normal.<\/p>\n<p style=\"text-align: justify;\">Nach aktuellem Stand wird vermutet, dass ein unsachgem\u00e4\u00df entsorgter Akku den Brand ausgel\u00f6st hat. Die Brandursache wird untersucht. Die EnBW erinnert daher daran, Batterien und Akkus ausschlie\u00dflich \u00fcber die vorgesehenen Sammelsysteme zu entsorgen.<\/p>\n<p style=\"text-align: justify;\">\u201eAkkus geh\u00f6ren nicht in den Hausm\u00fcll. Sie sollten bei kommunalen Sammelstellen, auf Wertstoffh\u00f6fen oder im Handel abgegeben werden\u201c, sagt Manuel Waehnert, stellvertretender Betriebsleiter im Kraftwerk Stuttgart-M\u00fcnster. \u201eNur so lassen sich gef\u00e4hrliche Situationen in Entsorgungsanlagen vermeiden.\u201c<\/p>\n<p style=\"text-align: justify;\">Das M\u00fcllkraftwerk Stuttgart-M\u00fcnster ist Teil der Erzeugungsinfrastruktur der EnBW in der Region Stuttgart. Der Schwerpunkt der Anlage liegt auf der thermischen Verwertung von Abf\u00e4llen, also der M\u00fcllverbrennung. Zur optimalen Brennstoffausnutzung werden dabei gleichzeitig Fernw\u00e4rme und Strom nach dem Prinzip der Kraft-W\u00e4rme-Kopplung (KWK) erzeugt.<\/p>\n<hr \/>\n<p style=\"text-align: justify;\">\n","protected":false},"excerpt":{"rendered":"<p>Brand im M\u00fcllbunker des Kraftwerks Stuttgart-M\u00fcnster gel\u00f6scht Brandursache vermutlich unsachgem\u00e4\u00df entsorgter Akku Keine Gefahr f\u00fcr Bev\u00f6lkerung, Umwelt oder Anlage Stuttgart.| Akkus geh\u00f6ren aus Sicherheitsgr\u00fcnden nicht in den Hausm\u00fcll. Wie wichtig die richtige Entsorgung ist, zeigte sich am 2. September 2026 im M\u00fcllbunker des Kraftwerks Stuttgart-M\u00fcnster: Dort kam es zu einem lokal begrenzten Brand mit Rauchentwicklung. [&hellip;]<\/p>\n","protected":false},"author":4,"featured_media":182652,"comment_status":"closed","ping_status":"open","sticky":false,"template":"","format":"standard","meta":{"inline_featured_image":false,"_exactmetrics_skip_tracking":false,"tdm_status":"","tdm_grid_status":"","footnotes":""},"categories":[59,8],"tags":[11998,2644,1225,8875,68],"class_list":{"0":"post-182651","1":"post","2":"type-post","3":"status-publish","4":"format-standard","5":"has-post-thumbnail","7":"category-aktuell","8":"category-ratgeber-leben","9":"tag-akku","10":"tag-batterie","11":"tag-brand","12":"tag-die-webzeitung","13":"tag-online-zeitung"},"image_feature":"https:\/\/die-webzeitung.de\/ludwigsburg\/wp-content\/uploads\/sites\/5\/2026\/09\/batt-scaled.jpg","author_name":"Redaktion","pure_taxonomies":{"categories":[{"term_id":59,"name":"Aktuell","slug":"aktuell","term_group":0,"term_taxonomy_id":60,"taxonomy":"category","description":"","parent":0,"count":1221,"filter":"raw","image":""},{"term_id":8,"name":"Ratgeber","slug":"ratgeber-leben","term_group":0,"term_taxonomy_id":8,"taxonomy":"category","description":"","parent":482,"count":396,"filter":"raw","image":""}],"tags":[{"term_id":11998,"name":"Akku","slug":"akku","term_group":0,"term_taxonomy_id":11999,"taxonomy":"post_tag","description":"","parent":0,"count":2,"filter":"raw","image":""},{"term_id":2644,"name":"Batterie","slug":"batterie","term_group":0,"term_taxonomy_id":2657,"taxonomy":"post_tag","description":"","parent":0,"count":4,"filter":"raw","image":""},{"term_id":1225,"name":"Brand","slug":"brand","term_group":0,"term_taxonomy_id":1234,"taxonomy":"post_tag","description":"","parent":0,"count":17,"filter":"raw","image":""},{"term_id":8875,"name":"Die-Webzeitung","slug":"die-webzeitung","term_group":0,"term_taxonomy_id":8876,"taxonomy":"post_tag","description":"","parent":0,"count":4225,"filter":"raw","image":""},{"term_id":68,"name":"Online-Zeitung","slug":"online-zeitung","term_group":0,"term_taxonomy_id":69,"taxonomy":"post_tag","description":"","parent":0,"count":4176,"filter":"raw","image":""}]},"_links":{"self":[{"href":"https:\/\/die-webzeitung.de\/ludwigsburg\/wp-json\/wp\/v2\/posts\/182651","targetHints":{"allow":["GET"]}}],"collection":[{"href":"https:\/\/die-webzeitung.de\/ludwigsburg\/wp-json\/wp\/v2\/posts"}],"about":[{"href":"https:\/\/die-webzeitung.de\/ludwigsburg\/wp-json\/wp\/v2\/types\/post"}],"author":[{"embeddable":true,"href":"https:\/\/die-webzeitung.de\/ludwigsburg\/wp-json\/wp\/v2\/users\/4"}],"replies":[{"embeddable":true,"href":"https:\/\/die-webzeitung.de\/ludwigsburg\/wp-json\/wp\/v2\/comments?post=182651"}],"version-history":[{"count":1,"href":"https:\/\/die-webzeitung.de\/ludwigsburg\/wp-json\/wp\/v2\/posts\/182651\/revisions"}],"predecessor-version":[{"id":182653,"href":"https:\/\/die-webzeitung.de\/ludwigsburg\/wp-json\/wp\/v2\/posts\/182651\/revisions\/182653"}],"wp:featuredmedia":[{"embeddable":true,"href":"https:\/\/die-webzeitung.de\/ludwigsburg\/wp-json\/wp\/v2\/media\/182652"}],"wp:attachment":[{"href":"https:\/\/die-webzeitung.de\/ludwigsburg\/wp-json\/wp\/v2\/media?parent=182651"}],"wp:term":[{"taxonomy":"category","embeddable":true,"href":"https:\/\/die-webzeitung.de\/ludwigsburg\/wp-json\/wp\/v2\/categories?post=182651"},{"taxonomy":"post_tag","embeddable":true,"href":"https:\/\/die-webzeitung.de\/ludwigsburg\/wp-json\/wp\/v2\/tags?post=182651"}],"curies":[{"name":"wp","href":"https:\/\/api.w.org\/{rel}","templated":true}]}}