{"id":182643,"date":"2026-09-03T10:37:12","date_gmt":"2026-09-03T09:37:12","guid":{"rendered":"https:\/\/die-webzeitung.de\/ludwigsburg\/?p=182643"},"modified":"2026-09-03T10:37:12","modified_gmt":"2026-09-03T09:37:12","slug":"brand-auf-wertstoffhof-in-ludwigsburg-neckarweihingen","status":"publish","type":"post","link":"https:\/\/die-webzeitung.de\/ludwigsburg\/2026\/09\/03\/brand-auf-wertstoffhof-in-ludwigsburg-neckarweihingen\/","title":{"rendered":"Brand auf Wertstoffhof in Ludwigsburg-Neckarweihingen"},"content":{"rendered":"<p style=\"text-align: justify;\">Ludwigsburg-Neckarweihingen.| In der Nacht zum Donnerstag, 3. September 2026, wurde der Integrierten Leitstelle des Landkreises Ludwigsburg gegen 2:00 Uhr ein gr\u00f6\u00dferer Feuerschein beim Wertstoffhof auf dem Nachbargel\u00e4nde der Recyclingfirma Stachelski im Ludwigsburger Stadtteil Neckarweihingen gemeldet.<\/p>\n<p style=\"text-align: justify;\">Umgehend wurden Einsatzkr\u00e4fte der Feuerwehr Ludwigsburg zur Einsatzstelle entsandt. Vor Ort best\u00e4tigte sich die Meldung. Es brannten Baustellenabf\u00e4lle in einer etwa 20 \u00d7 30 Meter gro\u00dfen Box, die sich beim Eintreffen der Feuerwehr in voller Ausdehnung befand. Die offenen Flammen waren weithin sichtbar und erreichten eine H\u00f6he von etwa sieben Metern.<\/p>\n<p style=\"text-align: justify;\">Aufgrund der Gr\u00f6\u00dfe des Brandes wurden weitere Einsatzmittel, darunter ein Tankl\u00f6schfahrzeug zur zus\u00e4tzlichen Sicherstellung der L\u00f6schwasserversorgung, an die Einsatzstelle beordert.<\/p>\n<p style=\"text-align: justify;\">Da sich die Einsatzstelle auf dem umz\u00e4unten Gel\u00e4nde des Wertstoffhofs befand, musste zun\u00e4chst ein geeigneter Zugang geschaffen werden. Anschlie\u00dfend konnten die Feuerwehrfahrzeuge entsprechend positioniert und ein umfassender L\u00f6schangriff eingeleitet werden. Dabei kamen mehrere bodengebundene L\u00f6schrohre sowie ein L\u00f6schrohr \u00fcber die Drehleiter zum Einsatz.<\/p>\n<p style=\"text-align: justify;\">Parallel dazu wurde eine L\u00f6schwasserversorgung aus dem nahegelegenen Neckar aufgebaut. Aufgrund der \u00f6rtlichen N\u00e4he bot sich diese M\u00f6glichkeit zur Sicherstellung einer ausreichenden Wasserversorgung an.<\/p>\n<p style=\"text-align: justify;\">Im weiteren Einsatzverlauf wurde ein Teleskoplader der Feuerwehr Ludwigsburg an die Einsatzstelle nachgef\u00fchrt. Mit diesem konnte das Brandgut auseinandergezogen und gezielt abgel\u00f6scht werden. Zus\u00e4tzlich stellte der Betreiber des Wertstoffhofs einen Bagger zur Verf\u00fcgung, der die Feuerwehr bei diesen Arbeiten unterst\u00fctzte.<\/p>\n<p style=\"text-align: justify;\">Insgesamt waren drei bodengebundene L\u00f6schrohre, ein L\u00f6schrohr \u00fcber die Drehleiter sowie ein Wasserwerfer im Einsatz. Zur Sicherstellung der Versorgung der eingesetzten Atemschutzger\u00e4tetr\u00e4ger wurde au\u00dferdem der Abrollbeh\u00e4lter Atemschutz an die Einsatzstelle gebracht.<\/p>\n<p style=\"text-align: justify;\">Nach rund einer Stunde hatte die Feuerwehr den Brand soweit unter Kontrolle, dass eine weitere Ausbreitung verhindert werden konnte. Die umfangreichen Nachl\u00f6scharbeiten dauerten jedoch noch mehrere Stunden an.<\/p>\n<p style=\"text-align: justify;\">Aufgrund der bei den L\u00f6scharbeiten entstehenden Geruchsbel\u00e4stigung entschied sich der F\u00fchrungsdienst der Feuerwehr Ludwigsburg gegen 4:00 Uhr, eine Warnung \u00fcber die entsprechenden Warn-Apps herauszugeben. F\u00fcr die Bev\u00f6lkerung im Stadtgebiet Ludwigsburg bestand zu keinem Zeitpunkt eine Gefahr.<\/p>\n<p style=\"text-align: justify;\">Gegen 6:00 Uhr konnte der Brand vollst\u00e4ndig gel\u00f6scht werden. Anschlie\u00dfend folgten noch abschlie\u00dfende Kontroll- und Nachl\u00f6scharbeiten.<\/p>\n<p style=\"text-align: justify;\">Die Feuerwehr Ludwigsburg war mit elf Fahrzeugen und 45 Einsatzkr\u00e4ften rund viereinhalb Stunden im Einsatz. Ebenfalls vor Ort waren Kr\u00e4fte des Polizeireviers Ludwigsburg sowie des Rettungsdienstes.<\/p>\n<p style=\"text-align: justify;\">Die Polizei hat die Ermittlungen zur Brandursache aufgenommen. Der Wertstoffhof hat heute einen regul\u00e4ren Schlie\u00dftag und \u00f6ffnet morgen wieder zu den gewohnten Zeiten.<\/p>\n<p style=\"text-align: justify;\">Verletzt wurde niemand.<\/p>\n<hr \/>\n<p style=\"text-align: justify;\">\n","protected":false},"excerpt":{"rendered":"<p>Ludwigsburg-Neckarweihingen.| In der Nacht zum Donnerstag, 3. September 2026, wurde der Integrierten Leitstelle des Landkreises Ludwigsburg gegen 2:00 Uhr ein gr\u00f6\u00dferer Feuerschein beim Wertstoffhof auf dem Nachbargel\u00e4nde der Recyclingfirma Stachelski im Ludwigsburger Stadtteil Neckarweihingen gemeldet. Umgehend wurden Einsatzkr\u00e4fte der Feuerwehr Ludwigsburg zur Einsatzstelle entsandt. Vor Ort best\u00e4tigte sich die Meldung. Es brannten Baustellenabf\u00e4lle in einer [&hellip;]<\/p>\n","protected":false},"author":4,"featured_media":182644,"comment_status":"closed","ping_status":"open","sticky":false,"template":"","format":"standard","meta":{"inline_featured_image":false,"_exactmetrics_skip_tracking":false,"tdm_status":"","tdm_grid_status":"","footnotes":""},"categories":[59],"tags":[1225,8875,6,671,68],"class_list":{"0":"post-182643","1":"post","2":"type-post","3":"status-publish","4":"format-standard","5":"has-post-thumbnail","7":"category-aktuell","8":"tag-brand","9":"tag-die-webzeitung","10":"tag-ludwigsburg","11":"tag-neckarweihingen","12":"tag-online-zeitung"},"image_feature":"https:\/\/die-webzeitung.de\/ludwigsburg\/wp-content\/uploads\/sites\/5\/2026\/09\/feuerwehr-scaled.jpg","author_name":"Redaktion","pure_taxonomies":{"categories":[{"term_id":59,"name":"Aktuell","slug":"aktuell","term_group":0,"term_taxonomy_id":60,"taxonomy":"category","description":"","parent":0,"count":1220,"filter":"raw","image":""}],"tags":[{"term_id":1225,"name":"Brand","slug":"brand","term_group":0,"term_taxonomy_id":1234,"taxonomy":"post_tag","description":"","parent":0,"count":16,"filter":"raw","image":""},{"term_id":8875,"name":"Die-Webzeitung","slug":"die-webzeitung","term_group":0,"term_taxonomy_id":8876,"taxonomy":"post_tag","description":"","parent":0,"count":4223,"filter":"raw","image":""},{"term_id":6,"name":"Ludwigsburg","slug":"ludwigsburg","term_group":0,"term_taxonomy_id":6,"taxonomy":"post_tag","description":"","parent":0,"count":1325,"filter":"raw","image":""},{"term_id":671,"name":"Neckarweihingen","slug":"neckarweihingen","term_group":0,"term_taxonomy_id":679,"taxonomy":"post_tag","description":"","parent":0,"count":14,"filter":"raw","image":""},{"term_id":68,"name":"Online-Zeitung","slug":"online-zeitung","term_group":0,"term_taxonomy_id":69,"taxonomy":"post_tag","description":"","parent":0,"count":4174,"filter":"raw","image":""}]},"_links":{"self":[{"href":"https:\/\/die-webzeitung.de\/ludwigsburg\/wp-json\/wp\/v2\/posts\/182643","targetHints":{"allow":["GET"]}}],"collection":[{"href":"https:\/\/die-webzeitung.de\/ludwigsburg\/wp-json\/wp\/v2\/posts"}],"about":[{"href":"https:\/\/die-webzeitung.de\/ludwigsburg\/wp-json\/wp\/v2\/types\/post"}],"author":[{"embeddable":true,"href":"https:\/\/die-webzeitung.de\/ludwigsburg\/wp-json\/wp\/v2\/users\/4"}],"replies":[{"embeddable":true,"href":"https:\/\/die-webzeitung.de\/ludwigsburg\/wp-json\/wp\/v2\/comments?post=182643"}],"version-history":[{"count":1,"href":"https:\/\/die-webzeitung.de\/ludwigsburg\/wp-json\/wp\/v2\/posts\/182643\/revisions"}],"predecessor-version":[{"id":182645,"href":"https:\/\/die-webzeitung.de\/ludwigsburg\/wp-json\/wp\/v2\/posts\/182643\/revisions\/182645"}],"wp:featuredmedia":[{"embeddable":true,"href":"https:\/\/die-webzeitung.de\/ludwigsburg\/wp-json\/wp\/v2\/media\/182644"}],"wp:attachment":[{"href":"https:\/\/die-webzeitung.de\/ludwigsburg\/wp-json\/wp\/v2\/media?parent=182643"}],"wp:term":[{"taxonomy":"category","embeddable":true,"href":"https:\/\/die-webzeitung.de\/ludwigsburg\/wp-json\/wp\/v2\/categories?post=182643"},{"taxonomy":"post_tag","embeddable":true,"href":"https:\/\/die-webzeitung.de\/ludwigsburg\/wp-json\/wp\/v2\/tags?post=182643"}],"curies":[{"name":"wp","href":"https:\/\/api.w.org\/{rel}","templated":true}]}}