{"id":182639,"date":"2026-09-02T16:46:42","date_gmt":"2026-09-02T15:46:42","guid":{"rendered":"https:\/\/die-webzeitung.de\/ludwigsburg\/?p=182639"},"modified":"2026-09-02T16:46:42","modified_gmt":"2026-09-02T15:46:42","slug":"azubis-und-studis-starten-ausbildung","status":"publish","type":"post","link":"https:\/\/die-webzeitung.de\/ludwigsburg\/2026\/09\/02\/azubis-und-studis-starten-ausbildung\/","title":{"rendered":"\u201eAzubis\u201c und \u201eStudis\u201c starten Ausbildung"},"content":{"rendered":"<p style=\"text-align: justify;\"><strong>Knapp 40 junge Menschen geh\u00f6ren zum neuen Ausbildungs-Jahrgang bei der Kreissparkasse Ludwigsburg. Gestern hat f\u00fcr die angehenden Bankkaufleute, Finanzassistenten und Studierenden der Weg ins Berufsleben begonnen. <\/strong><\/p>\n<p style=\"text-align: justify;\">Ludwigsburg.| \u201eWir geh\u00f6ren nicht nur zu den gr\u00f6\u00dften Ausbildungsbetrieben im Landkreis\u201c, sagte Dr. Heinz-Werner Schulte, der Vorstandsvorsitzende der Kreissparkasse Ludwigsburg bei der gestrigen Begr\u00fc\u00dfung des neuen Ausbildungsjahrgangs, \u201ewir werden zudem bei jungen Menschen ganz offenbar als Arbeitgeber wahrgenommen, der hervorragende Entwicklungs- und Karrierem\u00f6glichkeiten er\u00f6ffnet.\u201c Und genau so sei es, hob Schulte hervor.<\/p>\n<p style=\"text-align: justify;\">Zu den Angesprochenen, genau 39 jungen M\u00e4nnern und Frauen, die zur Auftaktveranstaltung in den Louis-B\u00fchrer-Saal gekommen waren, sagte Schulte: \u201eDie Zahl der Bewerber um einen Ausbildungsplatz bei der Kreissparkasse lag mit \u00fcber 400 zehnmal h\u00f6her als die Zahl derer, f\u00fcr die wir uns entschieden haben und die wir heute sehr herzlich begr\u00fc\u00dfen\u201c, betonte Schulte. Die 39 jungen Menschen waren in den Louis-B\u00fchrer-Saal gekommen, um gemeinsam die ersten Schritte auf ihrem Ausbildungsweg zu machen.<\/p>\n<p style=\"text-align: justify;\">F\u00fcnf von ihnen absolvieren ein insgesamt dreij\u00e4hriges Studium an der Dualen Hochschule Baden-W\u00fcrttemberg, 14 junge Menschen haben sich f\u00fcr die zwei Jahre dauernde Ausbildung zum Finanzassistenten bzw. zur Finanzassistentin empfehlen k\u00f6nnen und 20 junge M\u00e4nner und Frauen werden in den kommenden zweieinhalb Jahren den Beruf des Bankkaufmanns bzw. der Bankkauffrau erlernen.<\/p>\n<p style=\"text-align: justify;\">\u201eRechnet man den neuen Jahrgang hinzu, so kommt man auf die Gesamtzahl von 149 jungen Menschen, die derzeit bei der Kreissparkasse in Ausbildung sind\u201c, sagte Marc Stotz, als Abteilungsleiter Personalbetreuung\/-entwicklung bei der Kreissparkasse f\u00fcr den Bereich \u201eAusbildung\u201c zust\u00e4ndig. Seine Kollegin Bianca Giebler-Kroll, Expertin f\u00fcr das Thema \u201eBerufsausbildung\u201c, erg\u00e4nzte: \u201eDamit verf\u00fcgt die Kreissparkasse \u00fcber eine Ausbildungsquote von knapp 12 Prozent.\u201c Das sei, so Giebler-Kroll, \u201eein sehr guter Wert\u201c.<\/p>\n<p style=\"text-align: justify;\">Schulte erinnerte in seiner Ansprache daran, dass er nach seinem Schulabschluss Ende der 1970er-Jahre damals dem Rat seiner Eltern gefolgt sei und \u201eetwas Habhaftes\u201c zu lernen begann: \u201eIch habe als ersten Schritt auf meinem Berufsweg eine Banklehre absolviert und, ganz ehrlich, diese Entscheidung zu keinem sp\u00e4teren Zeitpunkt bereut, bis heute nicht.\u201c Aus diesem R\u00fcckblick heraus w\u00fcnschte der seit mehr als 25 Jahren bei der Kreissparkasse als Vorstandsvorsitzender t\u00e4tige Schulte der neuen Ausbildungsgeneration \u201eviel Freude an dieser Aufgabe und auf diesem Weg und ebenso viel Erfolg.\u201c<\/p>\n<hr \/>\n<p style=\"text-align: justify;\">\n","protected":false},"excerpt":{"rendered":"<p>Knapp 40 junge Menschen geh\u00f6ren zum neuen Ausbildungs-Jahrgang bei der Kreissparkasse Ludwigsburg. Gestern hat f\u00fcr die angehenden Bankkaufleute, Finanzassistenten und Studierenden der Weg ins Berufsleben begonnen. Ludwigsburg.| \u201eWir geh\u00f6ren nicht nur zu den gr\u00f6\u00dften Ausbildungsbetrieben im Landkreis\u201c, sagte Dr. Heinz-Werner Schulte, der Vorstandsvorsitzende der Kreissparkasse Ludwigsburg bei der gestrigen Begr\u00fc\u00dfung des neuen Ausbildungsjahrgangs, \u201ewir werden [&hellip;]<\/p>\n","protected":false},"author":4,"featured_media":182640,"comment_status":"closed","ping_status":"open","sticky":false,"template":"","format":"standard","meta":{"inline_featured_image":false,"_exactmetrics_skip_tracking":false,"tdm_status":"","tdm_grid_status":"","footnotes":""},"categories":[65],"tags":[90,8875,177,6,68],"class_list":{"0":"post-182639","1":"post","2":"type-post","3":"status-publish","4":"format-standard","5":"has-post-thumbnail","7":"category-kreis_ludwigsburg","8":"tag-azubi","9":"tag-die-webzeitung","10":"tag-kreissparkasse","11":"tag-ludwigsburg","12":"tag-online-zeitung"},"image_feature":"https:\/\/die-webzeitung.de\/ludwigsburg\/wp-content\/uploads\/sites\/5\/2026\/09\/ksk-azubi-scaled.jpg","author_name":"Redaktion","pure_taxonomies":{"categories":[{"term_id":65,"name":"Kreis Ludwigsburg","slug":"kreis_ludwigsburg","term_group":0,"term_taxonomy_id":66,"taxonomy":"category","description":"","parent":171,"count":661,"filter":"raw","image":""}],"tags":[{"term_id":90,"name":"Azubi","slug":"azubi","term_group":0,"term_taxonomy_id":91,"taxonomy":"post_tag","description":"","parent":0,"count":10,"filter":"raw","image":""},{"term_id":8875,"name":"Die-Webzeitung","slug":"die-webzeitung","term_group":0,"term_taxonomy_id":8876,"taxonomy":"post_tag","description":"","parent":0,"count":4221,"filter":"raw","image":""},{"term_id":177,"name":"Kreissparkasse","slug":"kreissparkasse","term_group":0,"term_taxonomy_id":179,"taxonomy":"post_tag","description":"","parent":0,"count":192,"filter":"raw","image":""},{"term_id":6,"name":"Ludwigsburg","slug":"ludwigsburg","term_group":0,"term_taxonomy_id":6,"taxonomy":"post_tag","description":"","parent":0,"count":1324,"filter":"raw","image":""},{"term_id":68,"name":"Online-Zeitung","slug":"online-zeitung","term_group":0,"term_taxonomy_id":69,"taxonomy":"post_tag","description":"","parent":0,"count":4172,"filter":"raw","image":""}]},"_links":{"self":[{"href":"https:\/\/die-webzeitung.de\/ludwigsburg\/wp-json\/wp\/v2\/posts\/182639","targetHints":{"allow":["GET"]}}],"collection":[{"href":"https:\/\/die-webzeitung.de\/ludwigsburg\/wp-json\/wp\/v2\/posts"}],"about":[{"href":"https:\/\/die-webzeitung.de\/ludwigsburg\/wp-json\/wp\/v2\/types\/post"}],"author":[{"embeddable":true,"href":"https:\/\/die-webzeitung.de\/ludwigsburg\/wp-json\/wp\/v2\/users\/4"}],"replies":[{"embeddable":true,"href":"https:\/\/die-webzeitung.de\/ludwigsburg\/wp-json\/wp\/v2\/comments?post=182639"}],"version-history":[{"count":1,"href":"https:\/\/die-webzeitung.de\/ludwigsburg\/wp-json\/wp\/v2\/posts\/182639\/revisions"}],"predecessor-version":[{"id":182641,"href":"https:\/\/die-webzeitung.de\/ludwigsburg\/wp-json\/wp\/v2\/posts\/182639\/revisions\/182641"}],"wp:featuredmedia":[{"embeddable":true,"href":"https:\/\/die-webzeitung.de\/ludwigsburg\/wp-json\/wp\/v2\/media\/182640"}],"wp:attachment":[{"href":"https:\/\/die-webzeitung.de\/ludwigsburg\/wp-json\/wp\/v2\/media?parent=182639"}],"wp:term":[{"taxonomy":"category","embeddable":true,"href":"https:\/\/die-webzeitung.de\/ludwigsburg\/wp-json\/wp\/v2\/categories?post=182639"},{"taxonomy":"post_tag","embeddable":true,"href":"https:\/\/die-webzeitung.de\/ludwigsburg\/wp-json\/wp\/v2\/tags?post=182639"}],"curies":[{"name":"wp","href":"https:\/\/api.w.org\/{rel}","templated":true}]}}