{"id":182620,"date":"2026-09-01T13:38:58","date_gmt":"2026-09-01T12:38:58","guid":{"rendered":"https:\/\/die-webzeitung.de\/ludwigsburg\/?p=182620"},"modified":"2026-09-01T13:38:58","modified_gmt":"2026-09-01T12:38:58","slug":"sgv-heilbronn-freiberg-verpflichtet-david-kammerbauer","status":"publish","type":"post","link":"https:\/\/die-webzeitung.de\/ludwigsburg\/2026\/09\/01\/sgv-heilbronn-freiberg-verpflichtet-david-kammerbauer\/","title":{"rendered":"SGV Heilbronn-Freiberg verpflichtet David Kammerbauer"},"content":{"rendered":"<p style=\"text-align: justify;\">Der SGV Heilbronn-Freiberg hat David Kammerbauer verpflichtet. Der 29-j\u00e4hrige Linksverteidiger wechselt von den Sportfreunden Siegen zum SGV und steht Trainer Kushtrim Lushtaku ab sofort zur Verf\u00fcgung.<\/p>\n<p style=\"text-align: justify;\"><strong>Spielstarker Linksverteidiger mit Offensivdrang<\/strong><\/p>\n<p style=\"text-align: justify;\">Kammerbauer bringt reichlich Regionalliga-Erfahrung mit und kennt den S\u00fcdwesten bestens. Vor seiner Station bei den Sportfreunden Siegen war der geb\u00fcrtige Raitenbucher unter anderem f\u00fcr den SSV Ulm 1846 Fu\u00dfball und f\u00fcr die Stuttgarter Kickers aktiv.<\/p>\n<p style=\"text-align: justify;\">In der vergangenen Saison absolvierte Kammerbauer 34 Spiele f\u00fcr die Sportfreunde Siegen in der Regionalliga West und verbuchte dabei neun Torbeteiligungen. Der spielstarke Linksverteidiger zeichnet sich insbesondere durch seine Fu\u00dfballintelligenz und seinen Offensivdrang aus.<\/p>\n<p style=\"text-align: justify;\"><strong>Fu\u00dfballerisch und menschlich eine Verst\u00e4rkung<\/strong><\/p>\n<p style=\"text-align: justify;\">Dieter Gerstung, Gesch\u00e4ftsf\u00fchrer Sport des SGV Heilbronn-Freiberg, sagt \u00fcber den Neuzugang: \u201eDavid ist ein sehr fu\u00dfballintelligenter und spielstarker Linksverteidiger, der gerade im letzten Drittel eine hohe Qualit\u00e4t mitbringt. Zudem \u00fcberzeugt er mit seiner Erfahrung und seinem Charakter. Wir freuen uns sehr, dass er sich f\u00fcr den SGV entschieden hat.\u201c<\/p>\n<p style=\"text-align: justify;\">Kammerbauer selbst freut sich auf seine neue Aufgabe beim SGV: \u201eDie Entscheidung f\u00fcr den SGV habe ich bewusst getroffen, da der Verein sehr ambitioniert ist. Ich freue mich darauf, k\u00fcnftig Teil der spannenden Entwicklung des Vereins zu sein. Die Region und die Regionalliga S\u00fcdwest kenne ich sehr gut und m\u00f6chte meinen Teil dazu beitragen, dass wir als Mannschaft gemeinsam erfolgreich sind.\u201c<\/p>\n<p style=\"text-align: justify;\">Der SGV Heilbronn-Freiberg hei\u00dft David Kammerbauer herzlich willkommen und w\u00fcnscht ihm einen erfolgreichen Start sowie eine verletzungsfreie und erfolgreiche Zeit im SGV-Trikot.<\/p>\n<hr \/>\n<p style=\"text-align: justify;\">\n","protected":false},"excerpt":{"rendered":"<p>Der SGV Heilbronn-Freiberg hat David Kammerbauer verpflichtet. Der 29-j\u00e4hrige Linksverteidiger wechselt von den Sportfreunden Siegen zum SGV und steht Trainer Kushtrim Lushtaku ab sofort zur Verf\u00fcgung. Spielstarker Linksverteidiger mit Offensivdrang Kammerbauer bringt reichlich Regionalliga-Erfahrung mit und kennt den S\u00fcdwesten bestens. Vor seiner Station bei den Sportfreunden Siegen war der geb\u00fcrtige Raitenbucher unter anderem f\u00fcr den [&hellip;]<\/p>\n","protected":false},"author":4,"featured_media":182621,"comment_status":"closed","ping_status":"open","sticky":false,"template":"","format":"standard","meta":{"inline_featured_image":false,"_exactmetrics_skip_tracking":false,"tdm_status":"","tdm_grid_status":"","footnotes":""},"categories":[110],"tags":[8875,129,13196,13225,68,8733,119],"class_list":{"0":"post-182620","1":"post","2":"type-post","3":"status-publish","4":"format-standard","5":"has-post-thumbnail","7":"category-sport","8":"tag-die-webzeitung","9":"tag-fusball","10":"tag-heilbronn-freiberg","11":"tag-kammerbauer","12":"tag-online-zeitung","13":"tag-regionalliga","14":"tag-sgv"},"image_feature":"https:\/\/die-webzeitung.de\/ludwigsburg\/wp-content\/uploads\/sites\/5\/2026\/09\/sgv-neu-1-scaled.jpg","author_name":"Redaktion","pure_taxonomies":{"categories":[{"term_id":110,"name":"Sport","slug":"sport","term_group":0,"term_taxonomy_id":112,"taxonomy":"category","description":"Sportberichte","parent":0,"count":1168,"filter":"raw","image":""}],"tags":[{"term_id":8875,"name":"Die-Webzeitung","slug":"die-webzeitung","term_group":0,"term_taxonomy_id":8876,"taxonomy":"post_tag","description":"","parent":0,"count":4219,"filter":"raw","image":""},{"term_id":129,"name":"Fu\u00dfball","slug":"fusball","term_group":0,"term_taxonomy_id":131,"taxonomy":"post_tag","description":"","parent":0,"count":206,"filter":"raw","image":""},{"term_id":13196,"name":"Heilbronn-Freiberg","slug":"heilbronn-freiberg","term_group":0,"term_taxonomy_id":13197,"taxonomy":"post_tag","description":"","parent":0,"count":5,"filter":"raw","image":""},{"term_id":13225,"name":"Kammerbauer","slug":"kammerbauer","term_group":0,"term_taxonomy_id":13226,"taxonomy":"post_tag","description":"","parent":0,"count":1,"filter":"raw","image":""},{"term_id":68,"name":"Online-Zeitung","slug":"online-zeitung","term_group":0,"term_taxonomy_id":69,"taxonomy":"post_tag","description":"","parent":0,"count":4170,"filter":"raw","image":""},{"term_id":8733,"name":"Regionalliga","slug":"regionalliga","term_group":0,"term_taxonomy_id":8734,"taxonomy":"post_tag","description":"","parent":0,"count":75,"filter":"raw","image":""},{"term_id":119,"name":"SGV","slug":"sgv","term_group":0,"term_taxonomy_id":121,"taxonomy":"post_tag","description":"","parent":0,"count":96,"filter":"raw","image":""}]},"_links":{"self":[{"href":"https:\/\/die-webzeitung.de\/ludwigsburg\/wp-json\/wp\/v2\/posts\/182620","targetHints":{"allow":["GET"]}}],"collection":[{"href":"https:\/\/die-webzeitung.de\/ludwigsburg\/wp-json\/wp\/v2\/posts"}],"about":[{"href":"https:\/\/die-webzeitung.de\/ludwigsburg\/wp-json\/wp\/v2\/types\/post"}],"author":[{"embeddable":true,"href":"https:\/\/die-webzeitung.de\/ludwigsburg\/wp-json\/wp\/v2\/users\/4"}],"replies":[{"embeddable":true,"href":"https:\/\/die-webzeitung.de\/ludwigsburg\/wp-json\/wp\/v2\/comments?post=182620"}],"version-history":[{"count":1,"href":"https:\/\/die-webzeitung.de\/ludwigsburg\/wp-json\/wp\/v2\/posts\/182620\/revisions"}],"predecessor-version":[{"id":182622,"href":"https:\/\/die-webzeitung.de\/ludwigsburg\/wp-json\/wp\/v2\/posts\/182620\/revisions\/182622"}],"wp:featuredmedia":[{"embeddable":true,"href":"https:\/\/die-webzeitung.de\/ludwigsburg\/wp-json\/wp\/v2\/media\/182621"}],"wp:attachment":[{"href":"https:\/\/die-webzeitung.de\/ludwigsburg\/wp-json\/wp\/v2\/media?parent=182620"}],"wp:term":[{"taxonomy":"category","embeddable":true,"href":"https:\/\/die-webzeitung.de\/ludwigsburg\/wp-json\/wp\/v2\/categories?post=182620"},{"taxonomy":"post_tag","embeddable":true,"href":"https:\/\/die-webzeitung.de\/ludwigsburg\/wp-json\/wp\/v2\/tags?post=182620"}],"curies":[{"name":"wp","href":"https:\/\/api.w.org\/{rel}","templated":true}]}}