{"id":182615,"date":"2026-09-01T10:04:21","date_gmt":"2026-09-01T09:04:21","guid":{"rendered":"https:\/\/die-webzeitung.de\/ludwigsburg\/?p=182615"},"modified":"2026-09-01T10:04:21","modified_gmt":"2026-09-01T09:04:21","slug":"mehr-als-130-notinseln-fuer-kinder-in-ludwigsburg","status":"publish","type":"post","link":"https:\/\/die-webzeitung.de\/ludwigsburg\/2026\/09\/01\/mehr-als-130-notinseln-fuer-kinder-in-ludwigsburg\/","title":{"rendered":"Mehr als 130 Notinseln f\u00fcr Kinder in Ludwigsburg"},"content":{"rendered":"<h4 style=\"text-align: justify;\"><strong>Starkes Netzwerk auch f\u00fcr mehr Sicherheit auf dem Schulweg<\/strong><\/h4>\n<p style=\"text-align: justify;\">Ludwigsburg.| Das Notinsel-Projekt bietet Kindern, die sich unterwegs unsicher oder bedroht f\u00fchlen, verl\u00e4ssliche Anlaufstellen. Erkennbar sind diese durch den Notinsel-Aufkleber an Eingangst\u00fcren oder Fensterfronten. Vor dem Beginn des neuen Schuljahres r\u00fcckt die Stadt Ludwigsburg das Projekt der Deutschen Kinderschutzstiftung H\u00e4nsel+Gretel wieder in den Fokus: Gerade f\u00fcr Schulanf\u00e4nger*innen, die nun neue Wege selbstst\u00e4ndig zur\u00fccklegen, sind sichere Anlaufstellen im \u00f6ffentlichen Raum von gro\u00dfer Bedeutung.<\/p>\n<p style=\"text-align: justify;\">Mit mehr als 130 Notinseln verf\u00fcgt Ludwigsburg seit vielen Jahren \u00fcber ein starkes Netzwerk, das Kindern auf ihrem Schulweg Schutz und Unterst\u00fctzung bietet. Damit dieses Sicherheitsnetz seine volle Wirkung entfalten kann, braucht es das Zusammenspiel von Notinseln, Kinderg\u00e4rten, Schulen, Eltern und der gesamten Stadtgesellschaft. Ob ein verlorener Schl\u00fcssel, eine un\u00fcbersichtliche Situation auf dem Schulweg, Streit mit anderen Kindern oder einfach das Gef\u00fchl, Hilfe zu ben\u00f6tigen: Kinder k\u00f6nnen jede Notinsel aufsuchen, sie werden dort ernst genommen und unterst\u00fctzt. Die teilnehmenden Gesch\u00e4fte, Apotheken, Banken und weiteren Einrichtungen signalisieren mit dem Notinsel-Aufkleber an ihren Eingangst\u00fcren: \u201eWo wir sind, bist du sicher.\u201c<\/p>\n<p style=\"text-align: justify;\">\u201eEs ist wichtig, dieses Thema regelm\u00e4\u00dfig aufzugreifen. Kinder, die neu in die Schule kommen oder Kinder, die die Schule wechseln und einen neuen Schulweg haben, sollen im Bedarfsfall wissen, wo sie Hilfe erhalten k\u00f6nnen,\u201c betont Meike Pirkner, als Leiterin der Kommunalen Kriminalpr\u00e4vention verantwortlich f\u00fcr das Projekt in Ludwigsburg.<\/p>\n<p style=\"text-align: justify;\">Kinderg\u00e4rten und Schulen spielen hierbei eine zentrale Rolle. Die Mitarbeitenden k\u00f6nnen mit den Kindern \u00fcber das Notinsel-Projekt sprechen und die Bedeutung der Aufkleber erl\u00e4utern. Besonders empfehlenswert sind gemeinsame Spazierg\u00e4nge durch das Wohn- oder Schulumfeld, bei denen die vorhandenen Notinseln besucht werden. So lernen die Kinder die Anlaufstellen kennen und erleben unmittelbar, wo sie im Notfall Unterst\u00fctzung erhalten. Erfahrungen aus anderen Projektstandorten zeigen, dass solche praktischen Begegnungen die Hemmschwelle senken, im Ernstfall Hilfe in Anspruch zu nehmen. Gleichzeitig sch\u00e4rfen sie den Blick der Kinder f\u00fcr die Notinsel-Aufkleber an Gesch\u00e4ften und Einrichtungen.<\/p>\n<p style=\"text-align: justify;\">Der Kommunalen Kriminalpr\u00e4vention ist es ein besonderes Anliegen, den Kontakt zu den beteiligten Notinseln zu pflegen und weiter auszubauen. \u201eDie zahlreichen engagierten Gesch\u00e4fte und Einrichtungen leisten einen wertvollen Beitrag zum Kinderschutz und machen das Projekt erst m\u00f6glich\u201c, sagt Meike Pirkner. Deshalb wird es in diesem Jahr erstmals ein Austauschtreffen f\u00fcr alle Ludwigsburger Notinseln geben. Eingeladen sind s\u00e4mtliche Gesch\u00e4fte und Einrichtungen, die sich am Projekt beteiligen. Das Treffen bietet Raum f\u00fcr aktuelle Informationen, den Erfahrungsaustausch sowie f\u00fcr Fragen und Anregungen aus der Praxis. Interessierte Notinseln k\u00f6nnen sich \u00fcber <a href=\"mailto:kriminalpraevention@ludwigsburg.de\" target=\"_blank\" rel=\"noopener\">kriminalpraevention@ludwigsburg.de<\/a> f\u00fcr das Treffen am Montag, 28. September, um 19 Uhr im Kleinen Saal des Kulturzentrums anmelden.<\/p>\n<p style=\"text-align: justify;\">Weitere Informationen und eine \u00dcbersicht aller Notinsel-Standorte sind auf der Projektwebsite unter <a href=\"http:\/\/www.notinsel.de\" target=\"_blank\" rel=\"noopener\" data-saferedirecturl=\"https:\/\/www.google.com\/url?q=http:\/\/www.notinsel.de&amp;source=gmail&amp;ust=1788338863143000&amp;usg=AOvVaw3aQMgGFLpRYvu6sRUfoJwu\">www.notinsel.de<\/a> zu finden.<\/p>\n<hr \/>\n<p style=\"text-align: justify;\">\n","protected":false},"excerpt":{"rendered":"<p>Starkes Netzwerk auch f\u00fcr mehr Sicherheit auf dem Schulweg Ludwigsburg.| Das Notinsel-Projekt bietet Kindern, die sich unterwegs unsicher oder bedroht f\u00fchlen, verl\u00e4ssliche Anlaufstellen. Erkennbar sind diese durch den Notinsel-Aufkleber an Eingangst\u00fcren oder Fensterfronten. Vor dem Beginn des neuen Schuljahres r\u00fcckt die Stadt Ludwigsburg das Projekt der Deutschen Kinderschutzstiftung H\u00e4nsel+Gretel wieder in den Fokus: Gerade f\u00fcr [&hellip;]<\/p>\n","protected":false},"author":4,"featured_media":182616,"comment_status":"closed","ping_status":"open","sticky":false,"template":"","format":"standard","meta":{"inline_featured_image":false,"_exactmetrics_skip_tracking":false,"tdm_status":"","tdm_grid_status":"","footnotes":""},"categories":[67],"tags":[8875,6,2836,68],"class_list":{"0":"post-182615","1":"post","2":"type-post","3":"status-publish","4":"format-standard","5":"has-post-thumbnail","7":"category-ludwigsburg-lokal","8":"tag-die-webzeitung","9":"tag-ludwigsburg","10":"tag-notinsel","11":"tag-online-zeitung"},"image_feature":"https:\/\/die-webzeitung.de\/ludwigsburg\/wp-content\/uploads\/sites\/5\/2026\/09\/notinsel-scaled.jpg","author_name":"Redaktion","pure_taxonomies":{"categories":[{"term_id":67,"name":"Ludwigsburg","slug":"ludwigsburg-lokal","term_group":0,"term_taxonomy_id":68,"taxonomy":"category","description":"","parent":1433,"count":690,"filter":"raw","image":""}],"tags":[{"term_id":8875,"name":"Die-Webzeitung","slug":"die-webzeitung","term_group":0,"term_taxonomy_id":8876,"taxonomy":"post_tag","description":"","parent":0,"count":4216,"filter":"raw","image":""},{"term_id":6,"name":"Ludwigsburg","slug":"ludwigsburg","term_group":0,"term_taxonomy_id":6,"taxonomy":"post_tag","description":"","parent":0,"count":1322,"filter":"raw","image":""},{"term_id":2836,"name":"Notinsel","slug":"notinsel","term_group":0,"term_taxonomy_id":2849,"taxonomy":"post_tag","description":"","parent":0,"count":3,"filter":"raw","image":""},{"term_id":68,"name":"Online-Zeitung","slug":"online-zeitung","term_group":0,"term_taxonomy_id":69,"taxonomy":"post_tag","description":"","parent":0,"count":4167,"filter":"raw","image":""}]},"_links":{"self":[{"href":"https:\/\/die-webzeitung.de\/ludwigsburg\/wp-json\/wp\/v2\/posts\/182615","targetHints":{"allow":["GET"]}}],"collection":[{"href":"https:\/\/die-webzeitung.de\/ludwigsburg\/wp-json\/wp\/v2\/posts"}],"about":[{"href":"https:\/\/die-webzeitung.de\/ludwigsburg\/wp-json\/wp\/v2\/types\/post"}],"author":[{"embeddable":true,"href":"https:\/\/die-webzeitung.de\/ludwigsburg\/wp-json\/wp\/v2\/users\/4"}],"replies":[{"embeddable":true,"href":"https:\/\/die-webzeitung.de\/ludwigsburg\/wp-json\/wp\/v2\/comments?post=182615"}],"version-history":[{"count":1,"href":"https:\/\/die-webzeitung.de\/ludwigsburg\/wp-json\/wp\/v2\/posts\/182615\/revisions"}],"predecessor-version":[{"id":182617,"href":"https:\/\/die-webzeitung.de\/ludwigsburg\/wp-json\/wp\/v2\/posts\/182615\/revisions\/182617"}],"wp:featuredmedia":[{"embeddable":true,"href":"https:\/\/die-webzeitung.de\/ludwigsburg\/wp-json\/wp\/v2\/media\/182616"}],"wp:attachment":[{"href":"https:\/\/die-webzeitung.de\/ludwigsburg\/wp-json\/wp\/v2\/media?parent=182615"}],"wp:term":[{"taxonomy":"category","embeddable":true,"href":"https:\/\/die-webzeitung.de\/ludwigsburg\/wp-json\/wp\/v2\/categories?post=182615"},{"taxonomy":"post_tag","embeddable":true,"href":"https:\/\/die-webzeitung.de\/ludwigsburg\/wp-json\/wp\/v2\/tags?post=182615"}],"curies":[{"name":"wp","href":"https:\/\/api.w.org\/{rel}","templated":true}]}}