{"id":181340,"date":"2026-04-30T15:13:09","date_gmt":"2026-04-30T14:13:09","guid":{"rendered":"https:\/\/die-webzeitung.de\/ludwigsburg\/?p=181340"},"modified":"2026-04-30T15:13:09","modified_gmt":"2026-04-30T14:13:09","slug":"durch-den-historischen-ortskern-von-aurich","status":"publish","type":"post","link":"https:\/\/die-webzeitung.de\/ludwigsburg\/2026\/04\/30\/durch-den-historischen-ortskern-von-aurich\/","title":{"rendered":"Durch den historischen Ortskern von Aurich"},"content":{"rendered":"<p style=\"text-align: justify;\">Vaihingen\/Enz.| Unter dem Titel \u201eDurch den historischen Ortskern von Aurich\u201c l\u00e4dt die Stadt Vaihingen an der Enz am Samstag (9. Mai 2026) zu einer abwechslungsreichen und informativen Stadtteilf\u00fchrung ein.<\/p>\n<p style=\"text-align: justify;\">Der malerische Ort Aurich, idyllisch im engen Kreuzbachtal gelegen, wurde bereits im 11. Jahrhundert erstmals urkundlich erw\u00e4hnt und blickt auf eine lange und bewegte Geschichte zur\u00fcck. Bis heute pr\u00e4gt die eindrucksvolle Kirche das Ortsbild \u2013 einst Wehrturm der Herren von Aurich, heute ein markantes Zeugnis mittelalterlicher Baukunst. Bei dem Rundgang werden zudem weitere bedeutende Geb\u00e4ude wie das Pfarrhaus, das Rathaus, die alte und die neue Schule sowie charakteristische Bereiche des alten Ortskerns n\u00e4her vorgestellt. Begleitet wird die Tour von Erwin Schlag und Philipp Domke, die mit ihrem Wissen und vielen anschaulichen Geschichten einen besonderen Blick auf Aurich erm\u00f6glichen.<\/p>\n<p style=\"text-align: justify;\">Treffpunkt ist um 14:30 Uhr auf dem Platz vor der Kirche, Heinrichstra\u00dfe 1. Die Teilnahme kostet 4 Euro f\u00fcr Erwachsene und 2 Euro f\u00fcr Kinder. Eine Anmeldung ist nicht erforderlich.<\/p>\n<p style=\"text-align: justify;\">Alle weiteren Informationen zu k\u00fcnftigen F\u00fchrungsterminen gibt es Sie unter <a href=\"http:\/\/www.vaihingen.events\" target=\"_blank\" rel=\"noopener\">www.vaihingen.events<\/a> oder in der Kultur- und Touristinformation am Marktplatz 5.<\/p>\n<hr \/>\n<p style=\"text-align: justify;\">\n","protected":false},"excerpt":{"rendered":"<p>Vaihingen\/Enz.| Unter dem Titel \u201eDurch den historischen Ortskern von Aurich\u201c l\u00e4dt die Stadt Vaihingen an der Enz am Samstag (9. Mai 2026) zu einer abwechslungsreichen und informativen Stadtteilf\u00fchrung ein. Der malerische Ort Aurich, idyllisch im engen Kreuzbachtal gelegen, wurde bereits im 11. Jahrhundert erstmals urkundlich erw\u00e4hnt und blickt auf eine lange und bewegte Geschichte zur\u00fcck. [&hellip;]<\/p>\n","protected":false},"author":4,"featured_media":0,"comment_status":"closed","ping_status":"open","sticky":false,"template":"","format":"standard","meta":{"inline_featured_image":false,"_exactmetrics_skip_tracking":false,"_exactmetrics_sitenote_active":false,"_exactmetrics_sitenote_note":"","_exactmetrics_sitenote_category":0,"tdm_status":"","tdm_grid_status":"","footnotes":""},"categories":[76],"tags":[8875,68,6844],"class_list":{"0":"post-181340","1":"post","2":"type-post","3":"status-publish","4":"format-standard","6":"category-fuhrung-vortrage","7":"tag-die-webzeitung","8":"tag-online-zeitung","9":"tag-vaihigenenz"},"image_feature":null,"author_name":"Redaktion","pure_taxonomies":{"categories":[{"term_id":76,"name":"F\u00fchrungen \/ Vortr\u00e4ge","slug":"fuhrung-vortrage","term_group":0,"term_taxonomy_id":77,"taxonomy":"category","description":"","parent":2238,"count":39,"filter":"raw","image":""}],"tags":[{"term_id":8875,"name":"Die-Webzeitung","slug":"die-webzeitung","term_group":0,"term_taxonomy_id":8876,"taxonomy":"post_tag","description":"","parent":0,"count":4257,"filter":"raw","image":""},{"term_id":68,"name":"Online-Zeitung","slug":"online-zeitung","term_group":0,"term_taxonomy_id":69,"taxonomy":"post_tag","description":"","parent":0,"count":4206,"filter":"raw","image":""},{"term_id":6844,"name":"Vaihigen\/Enz","slug":"vaihigenenz","term_group":0,"term_taxonomy_id":6863,"taxonomy":"post_tag","description":"","parent":0,"count":8,"filter":"raw","image":""}]},"_links":{"self":[{"href":"https:\/\/die-webzeitung.de\/ludwigsburg\/wp-json\/wp\/v2\/posts\/181340","targetHints":{"allow":["GET"]}}],"collection":[{"href":"https:\/\/die-webzeitung.de\/ludwigsburg\/wp-json\/wp\/v2\/posts"}],"about":[{"href":"https:\/\/die-webzeitung.de\/ludwigsburg\/wp-json\/wp\/v2\/types\/post"}],"author":[{"embeddable":true,"href":"https:\/\/die-webzeitung.de\/ludwigsburg\/wp-json\/wp\/v2\/users\/4"}],"replies":[{"embeddable":true,"href":"https:\/\/die-webzeitung.de\/ludwigsburg\/wp-json\/wp\/v2\/comments?post=181340"}],"version-history":[{"count":1,"href":"https:\/\/die-webzeitung.de\/ludwigsburg\/wp-json\/wp\/v2\/posts\/181340\/revisions"}],"predecessor-version":[{"id":181341,"href":"https:\/\/die-webzeitung.de\/ludwigsburg\/wp-json\/wp\/v2\/posts\/181340\/revisions\/181341"}],"wp:attachment":[{"href":"https:\/\/die-webzeitung.de\/ludwigsburg\/wp-json\/wp\/v2\/media?parent=181340"}],"wp:term":[{"taxonomy":"category","embeddable":true,"href":"https:\/\/die-webzeitung.de\/ludwigsburg\/wp-json\/wp\/v2\/categories?post=181340"},{"taxonomy":"post_tag","embeddable":true,"href":"https:\/\/die-webzeitung.de\/ludwigsburg\/wp-json\/wp\/v2\/tags?post=181340"}],"curies":[{"name":"wp","href":"https:\/\/api.w.org\/{rel}","templated":true}]}}