{"id":181329,"date":"2026-04-29T22:00:16","date_gmt":"2026-04-29T21:00:16","guid":{"rendered":"https:\/\/die-webzeitung.de\/ludwigsburg\/?p=181329"},"modified":"2026-04-29T16:48:20","modified_gmt":"2026-04-29T15:48:20","slug":"stadt-vaihingen-wechselt-in-interne-nothaushaltsfuehrung","status":"publish","type":"post","link":"https:\/\/die-webzeitung.de\/ludwigsburg\/2026\/04\/29\/stadt-vaihingen-wechselt-in-interne-nothaushaltsfuehrung\/","title":{"rendered":"Stadt Vaihingen wechselt in interne Nothaushaltsf\u00fchrung"},"content":{"rendered":"<ul>\n<li style=\"text-align: justify;\"><strong>Regierungspr\u00e4sidium genehmigt Haushaltplan<\/strong><\/li>\n<li style=\"text-align: justify;\"><strong>Weltkrisen belasten kommunalen Haushalt<\/strong><\/li>\n<li style=\"text-align: justify;\"><strong>Konsequenter Sparkurs soll Zahlungsf\u00e4higkeit sicherstellen<\/strong><\/li>\n<\/ul>\n<p style=\"text-align: justify;\">Vaihingen\/Enz.| Das Regierungspr\u00e4sidium (RP) Stuttgart hat den Haushaltsplan der Stadt Vaihingen an der Enz sowie die Wirtschaftspl\u00e4ne der Eigenbetriebe genehmigt. Im Haushaltserlass gab es nur eine geringe Beanstandung im Bereich des Stellenplans, die mit dem Nachtragshaushaltsplan bereinigt wird. Dennoch muss die Stadt in eine selbst auferlegte, interne Nothaushaltsf\u00fchrung mit schmerzhaften Einschnitten wechseln. Ausl\u00f6ser sind insbesondere verringerte Gewerbesteuereinnahmen und erh\u00f6hte Kosten \u2013 verursacht unter anderem durch die Eskalation im Iran und die damit verbundenen explodierenden Energie- und Transportkosten.<\/p>\n<p style=\"text-align: justify;\">Der Haushaltserlass des Regierungspr\u00e4sidiums gilt ausdr\u00fccklich auch f\u00fcr die vorgesehenen Kreditaufnahmen und Verpflichtungserm\u00e4chtigungen. Auch die Wirtschaftspl\u00e4ne der Eigenbetriebe wurden best\u00e4tigt bzw. genehmigt. Damit besteht eine tragf\u00e4hige Grundlage f\u00fcr die weitere Arbeit im Haushaltsjahr 2026.<\/p>\n<p style=\"text-align: justify;\">Bez\u00fcglich der Finanzlage best\u00e4tigt die Einsch\u00e4tzung des Regierungspr\u00e4sidiums die mehrfach dargestellte Situation:<\/p>\n<ul>\n<li style=\"text-align: justify;\">Der Ergebnishaushalt weist 2026 einen Fehlbetrag von rund 9,5 Millionen Euro auf<\/li>\n<li style=\"text-align: justify;\">Auch in den Folgejahren werden strukturelle Defizite erwartet<\/li>\n<li style=\"text-align: justify;\">Der Schuldenstand wird planm\u00e4\u00dfig deutlich ansteigen<\/li>\n<li style=\"text-align: justify;\">Die zentrale Herausforderung liegt insbesondere in der Sicherstellung ausreichender Liquidit\u00e4t<\/li>\n<\/ul>\n<p style=\"text-align: justify;\">Ein \u201eWeiter so\u201c ist vor diesem Hintergrund laut Stadtk\u00e4mmerer Alexander Kern nicht m\u00f6glich. Ohne eine strukturelle Verbesserung des Haushalts ist die Genehmigungsf\u00e4higkeit zuk\u00fcnftiger Haushalte aus heutiger Sicht nicht mehr zu erreichen.<\/p>\n<p style=\"text-align: justify;\"><strong>Haushaltskonsolidierungsprozess<\/strong><\/p>\n<p style=\"text-align: justify;\">Der bereits begonnene Haushaltskonsolidierungsprozess wird konsequent fortgef\u00fchrt. Das RP begr\u00fc\u00dft ausdr\u00fccklich die eingerichtete Haushaltsstrukturkommission. Noch vor der Sommerpause soll der Vaihinger Gemeinderat \u00fcber kurzfristig umsetzbare Ma\u00dfnahmen entscheiden. Nach der Sommerpause stehen Beschlussfassungen zur langfristigen Entlastung des Haushalts an.<\/p>\n<p style=\"text-align: justify;\">Sorgen bereitet der K\u00e4mmerei und auch Oberb\u00fcrgermeister Uwe Skrzypek-Muth die aktuelle Entwicklung der Zahlungsf\u00e4higkeit, die sofortige Ma\u00dfnahmen notwendig macht. Denn was bei der Erstellung des Haushaltsplanes noch nicht absehbar war, sind die Auswirkungen des Irankrieges, die explodierenden Energiekosten und die negativen Folgen auf die Einnahmen der Kommunen.<\/p>\n<p style=\"text-align: justify;\">Die Entwicklung der Gewerbesteuer, der Einkommensteuer und der Leistungen aus dem kommunalen Finanzausgleich wird aller Voraussicht nach mit der Mai-Steuersch\u00e4tzung 2026 nach unten korrigiert werden m\u00fcssen. Gleichzeitig sind bei mehreren investiven Ma\u00dfnahmen Mehrkosten zu erwarten.<\/p>\n<p style=\"text-align: justify;\">Deshalb hat die K\u00e4mmerei parallel zum Konsolidierungsprozess verwaltungsintern kurzfristige steuernde Ma\u00dfnahmen ergriffen und eine Nothaushaltsf\u00fchrung veranlasst:<\/p>\n<ul>\n<li style=\"text-align: justify;\">Ausgaben werden auf das Notwendigste beschr\u00e4nkt. Die im Haushaltsplan bereitgestellten Ans\u00e4tze sollen nicht ausgesch\u00f6pft werden.<\/li>\n<li style=\"text-align: justify;\">Alle bis zum Jahr 2029 geplanten Ma\u00dfnahmen werden hinsichtlich Priorit\u00e4t, Verschiebung und Notwendigkeit erneut \u00fcberpr\u00fcft. Alle Mehrkosten m\u00fcssen durch Streichung an anderer Stelle kompensiert werden.<\/li>\n<li style=\"text-align: justify;\">Es gilt grunds\u00e4tzlich eine Wiederbesetzungssperre (zun\u00e4chst) bis zum 31. Dezember 2026. Nachbesetzungen erfolgen nur in begr\u00fcndeten Ausnahmef\u00e4llen und nur nach Freigabe auf der Dezernentenebene.<\/li>\n<\/ul>\n<p style=\"text-align: justify;\">Ziel des konsequenten Sparkurses bleibt, die finanzielle Leistungsf\u00e4higkeit der Stadt nachhaltig zu sichern und insbesondere die Zahlungsf\u00e4higkeit zu erhalten. Die Nothaushaltsf\u00fchrung er\u00f6ffnet allerdings nicht die Diskussion um die B\u00fcrgergartenschau 2029. \u201eDer Gemeinderat hat der Verwaltung in der M\u00e4rz-Sitzungsrunde einen klaren Kostenrahmen f\u00fcr die Daueranlagen vorgegeben und gleichzeitig wesentliche Einsparungen gegen\u00fcber der bisherigen Kostenberechnung beschlossen\u201c, so Stadtk\u00e4mmerer Alexander Kern. \u201eZudem garantieren die enormen F\u00f6rdersummen wichtige und notwendige Strukturma\u00dfnahmen, die ohne die Gartenschau nicht finanzierbar w\u00e4ren.\u201c<\/p>\n<p style=\"text-align: justify;\">F\u00fcr Oberb\u00fcrgermeister Uwe Skrzypek-Muth ist die B\u00fcrgergartenschau im Gegenteil ein Garant daf\u00fcr, die negative Entwicklung umzukehren und auch auf lange Sicht mehr Einnahmen zu generieren. \u201eSelbstverst\u00e4ndlich gilt auch hier das Gebot zur kostensensiblen Planung \u2013 analog zum st\u00e4dtischen Haushalt.\u201c<\/p>\n<hr \/>\n<p style=\"text-align: justify;\">\n","protected":false},"excerpt":{"rendered":"<p>Regierungspr\u00e4sidium genehmigt Haushaltplan Weltkrisen belasten kommunalen Haushalt Konsequenter Sparkurs soll Zahlungsf\u00e4higkeit sicherstellen Vaihingen\/Enz.| Das Regierungspr\u00e4sidium (RP) Stuttgart hat den Haushaltsplan der Stadt Vaihingen an der Enz sowie die Wirtschaftspl\u00e4ne der Eigenbetriebe genehmigt. Im Haushaltserlass gab es nur eine geringe Beanstandung im Bereich des Stellenplans, die mit dem Nachtragshaushaltsplan bereinigt wird. Dennoch muss die Stadt in [&hellip;]<\/p>\n","protected":false},"author":4,"featured_media":180526,"comment_status":"closed","ping_status":"open","sticky":false,"template":"","format":"standard","meta":{"inline_featured_image":false,"_exactmetrics_skip_tracking":false,"_exactmetrics_sitenote_active":false,"_exactmetrics_sitenote_note":"","_exactmetrics_sitenote_category":0,"tdm_status":"","tdm_grid_status":"","footnotes":""},"categories":[65],"tags":[8875,6,13161,68,37,2906],"class_list":{"0":"post-181329","1":"post","2":"type-post","3":"status-publish","4":"format-standard","5":"has-post-thumbnail","7":"category-kreis_ludwigsburg","8":"tag-die-webzeitung","9":"tag-ludwigsburg","10":"tag-nothaushalt","11":"tag-online-zeitung","12":"tag-sparen","13":"tag-vaihingenenz"},"image_feature":"https:\/\/die-webzeitung.de\/ludwigsburg\/wp-content\/uploads\/sites\/5\/2026\/02\/Geldscheine-trans-2-scaled.jpg","author_name":"Redaktion","pure_taxonomies":{"categories":[{"term_id":65,"name":"Kreis Ludwigsburg","slug":"kreis_ludwigsburg","term_group":0,"term_taxonomy_id":66,"taxonomy":"category","description":"","parent":171,"count":630,"filter":"raw","image":""}],"tags":[{"term_id":8875,"name":"Die-Webzeitung","slug":"die-webzeitung","term_group":0,"term_taxonomy_id":8876,"taxonomy":"post_tag","description":"","parent":0,"count":4255,"filter":"raw","image":""},{"term_id":6,"name":"Ludwigsburg","slug":"ludwigsburg","term_group":0,"term_taxonomy_id":6,"taxonomy":"post_tag","description":"","parent":0,"count":1352,"filter":"raw","image":""},{"term_id":13161,"name":"Nothaushalt","slug":"nothaushalt","term_group":0,"term_taxonomy_id":13162,"taxonomy":"post_tag","description":"","parent":0,"count":1,"filter":"raw","image":""},{"term_id":68,"name":"Online-Zeitung","slug":"online-zeitung","term_group":0,"term_taxonomy_id":69,"taxonomy":"post_tag","description":"","parent":0,"count":4204,"filter":"raw","image":""},{"term_id":37,"name":"sparen","slug":"sparen","term_group":0,"term_taxonomy_id":37,"taxonomy":"post_tag","description":"","parent":0,"count":5,"filter":"raw","image":""},{"term_id":2906,"name":"Vaihingen\/Enz","slug":"vaihingenenz","term_group":0,"term_taxonomy_id":2919,"taxonomy":"post_tag","description":"","parent":0,"count":28,"filter":"raw","image":""}]},"_links":{"self":[{"href":"https:\/\/die-webzeitung.de\/ludwigsburg\/wp-json\/wp\/v2\/posts\/181329","targetHints":{"allow":["GET"]}}],"collection":[{"href":"https:\/\/die-webzeitung.de\/ludwigsburg\/wp-json\/wp\/v2\/posts"}],"about":[{"href":"https:\/\/die-webzeitung.de\/ludwigsburg\/wp-json\/wp\/v2\/types\/post"}],"author":[{"embeddable":true,"href":"https:\/\/die-webzeitung.de\/ludwigsburg\/wp-json\/wp\/v2\/users\/4"}],"replies":[{"embeddable":true,"href":"https:\/\/die-webzeitung.de\/ludwigsburg\/wp-json\/wp\/v2\/comments?post=181329"}],"version-history":[{"count":1,"href":"https:\/\/die-webzeitung.de\/ludwigsburg\/wp-json\/wp\/v2\/posts\/181329\/revisions"}],"predecessor-version":[{"id":181330,"href":"https:\/\/die-webzeitung.de\/ludwigsburg\/wp-json\/wp\/v2\/posts\/181329\/revisions\/181330"}],"wp:featuredmedia":[{"embeddable":true,"href":"https:\/\/die-webzeitung.de\/ludwigsburg\/wp-json\/wp\/v2\/media\/180526"}],"wp:attachment":[{"href":"https:\/\/die-webzeitung.de\/ludwigsburg\/wp-json\/wp\/v2\/media?parent=181329"}],"wp:term":[{"taxonomy":"category","embeddable":true,"href":"https:\/\/die-webzeitung.de\/ludwigsburg\/wp-json\/wp\/v2\/categories?post=181329"},{"taxonomy":"post_tag","embeddable":true,"href":"https:\/\/die-webzeitung.de\/ludwigsburg\/wp-json\/wp\/v2\/tags?post=181329"}],"curies":[{"name":"wp","href":"https:\/\/api.w.org\/{rel}","templated":true}]}}