{"id":181326,"date":"2026-04-29T16:35:37","date_gmt":"2026-04-29T15:35:37","guid":{"rendered":"https:\/\/die-webzeitung.de\/ludwigsburg\/?p=181326"},"modified":"2026-04-29T16:35:37","modified_gmt":"2026-04-29T15:35:37","slug":"aktuelles-fahrzeug-update-auf-der-wieslauftalbahn","status":"publish","type":"post","link":"https:\/\/die-webzeitung.de\/ludwigsburg\/2026\/04\/29\/aktuelles-fahrzeug-update-auf-der-wieslauftalbahn\/","title":{"rendered":"Aktuelles Fahrzeug-Update auf der Wieslauftalbahn"},"content":{"rendered":"<p style=\"text-align: justify;\"><strong>Zwei weitere der vier gekauften \u201eneuen, gebrauchten\u201c Fahrzeuge in modernem Wieseldesign wurden erfolgreich am Mittwoch, 29. April ins Wieslauftal \u00fcberf\u00fchrt<\/strong><\/p>\n<p style=\"text-align: justify;\">Rems-Murr-Kreis.| Ab voraussichtlich Montag, 4. Mai f\u00e4hrt die Wieslauftalbahn mit zwei weiteren modernisierten Fahrzeugen im regul\u00e4ren Betrieb. Nachdem zwei Fahrzeuge am Mittwoch, 29. April erfolgreich aus der Werkstatt in Weiden (Oberpfalz) ins Wieslauftal \u00fcberf\u00fchrt wurden, sind noch letzte technische Arbeiten in der Werkstatthalle in Rudersberg erforderlich wie z.B. der Einbau des Funksystems der Wieslauftalbahn. Damit ist das Kapitel der Inbetriebnahme der vier beschafften Fahrzeuge vollst\u00e4ndig abgeschlossen.<\/p>\n<p style=\"text-align: justify;\">\u201eEs ist ein sch\u00f6nes Signal, dass nun zwei weitere modernisierte Wiesel-Fahrzeuge in freundlichem Design, mit mehr Komfort und Barrierefreiheit f\u00fcr die Fahrg\u00e4ste in den Betrieb gehen. Vor einem Jahr sind die ersten beiden Regio-Shuttles nach einer herausfordernden Zeit des Wiederaufbaus nach den Hochwasser- und Starkregenereignisse an den Start gegangen. Anfang 2026 gab es weitere sp\u00fcrbare Verbesserungen f\u00fcr die Pendlerinnen und Pendler, als der Halbstundentakt wieder realisiert und der Schienenersatzverkehr abgel\u00f6st werden konnte. Es ist sch\u00f6n, dass am ersten Mai-Wochenende ein weiterer Meilenstein im Wiederaufbau nach den Extremwetterereignissen vom Juni 2024 geschafft ist. Dass die Schw\u00e4bische Waldbahn wieder f\u00e4hrt, sind ebenfalls tolle Neuigkeiten f\u00fcr alle Bahnfans und G\u00e4ste sowie den Tourismus in unserem Landkreis\u201c, so Landrat Dr. Richard Sigel, Vorsitzender des Zweckverbands.<\/p>\n<p style=\"text-align: justify;\"><strong>R\u00fcckblick auf die Beschaffung und den Wiederaufbau der Wieslauftalbahn:<\/strong><\/p>\n<p style=\"text-align: justify;\">Zur langfristigen Sicherung des Betriebs der Wieslauftalbahn wurde Ende 2023 durch den Zweckverband Verkehrsverband Wieslauftalbahn der Beschluss gefasst, vier moderne Regioshuttles f\u00fcr insgesamt 6,6 Millionen Euro zu erwerben, um die Wieslauftalbahn grunds\u00e4tzlich f\u00fcr mindestens weitere zehn Jahre zukunftsf\u00e4hig aufzustellen. Dieser Beschluss war vorausschauend und letztlich ein zentraler Baustein, noch bevor die Starkregenereignisse im Juni 2024 gravierende Folgen f\u00fcr die Wieslauftalbahn ausl\u00f6sten. Damals wurde ein Drittel der 11,5 Kilometer langen Strecke zerst\u00f6rt und alle sechs Fahrzeuge sowie die Werkstatthalle in Rudersberg stark besch\u00e4digt.<\/p>\n<p style=\"text-align: justify;\">Vier der damaligen Alt-Fahrzeuge des Typs NE 81 galten als Totalschaden und wurden anschlie\u00dfend zur Verwertung an die Schw\u00e4bische Alb-Bahn (SAB) verkauft. Die zwei der neuen gebrauchten Fahrzeuge des Typs VT 451 und VT 452 gingen mit dem Wiederaufbau zehn Monate nach den Hochwasser- und Starkregenereignissen Mitte April 2025 in Betrieb. Diese beiden Fahrzeuge wurden durch zwei Mietfahrzeuge erg\u00e4nzt. Nun werden diese Mietfahrzeuge abgel\u00f6st und durch die beiden neuen gebrauchten Fahrzeuge Nummer drei und vier ersetzt. Die vier neuen Fahrzeuge \u00fcberzeugen durch ihr freundliches Design, die Klimatisierung und vollst\u00e4ndige Barrierefreiheit.<\/p>\n<p style=\"text-align: justify;\"><strong>Halbstundentakt seit Januar 2026 bereits realisiert:<\/strong><\/p>\n<p style=\"text-align: justify;\">Anfang des Jahres konnte der Schienenersatzverkehr aufgel\u00f6st und zur Normalit\u00e4t zur\u00fcckgekehrt werden.\u00a0Damit der Halbstundentakt gelingen kann, f\u00e4hrt das Wiesel morgens, mittags zum Schulschluss und zu den Sto\u00dfzeiten am Nachmittag in Doppeltraktion (d.h. zwei aneinander gekoppelte Fahrzeuge), den Rest des Tages in Einfachtraktion.<\/p>\n<p style=\"text-align: justify;\"><strong>Ausblick \u2013 zwei Fahrzeuge befinden sich in umfangreicher Reparatur:<\/strong><\/p>\n<p style=\"text-align: justify;\">Aktuell stehen noch zwei weitere Fahrzeuge aus, die den Betrieb mit schlussendlich sechs Fahrzeugen k\u00fcnftig komplettieren. Bei diesen beiden noch ausstehenden Fahrzeugen handelt es sich um zwei Fahrzeuge, die w\u00e4hrend der Hochwasser- und Starkregenereignisse besch\u00e4digt wurden, bei denen aber festgestellt wurde, dass sie noch reparierbar sind. Da die Sch\u00e4den jedoch sehr umfangreich sind, werden die Reparaturarbeiten insbesondere aufgrund der Herstellung und Lieferung der ben\u00f6tigten Bauteile zur Reparatur noch einige Zeit andauern. Aktuell wird damit gerechnet, dass diese beiden Fahrzeuge Anfang 2027 wieder fahren k\u00f6nnen. Wenn dann wieder alle sechs Fahrzeuge der Wieslauftalbahn in Betrieb sind, ergeben sich weitere Verbesserungen. So wird es dann wieder m\u00f6glich, z.B. morgens wieder in Dreifachtraktion zu den Sto\u00dfzeiten im Sch\u00fclerverkehr zu fahren. Allgemein wird der Betrieb weiter durch die Reserven stabilisiert und auch die Wartung der Fahrzeuge l\u00e4sst sich unkomplizierter organisieren.<\/p>\n<p style=\"text-align: justify;\"><strong>Ein Wochenende ganz im Zeichen f\u00fcr alle Bahnfans:<\/strong><\/p>\n<p style=\"text-align: justify;\">Der 1. Mai steht ganz im Zeichen der offiziellen Wiederer\u00f6ffnung der Schw\u00e4bischen Waldbahn und des Museumsbahnverkehrs. In Welzheim wird am 1. Mai au\u00dferdem beim Ostkastell das KinderNaturErlebnisFest des Schw\u00e4bischen Wald Tourismus und der Stadt Welzheim gefeiert. Ein Grund, das \u00d6PNV-Angebot mit der Ausweitung der Regio-Buslinie 263 (Schorndorf \u2013 Welzheim) im Halbstundentakt auszuweiten. \u00dcbrigens: Im Raum Welzheim f\u00e4hrt auch der\u00a0<a href=\"https:\/\/www.vvs.de\/verbindungen-und-mobilitaet\/mobilitaetsangebote\/vvs-rider\" target=\"_blank\" rel=\"noopener\" data-saferedirecturl=\"https:\/\/www.google.com\/url?q=https:\/\/www.vvs.de\/verbindungen-und-mobilitaet\/mobilitaetsangebote\/vvs-rider&amp;source=gmail&amp;ust=1777560227181000&amp;usg=AOvVaw285wCQNpKXjxSL0eNtPzKm\">VVS-Rider<\/a>, der direkt im Anschluss an die Regiobuslinie genutzt werden kann. Im Schw\u00e4bischen Wald fahren die Kleinbusse in Welzheim, Kaisersbach und Alfdorf t\u00e4glich von 18:00 bis 00:30 Uhr.<\/p>\n<p style=\"text-align: justify;\">Am Samstag, 2. Mai f\u00e4hrt erstmals seit vielen Jahren die Wieslauftalbahn RB61 mit den neuen Wieselbahnen in Doppeltraktion von Schorndorf nach Welzheim. Es gibt f\u00fcr diesen Tag einen Sonderfahrplan und die Wieslauftalbahn wird alle zwei Stunden bis nach Welzheim (und zur\u00fcck) verl\u00e4ngert. Auch im verl\u00e4ngerten Abschnitt nach Welzheim sind alle regul\u00e4ren Nahverkehrsfahrscheine sowie das Deutschlandticket g\u00fcltig. Der Sonderfahrplan ist zu finden unter: <a href=\"https:\/\/www.weg-bahn.de\/de\/strecken\/linienuebersicht\/linie\/rb-61\" target=\"_blank\" rel=\"noopener\" data-saferedirecturl=\"https:\/\/www.google.com\/url?q=https:\/\/www.weg-bahn.de\/de\/strecken\/linienuebersicht\/linie\/rb-61&amp;source=gmail&amp;ust=1777560227181000&amp;usg=AOvVaw2GZOxxVzJuWFzpr4XpBNr5\">https:\/\/www.weg-bahn.de\/de\/strecken\/linienuebersicht\/linie\/rb-61<\/a>.<\/p>\n<hr \/>\n<p style=\"text-align: justify;\">\n","protected":false},"excerpt":{"rendered":"<p>Zwei weitere der vier gekauften \u201eneuen, gebrauchten\u201c Fahrzeuge in modernem Wieseldesign wurden erfolgreich am Mittwoch, 29. April ins Wieslauftal \u00fcberf\u00fchrt Rems-Murr-Kreis.| Ab voraussichtlich Montag, 4. Mai f\u00e4hrt die Wieslauftalbahn mit zwei weiteren modernisierten Fahrzeugen im regul\u00e4ren Betrieb. Nachdem zwei Fahrzeuge am Mittwoch, 29. April erfolgreich aus der Werkstatt in Weiden (Oberpfalz) ins Wieslauftal \u00fcberf\u00fchrt wurden, [&hellip;]<\/p>\n","protected":false},"author":4,"featured_media":0,"comment_status":"closed","ping_status":"open","sticky":false,"template":"","format":"standard","meta":{"inline_featured_image":false,"_exactmetrics_skip_tracking":false,"_exactmetrics_sitenote_active":false,"_exactmetrics_sitenote_note":"","_exactmetrics_sitenote_category":0,"tdm_status":"","tdm_grid_status":"","footnotes":""},"categories":[165],"tags":[8875,68,1620,9804],"class_list":{"0":"post-181326","1":"post","2":"type-post","3":"status-publish","4":"format-standard","6":"category-kreis-rems-murr","7":"tag-die-webzeitung","8":"tag-online-zeitung","9":"tag-rems-murr","10":"tag-wieslauftalbahn"},"image_feature":null,"author_name":"Redaktion","pure_taxonomies":{"categories":[{"term_id":165,"name":"Rems-Murr Kreis","slug":"kreis-rems-murr","term_group":0,"term_taxonomy_id":167,"taxonomy":"category","description":"","parent":171,"count":235,"filter":"raw","image":""}],"tags":[{"term_id":8875,"name":"Die-Webzeitung","slug":"die-webzeitung","term_group":0,"term_taxonomy_id":8876,"taxonomy":"post_tag","description":"","parent":0,"count":4254,"filter":"raw","image":""},{"term_id":68,"name":"Online-Zeitung","slug":"online-zeitung","term_group":0,"term_taxonomy_id":69,"taxonomy":"post_tag","description":"","parent":0,"count":4203,"filter":"raw","image":""},{"term_id":1620,"name":"Rems-Murr","slug":"rems-murr","term_group":0,"term_taxonomy_id":1629,"taxonomy":"post_tag","description":"","parent":0,"count":251,"filter":"raw","image":""},{"term_id":9804,"name":"Wieslauftalbahn","slug":"wieslauftalbahn","term_group":0,"term_taxonomy_id":9805,"taxonomy":"post_tag","description":"","parent":0,"count":2,"filter":"raw","image":""}]},"_links":{"self":[{"href":"https:\/\/die-webzeitung.de\/ludwigsburg\/wp-json\/wp\/v2\/posts\/181326","targetHints":{"allow":["GET"]}}],"collection":[{"href":"https:\/\/die-webzeitung.de\/ludwigsburg\/wp-json\/wp\/v2\/posts"}],"about":[{"href":"https:\/\/die-webzeitung.de\/ludwigsburg\/wp-json\/wp\/v2\/types\/post"}],"author":[{"embeddable":true,"href":"https:\/\/die-webzeitung.de\/ludwigsburg\/wp-json\/wp\/v2\/users\/4"}],"replies":[{"embeddable":true,"href":"https:\/\/die-webzeitung.de\/ludwigsburg\/wp-json\/wp\/v2\/comments?post=181326"}],"version-history":[{"count":1,"href":"https:\/\/die-webzeitung.de\/ludwigsburg\/wp-json\/wp\/v2\/posts\/181326\/revisions"}],"predecessor-version":[{"id":181327,"href":"https:\/\/die-webzeitung.de\/ludwigsburg\/wp-json\/wp\/v2\/posts\/181326\/revisions\/181327"}],"wp:attachment":[{"href":"https:\/\/die-webzeitung.de\/ludwigsburg\/wp-json\/wp\/v2\/media?parent=181326"}],"wp:term":[{"taxonomy":"category","embeddable":true,"href":"https:\/\/die-webzeitung.de\/ludwigsburg\/wp-json\/wp\/v2\/categories?post=181326"},{"taxonomy":"post_tag","embeddable":true,"href":"https:\/\/die-webzeitung.de\/ludwigsburg\/wp-json\/wp\/v2\/tags?post=181326"}],"curies":[{"name":"wp","href":"https:\/\/api.w.org\/{rel}","templated":true}]}}