{"id":181323,"date":"2026-04-29T16:31:42","date_gmt":"2026-04-29T15:31:42","guid":{"rendered":"https:\/\/die-webzeitung.de\/ludwigsburg\/?p=181323"},"modified":"2026-04-29T16:31:42","modified_gmt":"2026-04-29T15:31:42","slug":"gemeinderat-trifft-wichtige-personelle-entscheidungen-in-der-stadtverwaltung","status":"publish","type":"post","link":"https:\/\/die-webzeitung.de\/ludwigsburg\/2026\/04\/29\/gemeinderat-trifft-wichtige-personelle-entscheidungen-in-der-stadtverwaltung\/","title":{"rendered":"Gemeinderat trifft wichtige personelle Entscheidungen in der Stadtverwaltung"},"content":{"rendered":"<h4 style=\"text-align: justify;\"><strong>Leitung dreier Fachbereiche neu vergeben<\/strong><\/h4>\n<p style=\"text-align: justify;\">Ludwigsburg.| Der Gemeinderat hat in seiner Sitzung am 25. M\u00e4rz 2026 wichtige personelle Weichenstellungen f\u00fcr die weitere Entwicklung der Stadtverwaltung getroffen. Alle Entscheidungen wurden einstimmig gefasst. Die Beschl\u00fcsse im Einzelnen:<\/p>\n<p style=\"text-align: justify;\">Zum 01. Mai 2026 \u00fcbernimmt Wiebke Richert die Leitung der neu geschaffenen Gesch\u00e4ftsstelle ZwischenSpielZeit, die organisatorisch direkt OB Dr. Matthias Knecht zugeordnet ist. Ihre zentrale Aufgabe wird es sein, das Interimskulturprogramm w\u00e4hrend der Schlie\u00dfung des Forums zu planen und umzusetzen. Um ihr hierf\u00fcr den notwendigen Freiraum zu geben, gibt sie die langj\u00e4hrige Leitung des Fachbereichs Kunst und Kultur zum 30. April 2026 ab. Daf\u00fcr \u00fcbernimmt Raphael Dahler von diesem Zeitpunkt an kommissarisch die Leitung des Fachbereichs. Gleichzeitig bleibt er bis zum Jahresende Leiter des Fachbereichs Gesellschaftliche Teilhabe, Soziales und Sport.<\/p>\n<p style=\"text-align: justify;\">Zum 01. Januar 2027 traf der Gemeinderat folgende Personalentscheidungen:<\/p>\n<p style=\"text-align: justify;\">Die Leitung des neu aufgestellten Fachbereichs Kultur und Sport \u00fcbernimmt Raphael Dahler. Dieser wird dem Dezernat des Oberb\u00fcrgermeisters zugeordnet. Mit der B\u00fcndelung der beiden wichtigen Handlungsfelder sind erhebliche Synergien verbunden, deren Potenziale unter Dahlers Leitung gezielt weiterentwickelt werden sollen.<\/p>\n<p style=\"text-align: justify;\">F\u00fcr die Leitung des Fachbereichs Gesellschaftliche Teilhabe und Soziales ist Heinz Mayer zust\u00e4ndig, gegenw\u00e4rtig verantwortlich f\u00fcr den Fachbereich Sicherheit und Ordnung. Mit seiner Erfahrung wird er das soziale Profil des Fachbereichs \u2013 k\u00fcnftig ohne den Bereich Sport \u2013 weiter st\u00e4rken.<\/p>\n<p style=\"text-align: justify;\">J\u00fcrgen Schindler wird f\u00fcr den geschaffenen Fachbereich Sicherheit, Ordnung und B\u00fcrgerdienste verantwortlich sein. Damit \u00fcbernimmt der bisherige Leiter der B\u00fcrgerdienste den Aufbau eines modernen, b\u00fcrgerorientierten Dienstleistungsbereichs mit einer klaren Ausrichtung auf Service und digitale Angebote.<\/p>\n<p style=\"text-align: justify;\">\u201eUnsere angespannte finanzielle Situation sowie neue und immer schneller wechselnde gesellschaftliche Herausforderungen haben eine umfassende organisatorische Neuausrichtung der Stadtverwaltung notwendig gemacht\u201c, betont OB Knecht. \u201eErste Ver\u00e4nderungen sind bereits zum 01. Januar 2026 vorgenommen worden, ab 2027 werden wir zudem die Anzahl der Dezernate von vier auf drei reduzieren\u201c, so der OB weiter. \u201eDamit leisten wir unseren Beitrag zur Konsolidierung des Haushalts und erh\u00f6hen gleichzeitig die Leistungsf\u00e4higkeit der Stadtverwaltung.\u201c Es sei ihm wichtig, die Verwaltung vom B\u00fcrger her zu denken als wesentlichen Bestandteil aller Ver\u00e4nderungsprozesse. \u201eDazu werden Schnittstellen reduziert, Verantwortlichkeiten und Zust\u00e4ndigkeiten geb\u00fcndelt. Und nicht zuletzt ist das Ziel, die digitalen Potenziale zu nutzen, um hier moderner zu werden.\u201c<\/p>\n<hr \/>\n<p style=\"text-align: justify;\">\n","protected":false},"excerpt":{"rendered":"<p>Leitung dreier Fachbereiche neu vergeben Ludwigsburg.| Der Gemeinderat hat in seiner Sitzung am 25. M\u00e4rz 2026 wichtige personelle Weichenstellungen f\u00fcr die weitere Entwicklung der Stadtverwaltung getroffen. Alle Entscheidungen wurden einstimmig gefasst. Die Beschl\u00fcsse im Einzelnen: Zum 01. Mai 2026 \u00fcbernimmt Wiebke Richert die Leitung der neu geschaffenen Gesch\u00e4ftsstelle ZwischenSpielZeit, die organisatorisch direkt OB Dr. Matthias [&hellip;]<\/p>\n","protected":false},"author":4,"featured_media":181324,"comment_status":"closed","ping_status":"open","sticky":false,"template":"","format":"standard","meta":{"inline_featured_image":false,"_exactmetrics_skip_tracking":false,"_exactmetrics_sitenote_active":false,"_exactmetrics_sitenote_note":"","_exactmetrics_sitenote_category":0,"tdm_status":"","tdm_grid_status":"","footnotes":""},"categories":[67],"tags":[8875,4886,6,68,159],"class_list":{"0":"post-181323","1":"post","2":"type-post","3":"status-publish","4":"format-standard","5":"has-post-thumbnail","7":"category-ludwigsburg-lokal","8":"tag-die-webzeitung","9":"tag-fachbereich","10":"tag-ludwigsburg","11":"tag-online-zeitung","12":"tag-stadtverwaltung"},"image_feature":"https:\/\/die-webzeitung.de\/ludwigsburg\/wp-content\/uploads\/sites\/5\/2026\/04\/Pressebild_GR_2026_03_25.jpg","author_name":"Redaktion","pure_taxonomies":{"categories":[{"term_id":67,"name":"Ludwigsburg","slug":"ludwigsburg-lokal","term_group":0,"term_taxonomy_id":68,"taxonomy":"category","description":"","parent":1433,"count":653,"filter":"raw","image":""}],"tags":[{"term_id":8875,"name":"Die-Webzeitung","slug":"die-webzeitung","term_group":0,"term_taxonomy_id":8876,"taxonomy":"post_tag","description":"","parent":0,"count":4254,"filter":"raw","image":""},{"term_id":4886,"name":"Fachbereich","slug":"fachbereich","term_group":0,"term_taxonomy_id":4903,"taxonomy":"post_tag","description":"","parent":0,"count":1,"filter":"raw","image":""},{"term_id":6,"name":"Ludwigsburg","slug":"ludwigsburg","term_group":0,"term_taxonomy_id":6,"taxonomy":"post_tag","description":"","parent":0,"count":1351,"filter":"raw","image":""},{"term_id":68,"name":"Online-Zeitung","slug":"online-zeitung","term_group":0,"term_taxonomy_id":69,"taxonomy":"post_tag","description":"","parent":0,"count":4203,"filter":"raw","image":""},{"term_id":159,"name":"Stadtverwaltung","slug":"stadtverwaltung","term_group":0,"term_taxonomy_id":161,"taxonomy":"post_tag","description":"","parent":0,"count":9,"filter":"raw","image":""}]},"_links":{"self":[{"href":"https:\/\/die-webzeitung.de\/ludwigsburg\/wp-json\/wp\/v2\/posts\/181323","targetHints":{"allow":["GET"]}}],"collection":[{"href":"https:\/\/die-webzeitung.de\/ludwigsburg\/wp-json\/wp\/v2\/posts"}],"about":[{"href":"https:\/\/die-webzeitung.de\/ludwigsburg\/wp-json\/wp\/v2\/types\/post"}],"author":[{"embeddable":true,"href":"https:\/\/die-webzeitung.de\/ludwigsburg\/wp-json\/wp\/v2\/users\/4"}],"replies":[{"embeddable":true,"href":"https:\/\/die-webzeitung.de\/ludwigsburg\/wp-json\/wp\/v2\/comments?post=181323"}],"version-history":[{"count":1,"href":"https:\/\/die-webzeitung.de\/ludwigsburg\/wp-json\/wp\/v2\/posts\/181323\/revisions"}],"predecessor-version":[{"id":181325,"href":"https:\/\/die-webzeitung.de\/ludwigsburg\/wp-json\/wp\/v2\/posts\/181323\/revisions\/181325"}],"wp:featuredmedia":[{"embeddable":true,"href":"https:\/\/die-webzeitung.de\/ludwigsburg\/wp-json\/wp\/v2\/media\/181324"}],"wp:attachment":[{"href":"https:\/\/die-webzeitung.de\/ludwigsburg\/wp-json\/wp\/v2\/media?parent=181323"}],"wp:term":[{"taxonomy":"category","embeddable":true,"href":"https:\/\/die-webzeitung.de\/ludwigsburg\/wp-json\/wp\/v2\/categories?post=181323"},{"taxonomy":"post_tag","embeddable":true,"href":"https:\/\/die-webzeitung.de\/ludwigsburg\/wp-json\/wp\/v2\/tags?post=181323"}],"curies":[{"name":"wp","href":"https:\/\/api.w.org\/{rel}","templated":true}]}}