{"id":181318,"date":"2026-04-29T16:21:28","date_gmt":"2026-04-29T15:21:28","guid":{"rendered":"https:\/\/die-webzeitung.de\/ludwigsburg\/?p=181318"},"modified":"2026-04-29T16:21:28","modified_gmt":"2026-04-29T15:21:28","slug":"gemeinsam-fuer-die-gesundheit-im-landkreis","status":"publish","type":"post","link":"https:\/\/die-webzeitung.de\/ludwigsburg\/2026\/04\/29\/gemeinsam-fuer-die-gesundheit-im-landkreis\/","title":{"rendered":"Gemeinsam f\u00fcr die Gesundheit im Landkreis"},"content":{"rendered":"<p style=\"text-align: justify;\">Ludwigsburg.| Als zentrales Steuerungselement der regionalen Gesundheitsplanung im Landkreis Ludwigsburg ist vor kurzem die Kommunale Gesundheitskonferenz (KGK) zusammengekommen. Das Gremium dient als strategische Plattform, um lokale Akteurinnen und Akteure aus der Pr\u00e4vention und der medizinischen Versorgung an einen Tisch zu bringen und gemeinsam Strukturen f\u00fcr ein gesundes Aufwachsen und \u00c4lterwerden im Landkreis zu schaffen.<\/p>\n<p style=\"text-align: justify;\">In der j\u00e4hrlich stattfindenden Vollversammlung b\u00fcndelt der Landkreis die Expertise verschiedenster Institutionen. Das Spektrum der Mitglieder reicht von den Kreistagsfraktionen \u00fcber Krankenkassen und Vertretungen der \u00c4rzteschaft bis hin zu Bildungs- und Wohlfahrtsverb\u00e4nden und Experten aus dem Landratsamt. Damit wollen die Teilnehmenden Bedarfe fr\u00fchzeitig erkennen und passgenaue Ma\u00dfnahmen f\u00fcr die Bev\u00f6lkerung entwickeln.<\/p>\n<p style=\"text-align: justify;\">\u201eDie Kommunale Gesundheitskonferenz zeigt eindrucksvoll, wie wichtig eine enge Vernetzung aller Beteiligten ist. Nur gemeinsam k\u00f6nnen wir die gesundheitlichen Herausforderungen im Landkreis fr\u00fchzeitig erkennen und nachhaltige L\u00f6sungen entwickeln\u201c, betont Dr. Karlin Stark, Gesundheitsdezernentin. \u201eUnser Ziel ist es, die Gesundheitschancen f\u00fcr alle B\u00fcrgerinnen und B\u00fcrger weiter zu verbessern und eine wohnortnahe, bedarfsgerechte Versorgung langfristig zu sichern.\u201c<\/p>\n<p style=\"text-align: justify;\"><strong>Aktuelle Schwerpunkte und Projekte im Fokus<\/strong><\/p>\n<p style=\"text-align: justify;\">Im Mittelpunkt der diesj\u00e4hrigen Konferenz standen Berichte aus der Gesundheitsplanung und -f\u00f6rderung sowie mehrere zentrale Projekte.<\/p>\n<p style=\"text-align: justify;\">Unter anderem stellte die Arbeitsgruppe Adipositas Projekte vor, die sie in den zwei Jahren ihres Bestehens umgesetzt hat. Dazu geh\u00f6ren kostenlose Bewegungskurse mit Kooperationsvereinen sowie kostenlose Ern\u00e4hrungskurse. Der Einsatz lohnt sich. 2025 wurde das Projekt \u201eGemeinsam stark \u2013 Bewegungsf\u00f6rderung f\u00fcr Kinder mit \u00dcbergewicht im Landkreis Ludwigsburg\u201c, das in Kooperation zwischen AG Adipositas und dem Sportkreis Ludwigsburg entstanden ist, mit dem F\u00f6rderpreis des W\u00fcrttembergischen Landessportbund e.V. ausgezeichnet.<\/p>\n<p style=\"text-align: justify;\">Des Weiteren wurden die Fortschritte im Aufbau eines Weiterbildungsverbunds im Landkreis Ludwigsburg vorgestellt. Der Verbund soll k\u00fcnftig dazu beitragen, medizinische Versorgung zu sichern und die Attraktivit\u00e4t des Standorts f\u00fcr angehende \u00c4rztinnen und \u00c4rzte zu st\u00e4rken. Daf\u00fcr erm\u00f6glicht der Verbund beispielweise strukturierte und planbare Weiterbildungsabschnitte nach der Approbation.<\/p>\n<p style=\"text-align: justify;\">Dar\u00fcber hinaus diskutierten die Teilnehmenden, wie die Kommunale Gesundheitskonferenz weiterentwickelt werden kann. Ziel ist es, die \u00f6ffentliche Ausrichtung weiter auszubauen, Beteiligungsm\u00f6glichkeiten f\u00fcr B\u00fcrgerinnen und B\u00fcrger zu st\u00e4rken und neue Impulse f\u00fcr die kommunale Gesundheitsplanung zu setzen.<\/p>\n<p style=\"text-align: justify;\"><strong>Initiativen f\u00fcr inklusive und barrierefreie Gesundheit<\/strong><\/p>\n<p style=\"text-align: justify;\">Weitere Tagesordnungspunkte r\u00fcckten gesellschaftlich relevante Themen in den Fokus:<br \/>\nSo wurden die Pl\u00e4ne zur Etablierung eines Medizinischen Zentrums f\u00fcr Erwachsene mit Behinderung im Landkreis Ludwigsburg vorgestellt, das perspektivisch die Versorgung dieser besonders vulnerablen Zielgruppe verbessern soll.<\/p>\n<p style=\"text-align: justify;\">Das Projekt einer Sprechstunde f\u00fcr Menschen ohne Krankenversicherung im Gesundheitsamt Ludwigsburg, das noch im Laufe dieses Jahres starten soll, thematisiert den bestehenden Versorgungsbedarf. Kern des Projekts ist es, auf bestehende Versorgungsl\u00fccken aufmerksam zu machen und L\u00f6sungsans\u00e4tze zur besseren Unterst\u00fctzung der betroffenen Menschen aufzuzeigen.<\/p>\n<p style=\"text-align: justify;\"><strong>Austausch und Ausblick<\/strong><\/p>\n<p style=\"text-align: justify;\">Abschlie\u00dfend bot die Konferenz Raum f\u00fcr einen offenen Austausch, in dem W\u00fcnsche und Anregungen der Teilnehmenden direkt aufgenommen wurden.<\/p>\n<p style=\"text-align: justify;\">Die Kommunale Gesundheitskonferenz bleibt ein zentraler Motor f\u00fcr eine bedarfsgerechte, vernetzte und zukunftsorientierte Gesundheitslandschaft im Landkreis Ludwigsburg.<\/p>\n<hr \/>\n<p style=\"text-align: justify;\">\n","protected":false},"excerpt":{"rendered":"<p>Ludwigsburg.| Als zentrales Steuerungselement der regionalen Gesundheitsplanung im Landkreis Ludwigsburg ist vor kurzem die Kommunale Gesundheitskonferenz (KGK) zusammengekommen. Das Gremium dient als strategische Plattform, um lokale Akteurinnen und Akteure aus der Pr\u00e4vention und der medizinischen Versorgung an einen Tisch zu bringen und gemeinsam Strukturen f\u00fcr ein gesundes Aufwachsen und \u00c4lterwerden im Landkreis zu schaffen. In [&hellip;]<\/p>\n","protected":false},"author":4,"featured_media":181319,"comment_status":"closed","ping_status":"open","sticky":false,"template":"","format":"standard","meta":{"inline_featured_image":false,"_exactmetrics_skip_tracking":false,"_exactmetrics_sitenote_active":false,"_exactmetrics_sitenote_note":"","_exactmetrics_sitenote_category":0,"tdm_status":"","tdm_grid_status":"","footnotes":""},"categories":[65],"tags":[8875,8329,6,68,898],"class_list":{"0":"post-181318","1":"post","2":"type-post","3":"status-publish","4":"format-standard","5":"has-post-thumbnail","7":"category-kreis_ludwigsburg","8":"tag-die-webzeitung","9":"tag-gesundheit","10":"tag-ludwigsburg","11":"tag-online-zeitung","12":"tag-planung"},"image_feature":"https:\/\/die-webzeitung.de\/ludwigsburg\/wp-content\/uploads\/sites\/5\/2026\/04\/20260424_12_Kommunale_Gesundheitskonf_013_a_Druck-scaled.jpg","author_name":"Redaktion","pure_taxonomies":{"categories":[{"term_id":65,"name":"Kreis Ludwigsburg","slug":"kreis_ludwigsburg","term_group":0,"term_taxonomy_id":66,"taxonomy":"category","description":"","parent":171,"count":629,"filter":"raw","image":""}],"tags":[{"term_id":8875,"name":"Die-Webzeitung","slug":"die-webzeitung","term_group":0,"term_taxonomy_id":8876,"taxonomy":"post_tag","description":"","parent":0,"count":4254,"filter":"raw","image":""},{"term_id":8329,"name":"Gesundheit","slug":"gesundheit","term_group":0,"term_taxonomy_id":214,"taxonomy":"post_tag","description":"","parent":0,"count":10,"filter":"raw","image":""},{"term_id":6,"name":"Ludwigsburg","slug":"ludwigsburg","term_group":0,"term_taxonomy_id":6,"taxonomy":"post_tag","description":"","parent":0,"count":1351,"filter":"raw","image":""},{"term_id":68,"name":"Online-Zeitung","slug":"online-zeitung","term_group":0,"term_taxonomy_id":69,"taxonomy":"post_tag","description":"","parent":0,"count":4203,"filter":"raw","image":""},{"term_id":898,"name":"Planung","slug":"planung","term_group":0,"term_taxonomy_id":907,"taxonomy":"post_tag","description":"","parent":0,"count":2,"filter":"raw","image":""}]},"_links":{"self":[{"href":"https:\/\/die-webzeitung.de\/ludwigsburg\/wp-json\/wp\/v2\/posts\/181318","targetHints":{"allow":["GET"]}}],"collection":[{"href":"https:\/\/die-webzeitung.de\/ludwigsburg\/wp-json\/wp\/v2\/posts"}],"about":[{"href":"https:\/\/die-webzeitung.de\/ludwigsburg\/wp-json\/wp\/v2\/types\/post"}],"author":[{"embeddable":true,"href":"https:\/\/die-webzeitung.de\/ludwigsburg\/wp-json\/wp\/v2\/users\/4"}],"replies":[{"embeddable":true,"href":"https:\/\/die-webzeitung.de\/ludwigsburg\/wp-json\/wp\/v2\/comments?post=181318"}],"version-history":[{"count":1,"href":"https:\/\/die-webzeitung.de\/ludwigsburg\/wp-json\/wp\/v2\/posts\/181318\/revisions"}],"predecessor-version":[{"id":181320,"href":"https:\/\/die-webzeitung.de\/ludwigsburg\/wp-json\/wp\/v2\/posts\/181318\/revisions\/181320"}],"wp:featuredmedia":[{"embeddable":true,"href":"https:\/\/die-webzeitung.de\/ludwigsburg\/wp-json\/wp\/v2\/media\/181319"}],"wp:attachment":[{"href":"https:\/\/die-webzeitung.de\/ludwigsburg\/wp-json\/wp\/v2\/media?parent=181318"}],"wp:term":[{"taxonomy":"category","embeddable":true,"href":"https:\/\/die-webzeitung.de\/ludwigsburg\/wp-json\/wp\/v2\/categories?post=181318"},{"taxonomy":"post_tag","embeddable":true,"href":"https:\/\/die-webzeitung.de\/ludwigsburg\/wp-json\/wp\/v2\/tags?post=181318"}],"curies":[{"name":"wp","href":"https:\/\/api.w.org\/{rel}","templated":true}]}}