{"id":181302,"date":"2026-04-27T16:30:27","date_gmt":"2026-04-27T15:30:27","guid":{"rendered":"https:\/\/die-webzeitung.de\/ludwigsburg\/?p=181302"},"modified":"2026-04-27T16:30:27","modified_gmt":"2026-04-27T15:30:27","slug":"wuerttleben-senkt-bu-beitraege-fuer-schuelerinnen-und-schueler","status":"publish","type":"post","link":"https:\/\/die-webzeitung.de\/ludwigsburg\/2026\/04\/27\/wuerttleben-senkt-bu-beitraege-fuer-schuelerinnen-und-schueler\/","title":{"rendered":"W\u00fcrttLeben senkt BU-Beitr\u00e4ge f\u00fcr Sch\u00fclerinnen und Sch\u00fcler\u00a0\u00a0"},"content":{"rendered":"<p style=\"text-align: justify;\"><strong>Die W\u00fcrttembergische Lebensversicherung AG (W\u00fcrttLeben) hat ihre Berufsunf\u00e4higkeitsversicherung (BU) f\u00fcr Sch\u00fclerinnen und Sch\u00fcler umfassend \u00fcberarbeitet und verbessert. Ab sofort k\u00f6nnen die jungen Kundinnen und Kunden mit bis zu 25 Prozent g\u00fcnstigeren Monatsbeitr\u00e4gen eine BU-Rente bis zu einer H\u00f6he von 1.500 Euro monatlich absichern.<\/strong><\/p>\n<p style=\"text-align: justify;\">Aktuellen Statistiken zufolge wird ein Mitglied einer vierk\u00f6pfigen Familie im Laufe seines Berufslebens berufsunf\u00e4hig. Eine fr\u00fchzeitige Absicherung ist daher f\u00fcr die gesamte Familie empfehlenswert. Auch Sch\u00fclerinnen und Sch\u00fcler sind nicht vor den Risiken l\u00e4ngerer Krankheiten oder Unf\u00e4llen gesch\u00fctzt, die dazu f\u00fchren k\u00f6nnen, dass der Schulalltag nicht mehr regul\u00e4r bew\u00e4ltigt werden kann. In solchen F\u00e4llen tritt h\u00e4ufig ein Elternteil beruflich k\u00fcrzer. F\u00fcr die Einstufung als berufsunf\u00e4hig bzw. schulunf\u00e4hig gilt: Ist der Alltag an einer Regelschule ohne spezielle F\u00f6rderung zu mindestens 50 Prozent nicht mehr m\u00f6glich, wird die vereinbarte monatliche BU-Rente ausgezahlt. So lassen sich finanzielle Einbu\u00dfen abfedern.<\/p>\n<p style=\"text-align: justify;\">Expertinnen und Experten empfehlen, eine Berufsunf\u00e4higkeitsversicherung so fr\u00fch wie m\u00f6glich abzuschlie\u00dfen. Sie sollte in der Regel bis zum Rentenbeginn vereinbart werden, um einen l\u00fcckenlosen \u00dcbergang in die Altersrente zu erm\u00f6glichen. Wer sich in jungen Jahren absichert, profitiert zudem von besonders g\u00fcnstigen Beitr\u00e4gen, die sich an Faktoren wie der Vertragslaufzeit, der vereinbarten Rentenh\u00f6he und einem h\u00e4ufig besseren Gesundheitszustand orientieren. Ein Beispiel: F\u00fcr eine 16-j\u00e4hrige Sch\u00fclerin oder einen gleichaltrigen Sch\u00fcler in gutem Gesundheitszustand und ohne risikoreiche Hobbys ist eine Absicherung bei der W\u00fcrttLeben bereits f\u00fcr 40 Euro monatlich m\u00f6glich. Im Leistungsfall wird dann eine monatliche BU-Rente von 1.500 Euro ausgezahlt.<\/p>\n<p style=\"text-align: justify;\">Beim Abschluss einer BU-Versicherung f\u00fcr Sch\u00fclerinnen und Sch\u00fcler sollte auf bestimmte Vertragsinhalte geachtet werden: Wichtige Merkmale sind der Verzicht auf eine abstrakte Verweisung, eine Nachversicherungsgarantie und\/oder Dynamik, Verl\u00e4ngerungsoptionen sowie die M\u00f6glichkeit einer sp\u00e4teren Berufsverbesserung.<\/p>\n<hr \/>\n<p style=\"text-align: justify;\">\n","protected":false},"excerpt":{"rendered":"<p>Die W\u00fcrttembergische Lebensversicherung AG (W\u00fcrttLeben) hat ihre Berufsunf\u00e4higkeitsversicherung (BU) f\u00fcr Sch\u00fclerinnen und Sch\u00fcler umfassend \u00fcberarbeitet und verbessert. Ab sofort k\u00f6nnen die jungen Kundinnen und Kunden mit bis zu 25 Prozent g\u00fcnstigeren Monatsbeitr\u00e4gen eine BU-Rente bis zu einer H\u00f6he von 1.500 Euro monatlich absichern. Aktuellen Statistiken zufolge wird ein Mitglied einer vierk\u00f6pfigen Familie im Laufe seines [&hellip;]<\/p>\n","protected":false},"author":4,"featured_media":0,"comment_status":"closed","ping_status":"open","sticky":false,"template":"","format":"standard","meta":{"inline_featured_image":false,"_exactmetrics_skip_tracking":false,"_exactmetrics_sitenote_active":false,"_exactmetrics_sitenote_note":"","_exactmetrics_sitenote_category":0,"tdm_status":"","tdm_grid_status":"","footnotes":""},"categories":[479],"tags":[13160,8875,4151,68,18],"class_list":{"0":"post-181302","1":"post","2":"type-post","3":"status-publish","4":"format-standard","6":"category-wirtschaft","7":"tag-berufsunfaehigkeit","8":"tag-die-webzeitung","9":"tag-lebensversicherung","10":"tag-online-zeitung","11":"tag-wurttembergische"},"image_feature":null,"author_name":"Redaktion","pure_taxonomies":{"categories":[{"term_id":479,"name":"Wirtschaft","slug":"wirtschaft","term_group":0,"term_taxonomy_id":1941,"taxonomy":"category","description":"","parent":0,"count":391,"filter":"raw","image":""}],"tags":[{"term_id":13160,"name":"Berufsunf\u00e4higkeit","slug":"berufsunfaehigkeit","term_group":0,"term_taxonomy_id":13161,"taxonomy":"post_tag","description":"","parent":0,"count":1,"filter":"raw","image":""},{"term_id":8875,"name":"Die-Webzeitung","slug":"die-webzeitung","term_group":0,"term_taxonomy_id":8876,"taxonomy":"post_tag","description":"","parent":0,"count":4249,"filter":"raw","image":""},{"term_id":4151,"name":"Lebensversicherung","slug":"lebensversicherung","term_group":0,"term_taxonomy_id":4164,"taxonomy":"post_tag","description":"","parent":0,"count":2,"filter":"raw","image":""},{"term_id":68,"name":"Online-Zeitung","slug":"online-zeitung","term_group":0,"term_taxonomy_id":69,"taxonomy":"post_tag","description":"","parent":0,"count":4198,"filter":"raw","image":""},{"term_id":18,"name":"W\u00fcrttembergische","slug":"wurttembergische","term_group":0,"term_taxonomy_id":18,"taxonomy":"post_tag","description":"","parent":0,"count":113,"filter":"raw","image":""}]},"_links":{"self":[{"href":"https:\/\/die-webzeitung.de\/ludwigsburg\/wp-json\/wp\/v2\/posts\/181302","targetHints":{"allow":["GET"]}}],"collection":[{"href":"https:\/\/die-webzeitung.de\/ludwigsburg\/wp-json\/wp\/v2\/posts"}],"about":[{"href":"https:\/\/die-webzeitung.de\/ludwigsburg\/wp-json\/wp\/v2\/types\/post"}],"author":[{"embeddable":true,"href":"https:\/\/die-webzeitung.de\/ludwigsburg\/wp-json\/wp\/v2\/users\/4"}],"replies":[{"embeddable":true,"href":"https:\/\/die-webzeitung.de\/ludwigsburg\/wp-json\/wp\/v2\/comments?post=181302"}],"version-history":[{"count":1,"href":"https:\/\/die-webzeitung.de\/ludwigsburg\/wp-json\/wp\/v2\/posts\/181302\/revisions"}],"predecessor-version":[{"id":181303,"href":"https:\/\/die-webzeitung.de\/ludwigsburg\/wp-json\/wp\/v2\/posts\/181302\/revisions\/181303"}],"wp:attachment":[{"href":"https:\/\/die-webzeitung.de\/ludwigsburg\/wp-json\/wp\/v2\/media?parent=181302"}],"wp:term":[{"taxonomy":"category","embeddable":true,"href":"https:\/\/die-webzeitung.de\/ludwigsburg\/wp-json\/wp\/v2\/categories?post=181302"},{"taxonomy":"post_tag","embeddable":true,"href":"https:\/\/die-webzeitung.de\/ludwigsburg\/wp-json\/wp\/v2\/tags?post=181302"}],"curies":[{"name":"wp","href":"https:\/\/api.w.org\/{rel}","templated":true}]}}