{"id":181290,"date":"2026-04-27T10:10:01","date_gmt":"2026-04-27T09:10:01","guid":{"rendered":"https:\/\/die-webzeitung.de\/ludwigsburg\/?p=181290"},"modified":"2026-04-27T10:10:01","modified_gmt":"2026-04-27T09:10:01","slug":"polizei-report-kreis-ludwigsburg-woche-18","status":"publish","type":"post","link":"https:\/\/die-webzeitung.de\/ludwigsburg\/2026\/04\/27\/polizei-report-kreis-ludwigsburg-woche-18\/","title":{"rendered":"Polizei-Report Kreis Ludwigsburg | Woche 18"},"content":{"rendered":"<p><em>Quelle: ots<\/em><\/p>\n<p style=\"text-align: justify;\"><strong>Bietigheim-Bissingen: Pkw zerkratzt &#8211; Zeugen gesucht<\/strong><br \/>\nEin noch unbekannter T\u00e4ter zerkratzte am Sonntag (26.04.2026) zwischen 10.00 Uhr und 17.30 Uhr sowohl den Lack der Fahrer- als auch der Beifahrerseite eines BMW, der in der Uhlandstra\u00dfe in Bietigheim-Bissingen geparkt war. Der Sachschaden d\u00fcrfte sich auf mindestens 2.000 Euro belaufen.<br \/>\nSachdienliche Zeugenhinweise nimmt das Polizeirevier Bietigheim-Bissingen unter der Tel. 07142 405-0 oder per E-Mail an <a href=\"mailto:bietigheim-bissingen.prev@polizei.bwl.de\" target=\"_blank\" rel=\"noopener\">bietigheim-bissingen.prev@polizei.bwl.de<\/a> entgegen.<\/p>\n<p style=\"text-align: justify;\"><strong>M\u00f6glingen: rund 2.000 Euro Sachschaden durch Steinw\u00fcrfe<\/strong><br \/>\nDas Polizeirevier Kornwestheim, Tel. 07154 1313-0 oder E-Mail: <a href=\"mailto:kornwestheim.prev@polizei.bwl.de\" target=\"_blank\" rel=\"noopener\">kornwestheim.prev@polizei.bwl.de<\/a>, sucht Zeugen zu einer Sachbesch\u00e4digung, die am Sonntag (26.04.2026) etwa zwischen 13.00 Uhr und 18.30 Uhr in der Kirchgasse in M\u00f6glingen durch noch Unbekannte ver\u00fcbt wurde. Die Unbekannten sollen Steine gegen die Fassade und die Fenster eines Wohnhauses geworfen haben, was zu einem Sachschaden von rund 2.000 Euro f\u00fchrte. Die Polizei sucht nun Zeugen, die Hinweise zu den unbekannten T\u00e4tern geben k\u00f6nnen und bitte diese, sich zu melden.<\/p>\n<p style=\"text-align: justify;\"><strong>Bietigheim-Bissingen: mobiler Messanh\u00e4nger mit Farbe bespr\u00fcht<\/strong><br \/>\nNoch unbekannte T\u00e4ter bespr\u00fchten zwischen Samstag (25.04.2026), 23.00 Uhr und Sonntag (26.04.2026), 12.00 Uhr in der Berliner Stra\u00dfe in Bietigheim-Bissingen einen mobilen Messanh\u00e4nger, der zur Geschwindigkeits\u00fcberwachung dient (Enforcement Trailer) mit roter Farbe.<br \/>\nDie T\u00e4ter verteilten die Farbe sowohl auf der Linse als auch auf den Seiten des Anh\u00e4ngers. Auf einer Seite brachten die T\u00e4ter mit roter Farbe ein etwa 50 mal 50 cm gro\u00dfes Hakenkreuz an, weshalb die Kriminalpolizei des Polizeipr\u00e4sidiums Ludwigsburg die Ermittlungen aufgenommen hat.<br \/>\nUnter der Tel. 0800 1100225 oder per E-Mail an <a href=\"mailto:hinweise.kripo.boeblingen@polizei.bwl.de\" target=\"_blank\" rel=\"noopener\">hinweise.kripo.boeblingen@polizei.bwl.de<\/a> nehmen die Ermittlerinnen und Ermittler sachdienliche Zeugenhinweise entgegen.<br \/>\nDer entstandene Sachschaden kann noch nicht genau beziffert werden.<\/p>\n<p style=\"text-align: justify;\"><strong>Ludwigsburg: Brand eines Schnellrestaurants in der Kurf\u00fcrstenstra\u00dfe<\/strong><br \/>\nAm Sonntag (26.04.2026) wurde der Polizei gegen 18.20 Uhr ein Brand eines Schnellrestaurants in der Kurf\u00fcrstenstra\u00dfe in Ludwigsburg gemeldet. Als die erste Streifenwagenbesatzung vor Ort eintraf, waren deutlich Flammen sichtbar und es war bereits zu einer starken Rauchentwicklung gekommen. Die eingesetzte Feuerwehr musste eine bettl\u00e4gerige Person aus dem Wohnbereich oberhalb des Restaurants retten. Sie wurde vorsorglich durch den Rettungsdienst in ein Krankenhaus gebracht. Ein 35-J\u00e4hriger, der noch versuchte hatte, das Feuer zu l\u00f6schen, erlitt, wie drei weitere Personen, leichte Verletzungen. Der 35-J\u00e4hrige und eine der leicht verletzten Personen wurden ebenfalls vom Rettungsdienst in Krankenh\u00e4user transportiert. W\u00e4hrend der Einsatzma\u00dfnahmen musste das gesamte Geb\u00e4ude ger\u00e4umt werden. Gegen 19.10 Uhr waren die Ma\u00dfnahmen der Feuerwehr beendet und das gesamte Geb\u00e4ude konnte hierauf wieder betreten werden. Die durch die Polizei gesperrte Kurf\u00fcrstenstra\u00dfe konnte gegen 19.45 Uhr wieder frei gegeben werden. Der entstandene Sachschaden wird derzeit auf rund 150.000 Euro gesch\u00e4tzt. Mutma\u00dflich d\u00fcrfte ein Fettbrand urs\u00e4chlich f\u00fcr das Feuer gewesen sein.<\/p>\n<hr \/>\n<p style=\"text-align: justify;\">\n","protected":false},"excerpt":{"rendered":"<p>Quelle: ots Bietigheim-Bissingen: Pkw zerkratzt &#8211; Zeugen gesucht Ein noch unbekannter T\u00e4ter zerkratzte am Sonntag (26.04.2026) zwischen 10.00 Uhr und 17.30 Uhr sowohl den Lack der Fahrer- als auch der Beifahrerseite eines BMW, der in der Uhlandstra\u00dfe in Bietigheim-Bissingen geparkt war. Der Sachschaden d\u00fcrfte sich auf mindestens 2.000 Euro belaufen. Sachdienliche Zeugenhinweise nimmt das Polizeirevier [&hellip;]<\/p>\n","protected":false},"author":4,"featured_media":172453,"comment_status":"closed","ping_status":"open","sticky":false,"template":"","format":"standard","meta":{"inline_featured_image":false,"_exactmetrics_skip_tracking":false,"_exactmetrics_sitenote_active":false,"_exactmetrics_sitenote_note":"","_exactmetrics_sitenote_category":0,"tdm_status":"","tdm_grid_status":"","footnotes":""},"categories":[4887],"tags":[8875,6,68,205,1625],"class_list":{"0":"post-181290","1":"post","2":"type-post","3":"status-publish","4":"format-standard","5":"has-post-thumbnail","7":"category-region-ludwigsburg","8":"tag-die-webzeitung","9":"tag-ludwigsburg","10":"tag-online-zeitung","11":"tag-polizei","12":"tag-report"},"image_feature":"https:\/\/die-webzeitung.de\/ludwigsburg\/wp-content\/uploads\/sites\/5\/2024\/02\/Polizei-Pix-scaled.jpg","author_name":"Redaktion","pure_taxonomies":{"categories":[{"term_id":4887,"name":"Polizei-Report Ludwigsburg","slug":"region-ludwigsburg","term_group":0,"term_taxonomy_id":4904,"taxonomy":"category","description":"Polizeiberichte aus der Region des Landkreises Ludwigsburg","parent":1619,"count":68,"filter":"raw","image":""}],"tags":[{"term_id":8875,"name":"Die-Webzeitung","slug":"die-webzeitung","term_group":0,"term_taxonomy_id":8876,"taxonomy":"post_tag","description":"","parent":0,"count":4246,"filter":"raw","image":""},{"term_id":6,"name":"Ludwigsburg","slug":"ludwigsburg","term_group":0,"term_taxonomy_id":6,"taxonomy":"post_tag","description":"","parent":0,"count":1348,"filter":"raw","image":""},{"term_id":68,"name":"Online-Zeitung","slug":"online-zeitung","term_group":0,"term_taxonomy_id":69,"taxonomy":"post_tag","description":"","parent":0,"count":4195,"filter":"raw","image":""},{"term_id":205,"name":"Polizei","slug":"polizei","term_group":0,"term_taxonomy_id":208,"taxonomy":"post_tag","description":"","parent":0,"count":186,"filter":"raw","image":""},{"term_id":1625,"name":"Report","slug":"report","term_group":0,"term_taxonomy_id":1634,"taxonomy":"post_tag","description":"","parent":0,"count":138,"filter":"raw","image":""}]},"_links":{"self":[{"href":"https:\/\/die-webzeitung.de\/ludwigsburg\/wp-json\/wp\/v2\/posts\/181290","targetHints":{"allow":["GET"]}}],"collection":[{"href":"https:\/\/die-webzeitung.de\/ludwigsburg\/wp-json\/wp\/v2\/posts"}],"about":[{"href":"https:\/\/die-webzeitung.de\/ludwigsburg\/wp-json\/wp\/v2\/types\/post"}],"author":[{"embeddable":true,"href":"https:\/\/die-webzeitung.de\/ludwigsburg\/wp-json\/wp\/v2\/users\/4"}],"replies":[{"embeddable":true,"href":"https:\/\/die-webzeitung.de\/ludwigsburg\/wp-json\/wp\/v2\/comments?post=181290"}],"version-history":[{"count":2,"href":"https:\/\/die-webzeitung.de\/ludwigsburg\/wp-json\/wp\/v2\/posts\/181290\/revisions"}],"predecessor-version":[{"id":181294,"href":"https:\/\/die-webzeitung.de\/ludwigsburg\/wp-json\/wp\/v2\/posts\/181290\/revisions\/181294"}],"wp:featuredmedia":[{"embeddable":true,"href":"https:\/\/die-webzeitung.de\/ludwigsburg\/wp-json\/wp\/v2\/media\/172453"}],"wp:attachment":[{"href":"https:\/\/die-webzeitung.de\/ludwigsburg\/wp-json\/wp\/v2\/media?parent=181290"}],"wp:term":[{"taxonomy":"category","embeddable":true,"href":"https:\/\/die-webzeitung.de\/ludwigsburg\/wp-json\/wp\/v2\/categories?post=181290"},{"taxonomy":"post_tag","embeddable":true,"href":"https:\/\/die-webzeitung.de\/ludwigsburg\/wp-json\/wp\/v2\/tags?post=181290"}],"curies":[{"name":"wp","href":"https:\/\/api.w.org\/{rel}","templated":true}]}}