{"id":181288,"date":"2026-04-27T10:06:44","date_gmt":"2026-04-27T09:06:44","guid":{"rendered":"https:\/\/die-webzeitung.de\/ludwigsburg\/?p=181288"},"modified":"2026-04-27T10:06:44","modified_gmt":"2026-04-27T09:06:44","slug":"polizei-report-rems-murr-kreis-woche-18","status":"publish","type":"post","link":"https:\/\/die-webzeitung.de\/ludwigsburg\/2026\/04\/27\/polizei-report-rems-murr-kreis-woche-18\/","title":{"rendered":"Polizei-Report Rems-Murr-Kreis | Woche 18"},"content":{"rendered":"<p><em>Quelle: ots<\/em><\/p>\n<p style=\"text-align: justify;\"><strong>Oppenweiler: Brand<br \/>\n<\/strong>Aus noch unklarer Ursache kam es am Sonntagmorgen, gegen 04:50 Uhr zu einem Brand im Bereich von M\u00fclleimerstellpl\u00e4tzen in der R\u00f6merstra\u00dfe. Die Flammen griffen auf einen angebauten Carport und eine \u00dcberdachung des Nachbargrundst\u00fccks \u00fcber. Das Feuer konnte durch Bewohner vor Eintreffen der Feuerwehr gel\u00f6scht werden. Es entstand ein Sachschaden von etwa 20.000 Euro. Verletzt wurde niemand. Die Feuerwehr Oppenweiler war mit 2 Fahrzeugen und 11 Einsatzkr\u00e4ften vor Ort.<\/p>\n<p style=\"text-align: justify;\"><strong>Backnang: Trunkenheitsfahrt<br \/>\n<\/strong>Am Freitagabend, gegen 18:50 Uhr wurde ein 30-j\u00e4hriger Fahrer eines E-Scooters in der Sulzbacher Stra\u00dfe einer Verkehrskontrolle unterzogen und auf seine Fahrt\u00fcchtigkeit \u00fcberpr\u00fcft. Ein freiwillig durchgef\u00fchrter Atemalkoholtest ergab beim 30-J\u00e4hrigen einen Wert von \u00fcber 1,4 Promille. Er musste sich einer Blutentnahme unterziehen und muss mit einer Anzeige rechnen.<\/p>\n<p style=\"text-align: justify;\"><strong>Fellbach: Unfall &#8211; Stra\u00dfenverlauf falsch eingesch\u00e4tzt<br \/>\n<\/strong>Eine 77-j\u00e4hrige Ford-Fahrerin war am Samstagnachmittag, gegen 16:50 Uhr auf der Schorndorfer Stra\u00dfe in Richtung Osten unterwegs. Kurz nach der Tunnelausfahrt sch\u00e4tzte sie aus noch unklarer Ursache den Stra\u00dfenverlauf falsch ein und kollidierte in der Folge mit einem Verkehrszeichen und einer Warnbake, bevor sie nach einem Zusammensto\u00df mit einer Laterne zum Stillstand kam. Die 77-j\u00e4hrige kam leicht verletzt ins Krankenhaus. Am Auto entstand ein Sachschaden von etwa 8.000 Euro. Die Sch\u00e4den an der Stra\u00dfenlaterne und den Verkehrseinrichtungen werden auf etwa 7.500 Euro gesch\u00e4tzt.<\/p>\n<p style=\"text-align: justify;\"><strong>Winnenden-Birkmannsweiler: Brand durch Funkenflug<br \/>\n<\/strong>Durch starken Funkenflug beim Grillen geriet am Sonntag, gegen 11:55 Uhr in der Hauptstra\u00dfe eine Hecke in Brand. Die Flammen besch\u00e4digten ebenfalls eine Garage und ein Auto. Der Brand konnte schnell gel\u00f6scht werden. Es entstand ein Sachschaden von etwa 5.000 Euro. Verletzt wurde niemand.<\/p>\n<p style=\"text-align: justify;\"><strong>Kaisersbach: Motorradfahrer von Fahrbahn abgekommen<br \/>\n<\/strong>Am Samstagabend gegen 19:20 Uhr kam ein 42-j\u00e4hriger Motorradfahrer alleinbeteiligt auf der K1892 in Fahrtrichtung Cronh\u00fctte in einer Linkskurve nach links von der Fahrbahn ab. Dabei blieb der Fahrer unverletzt und es entstand kein Sachschaden. W\u00e4hrend der Unfallaufnahme ergab sich jedoch der Verdacht einer Alkoholisierung, weshalb ein freiwilliger Atemalkoholtest durchgef\u00fchrt wurde, welcher einen Wert von rund 2 Promille ergab. Der F\u00fchrerschein des Mannes wurde beschlagnahmt und eine Blutentnahme angeordnet.<\/p>\n<p style=\"text-align: justify;\"><strong>Winterbach: Auff\u00e4llige Person<br \/>\n<\/strong>Am Sonntagmorgen gegen 8 Uhr wurde in der Industriestra\u00dfe eine vermummte Person beobachtet, die mit einem Baseballschl\u00e4ger in der Hand die T\u00fcren eines Fitnessstudios besch\u00e4digte. Eine Zeugin konnte den Vorfall melden, woraufhin eine Streifenwagenbesatzung den 38-j\u00e4hrigen Mann in unmittelbarer N\u00e4he antraf. Da der Mann sich in einem psychischen Ausnahmezustand befand, wurde er zur weiteren Behandlung in ein Klinikum gebracht.<\/p>\n<hr \/>\n<p style=\"text-align: justify;\">\n","protected":false},"excerpt":{"rendered":"<p>Quelle: ots Oppenweiler: Brand Aus noch unklarer Ursache kam es am Sonntagmorgen, gegen 04:50 Uhr zu einem Brand im Bereich von M\u00fclleimerstellpl\u00e4tzen in der R\u00f6merstra\u00dfe. Die Flammen griffen auf einen angebauten Carport und eine \u00dcberdachung des Nachbargrundst\u00fccks \u00fcber. Das Feuer konnte durch Bewohner vor Eintreffen der Feuerwehr gel\u00f6scht werden. Es entstand ein Sachschaden von etwa [&hellip;]<\/p>\n","protected":false},"author":4,"featured_media":172453,"comment_status":"closed","ping_status":"open","sticky":false,"template":"","format":"standard","meta":{"inline_featured_image":false,"_exactmetrics_skip_tracking":false,"_exactmetrics_sitenote_active":false,"_exactmetrics_sitenote_note":"","_exactmetrics_sitenote_category":0,"tdm_status":"","tdm_grid_status":"","footnotes":""},"categories":[4888],"tags":[8875,68,205,1620,1625],"class_list":{"0":"post-181288","1":"post","2":"type-post","3":"status-publish","4":"format-standard","5":"has-post-thumbnail","7":"category-region-rems-murr-kreis","8":"tag-die-webzeitung","9":"tag-online-zeitung","10":"tag-polizei","11":"tag-rems-murr","12":"tag-report"},"image_feature":"https:\/\/die-webzeitung.de\/ludwigsburg\/wp-content\/uploads\/sites\/5\/2024\/02\/Polizei-Pix-scaled.jpg","author_name":"Redaktion","pure_taxonomies":{"categories":[{"term_id":4888,"name":"Polizei-Report Rems-Murr","slug":"region-rems-murr-kreis","term_group":0,"term_taxonomy_id":4905,"taxonomy":"category","description":"Polizeiberichte aus der Region des Rems-Murr-Kreises","parent":1619,"count":68,"filter":"raw","image":""}],"tags":[{"term_id":8875,"name":"Die-Webzeitung","slug":"die-webzeitung","term_group":0,"term_taxonomy_id":8876,"taxonomy":"post_tag","description":"","parent":0,"count":4246,"filter":"raw","image":""},{"term_id":68,"name":"Online-Zeitung","slug":"online-zeitung","term_group":0,"term_taxonomy_id":69,"taxonomy":"post_tag","description":"","parent":0,"count":4195,"filter":"raw","image":""},{"term_id":205,"name":"Polizei","slug":"polizei","term_group":0,"term_taxonomy_id":208,"taxonomy":"post_tag","description":"","parent":0,"count":186,"filter":"raw","image":""},{"term_id":1620,"name":"Rems-Murr","slug":"rems-murr","term_group":0,"term_taxonomy_id":1629,"taxonomy":"post_tag","description":"","parent":0,"count":250,"filter":"raw","image":""},{"term_id":1625,"name":"Report","slug":"report","term_group":0,"term_taxonomy_id":1634,"taxonomy":"post_tag","description":"","parent":0,"count":138,"filter":"raw","image":""}]},"_links":{"self":[{"href":"https:\/\/die-webzeitung.de\/ludwigsburg\/wp-json\/wp\/v2\/posts\/181288","targetHints":{"allow":["GET"]}}],"collection":[{"href":"https:\/\/die-webzeitung.de\/ludwigsburg\/wp-json\/wp\/v2\/posts"}],"about":[{"href":"https:\/\/die-webzeitung.de\/ludwigsburg\/wp-json\/wp\/v2\/types\/post"}],"author":[{"embeddable":true,"href":"https:\/\/die-webzeitung.de\/ludwigsburg\/wp-json\/wp\/v2\/users\/4"}],"replies":[{"embeddable":true,"href":"https:\/\/die-webzeitung.de\/ludwigsburg\/wp-json\/wp\/v2\/comments?post=181288"}],"version-history":[{"count":2,"href":"https:\/\/die-webzeitung.de\/ludwigsburg\/wp-json\/wp\/v2\/posts\/181288\/revisions"}],"predecessor-version":[{"id":181293,"href":"https:\/\/die-webzeitung.de\/ludwigsburg\/wp-json\/wp\/v2\/posts\/181288\/revisions\/181293"}],"wp:featuredmedia":[{"embeddable":true,"href":"https:\/\/die-webzeitung.de\/ludwigsburg\/wp-json\/wp\/v2\/media\/172453"}],"wp:attachment":[{"href":"https:\/\/die-webzeitung.de\/ludwigsburg\/wp-json\/wp\/v2\/media?parent=181288"}],"wp:term":[{"taxonomy":"category","embeddable":true,"href":"https:\/\/die-webzeitung.de\/ludwigsburg\/wp-json\/wp\/v2\/categories?post=181288"},{"taxonomy":"post_tag","embeddable":true,"href":"https:\/\/die-webzeitung.de\/ludwigsburg\/wp-json\/wp\/v2\/tags?post=181288"}],"curies":[{"name":"wp","href":"https:\/\/api.w.org\/{rel}","templated":true}]}}