{"id":181281,"date":"2026-04-24T16:32:29","date_gmt":"2026-04-24T15:32:29","guid":{"rendered":"https:\/\/die-webzeitung.de\/ludwigsburg\/?p=181281"},"modified":"2026-04-24T16:32:29","modified_gmt":"2026-04-24T15:32:29","slug":"erstes-maiwochenende-im-residenzschloss","status":"publish","type":"post","link":"https:\/\/die-webzeitung.de\/ludwigsburg\/2026\/04\/24\/erstes-maiwochenende-im-residenzschloss\/","title":{"rendered":"Erstes Maiwochenende im Residenzschloss"},"content":{"rendered":"<h4 style=\"text-align: justify;\"><strong>Sonderf\u00fchrungen rund um Arbeit und Karriere<\/strong><\/h4>\n<p style=\"text-align: justify;\">W\u00e4hrend der Erste Mai vielen ein langes Wochenende beschert, \u00f6ffnet das Residenzschloss Ludwigsburg seine Tore f\u00fcr abwechslungsreiche Sonderf\u00fchrungen rund um Arbeit und Karrierewege am Hof. Denn damit alles zur Zufriedenheit der hohen Herrschaften ablief, hatte man im Schloss alle H\u00e4nde voll zu tun \u2013 davon wissen die Damen und Herren des Hofstaats aus eigener Erfahrung zu berichten. F\u00fcr alle Sonderf\u00fchrungen ist eine Anmeldung unter +49 (0)71 41 18 64 00 oder an <a href=\"mailto:info@schloss-ludwigsburg.de\" target=\"_blank\" rel=\"noopener\">info@schloss-ludwigsburg.de<\/a> erforderlich.<\/p>\n<p style=\"text-align: justify;\"><strong>Karrieren und Geheimnisse bei Hofe<\/strong><\/p>\n<p style=\"text-align: justify;\">Inspiriert vom Tag der Arbeit l\u00e4dt das Residenzschloss Ludwigsburg am langen Wochenende von Freitag, 1. Mai, bis Sonntag, 3. Mai, zu Sonderf\u00fchrungen ein, die Einblicke in die Aufgaben der Dienerschaft des Schlosses und besonderen Karrieren fr\u00fcherer Bewohnerinnen und Bewohner geben. Bei den Rundg\u00e4ngen durch die prachtvollen herzoglichen Gem\u00e4cher erfahren die G\u00e4ste, dass der Hofstaat vor und hinter den Kulissen zuweilen M\u00fche hatte, dem aufw\u00e4ndigen Lebensstil der Herrschaft gerecht zu werden. Andere verfolgten eigene Interessen, um sich eine g\u00fcnstige Stellung bei Hofe zu sichern \u2013 manchmal auch mit List und Intrigen. Eine Anmeldung zu den Sonderf\u00fchrungen unter +49(0)71 41. 18 64 00 oder an <a href=\"mailto:info@schloss-ludwigsburg.de\" target=\"_blank\" rel=\"noopener\">info@schloss-ludwigsburg.de<\/a> ist in allen F\u00e4llen erforderlich.<\/p>\n<p style=\"text-align: justify;\"><strong>Aus dem Leben der Favoritinnen<\/strong><\/p>\n<p style=\"text-align: justify;\">Am Freitag, 1. Mai, gehen zwei Sonderf\u00fchrungen dem M\u00e4tressentum auf die Spur: Der Rundgang \u201eMythos M\u00e4tresse\u201c um 11.00 Uhr beantwortet, was es mit den offiziellen Geliebten der Herrscher auf sich hatte und wie sie in diese Position gelangten. W\u00e4hrend die G\u00e4ste die Wohn- und Wirkungsst\u00e4tten der Damen im Schloss erkunden, erfahren sie, dass der Titel der \u201ezweiten Dame\u201c bei Hof ein durchaus erstrebenswerter Karriereweg war \u2013 wenngleich die Privilegien mit Abh\u00e4ngigkeit und Unsicherheit einhergingen. Um 13.00 Uhr haben G\u00e4ste die Gelegenheit f\u00fcr ein T\u00eate-\u00e0-T\u00eate mit einer Schlossbewohnerin: Baronin zu Auerscheidt f\u00fchrt die Besucherinnen und Besucher durch die Gem\u00e4cher und plaudert vom Hofleben \u201eZwischen List und Lust\u201c: Sie wei\u00df um das wechselhafte Schicksal der M\u00e4tressen des Herzogs Carl Eugen \u2013 und hofft doch, selbst zur Favoritin aufzusteigen. Eine weitere Kost\u00fcmf\u00fchrung um 14.00 Uhr gibt lebendige Einblicke in den \u201eAlltag einer herzoglichen Hofdame\u201c. Als Angeh\u00f6rige des Hofstaats kennt Katharina von Spiegel auch die weniger glamour\u00f6sen Seiten des h\u00f6fischen Lebens, denn: Es ist nicht alles Gold, was gl\u00e4nzt!<\/p>\n<p style=\"text-align: justify;\"><strong>Alles f\u00fcr den sch\u00f6nen Schein<\/strong><\/p>\n<p style=\"text-align: justify;\">Herzog Carl Eugen von W\u00fcrttemberg war f\u00fcr seinen ausschweifenden Lebensstil bekannt. In der Sonderf\u00fchrung \u201eJubel, Trubel, Heiterkeit\u201c am Samstag, 2. Mai, um 16.00\u00a0Uhr nimmt Graf von Rechenbach die G\u00e4ste mit in seine Zeit und pr\u00e4sentiert die herzoglichen Gem\u00e4cher. Der Herrscher plant eine rauschende Geburtstagsfeier: f\u00fcr Hofstaat und Untertanen war dies ein H\u00f6hepunkt im Festkalender, bedeutete aber auch endlose Vorbereitungen und hohe Kosten. Der Rundgang findet an diesem Wochenende noch einmal am Sonntag, 3. Mai, um 11.00 Uhr statt.<\/p>\n<p style=\"text-align: justify;\"><strong>Programm f\u00fcr Gro\u00df und Klein am Sonntag<\/strong><\/p>\n<p style=\"text-align: justify;\">Am Sonntag, 3. Mai, um 14.30 Uhr stehen \u201eW\u00fcrttembergs First Ladies\u201c im Fokus: Der Rundgang stellt den G\u00e4sten die m\u00e4chtigsten Frauen W\u00fcrttembergs anhand ihrer Portr\u00e4ts vor. Wer genau hinschaut, kann aus den Gem\u00e4lden allerlei Erkenntnisse \u00fcber Leben und Status der Herrscherinnen von der Renaissance bis zum 19. Jahrhundert gewinnen. Um 13.00 und 14.30 Uhr wartet ein besonderer Rundgang auf kleine Entdeckerinnen und Entdecker. Bei der klassischen F\u00fchrung f\u00fcr Familien k\u00f6nnen sie gemeinsam mit ihren Begleitpersonen auf altersgerechte Weise in die Geschichte eintauchen. Daneben gibt es an diesem Wochenende noch weitere Facetten des Schlosses zu erleben. Von 10.00 und 17.00 Uhr nehmen jede halbe Stunde die klassischen Schlossf\u00fchrungen \u201eHerzog\u201c und \u201eHerzogin\u201c die G\u00e4ste mit auf eine Reise in l\u00e4ngst vergangene Zeiten. Auch das Modemuseum hat ge\u00f6ffnet und l\u00e4dt dazu ein, die Trends und modischen Vorlieben vom Rokoko bis in die 1960er-Jahre zu entdecken.<\/p>\n<hr \/>\n<p style=\"text-align: justify;\">\n","protected":false},"excerpt":{"rendered":"<p>Sonderf\u00fchrungen rund um Arbeit und Karriere W\u00e4hrend der Erste Mai vielen ein langes Wochenende beschert, \u00f6ffnet das Residenzschloss Ludwigsburg seine Tore f\u00fcr abwechslungsreiche Sonderf\u00fchrungen rund um Arbeit und Karrierewege am Hof. Denn damit alles zur Zufriedenheit der hohen Herrschaften ablief, hatte man im Schloss alle H\u00e4nde voll zu tun \u2013 davon wissen die Damen und [&hellip;]<\/p>\n","protected":false},"author":4,"featured_media":155910,"comment_status":"closed","ping_status":"open","sticky":false,"template":"","format":"standard","meta":{"inline_featured_image":false,"_exactmetrics_skip_tracking":false,"_exactmetrics_sitenote_active":false,"_exactmetrics_sitenote_note":"","_exactmetrics_sitenote_category":0,"tdm_status":"","tdm_grid_status":"","footnotes":""},"categories":[76],"tags":[6,4436,68,5340],"class_list":{"0":"post-181281","1":"post","2":"type-post","3":"status-publish","4":"format-standard","5":"has-post-thumbnail","7":"category-fuhrung-vortrage","8":"tag-ludwigsburg","9":"tag-mai","10":"tag-online-zeitung","11":"tag-residenzschloss"},"image_feature":"https:\/\/die-webzeitung.de\/ludwigsburg\/wp-content\/uploads\/sites\/5\/2020\/04\/Schloss-Ludwigsburg-cSCHAUMEDIA.jpg","author_name":"Redaktion","pure_taxonomies":{"categories":[{"term_id":76,"name":"F\u00fchrungen \/ Vortr\u00e4ge","slug":"fuhrung-vortrage","term_group":0,"term_taxonomy_id":77,"taxonomy":"category","description":"","parent":2238,"count":38,"filter":"raw","image":""}],"tags":[{"term_id":6,"name":"Ludwigsburg","slug":"ludwigsburg","term_group":0,"term_taxonomy_id":6,"taxonomy":"post_tag","description":"","parent":0,"count":1347,"filter":"raw","image":""},{"term_id":4436,"name":"Mai","slug":"mai","term_group":0,"term_taxonomy_id":4452,"taxonomy":"post_tag","description":"","parent":0,"count":1,"filter":"raw","image":""},{"term_id":68,"name":"Online-Zeitung","slug":"online-zeitung","term_group":0,"term_taxonomy_id":69,"taxonomy":"post_tag","description":"","parent":0,"count":4191,"filter":"raw","image":""},{"term_id":5340,"name":"Residenzschloss","slug":"residenzschloss","term_group":0,"term_taxonomy_id":5358,"taxonomy":"post_tag","description":"","parent":0,"count":2,"filter":"raw","image":""}]},"_links":{"self":[{"href":"https:\/\/die-webzeitung.de\/ludwigsburg\/wp-json\/wp\/v2\/posts\/181281","targetHints":{"allow":["GET"]}}],"collection":[{"href":"https:\/\/die-webzeitung.de\/ludwigsburg\/wp-json\/wp\/v2\/posts"}],"about":[{"href":"https:\/\/die-webzeitung.de\/ludwigsburg\/wp-json\/wp\/v2\/types\/post"}],"author":[{"embeddable":true,"href":"https:\/\/die-webzeitung.de\/ludwigsburg\/wp-json\/wp\/v2\/users\/4"}],"replies":[{"embeddable":true,"href":"https:\/\/die-webzeitung.de\/ludwigsburg\/wp-json\/wp\/v2\/comments?post=181281"}],"version-history":[{"count":2,"href":"https:\/\/die-webzeitung.de\/ludwigsburg\/wp-json\/wp\/v2\/posts\/181281\/revisions"}],"predecessor-version":[{"id":181283,"href":"https:\/\/die-webzeitung.de\/ludwigsburg\/wp-json\/wp\/v2\/posts\/181281\/revisions\/181283"}],"wp:featuredmedia":[{"embeddable":true,"href":"https:\/\/die-webzeitung.de\/ludwigsburg\/wp-json\/wp\/v2\/media\/155910"}],"wp:attachment":[{"href":"https:\/\/die-webzeitung.de\/ludwigsburg\/wp-json\/wp\/v2\/media?parent=181281"}],"wp:term":[{"taxonomy":"category","embeddable":true,"href":"https:\/\/die-webzeitung.de\/ludwigsburg\/wp-json\/wp\/v2\/categories?post=181281"},{"taxonomy":"post_tag","embeddable":true,"href":"https:\/\/die-webzeitung.de\/ludwigsburg\/wp-json\/wp\/v2\/tags?post=181281"}],"curies":[{"name":"wp","href":"https:\/\/api.w.org\/{rel}","templated":true}]}}