{"id":180755,"date":"2026-03-15T11:49:38","date_gmt":"2026-03-15T10:49:38","guid":{"rendered":"https:\/\/die-webzeitung.de\/ludwigsburg\/?p=180755"},"modified":"2026-03-15T11:49:38","modified_gmt":"2026-03-15T10:49:38","slug":"ergebnisse-des-radon-messprogramms","status":"publish","type":"post","link":"https:\/\/die-webzeitung.de\/ludwigsburg\/2026\/03\/15\/ergebnisse-des-radon-messprogramms\/","title":{"rendered":"Ergebnisse des Radon-Messprogramms"},"content":{"rendered":"<p style=\"text-align: justify;\">Die Ergebnisse des ersten Radon-Messprogramms zeigen: In einem Drittel der untersuchten Geb\u00e4ude in den Vorranggebieten im Schwarzwald treten erh\u00f6hte Werte des radioaktiven Gases auf.<\/p>\n<p style=\"text-align: justify;\">Das nat\u00fcrlich vorkommende radioaktive Gas Extern: Radon (\u00d6ffnet in neuem Fenster) ist in Geb\u00e4uden ein Gesundheitsrisiko und kann Lungenkrebs verursachen. Das Umweltministerium hat mit dem Extern: Radon-Messprogramm (\u00d6ffnet in neuem Fenster) die M\u00f6glichkeiten geschaffen, die pers\u00f6nliche Radonsituation zu \u00fcberpr\u00fcfen und einen besseren \u00dcberblick \u00fcber die Verbreitung zu bekommen. Damit unterst\u00fctzt das Ministerium die Bev\u00f6lkerung beim Extern: Strahlen- und Gesundheitsschutz (\u00d6ffnet in neuem Fenster).<\/p>\n<p style=\"text-align: justify;\"><strong>Ein Drittel der untersuchten Geb\u00e4ude in Vorsorgegebieten betroffen<\/strong><\/p>\n<p style=\"text-align: justify;\">29 Gemeinden im mittleren und s\u00fcdlichen Schwarzwald wurden auf Grund einer Vorhersage des Extern: Bundesamtes f\u00fcr Strahlenschutz (\u00d6ffnet in neuem Fenster) und des Uranvorkommens als Vorsorgegebiete ausgewiesen. Diese liegen in den Landkreisen Breisgau-Hochschwarzwald, L\u00f6rrach, Ortenau, Rottweil, Schwarzwald-Baar und Waldshut. Hier wurden in gut einem Drittel aller durch das Messprogramm untersuchten Geb\u00e4ude Radonwerte oberhalb des Referenzwertes gemessen. Das bedeutet, in mindestens einem Raum wurde der Referenzwert von 300 Becquerel Radon pro Kubikmeter Raumluft \u00fcberschritten.<\/p>\n<p style=\"text-align: justify;\">\u201eDie Ergebnisse unseres Messprogramms machen deutlich: Das radioaktive Gas Radon ist weiter verbreitet als bisher bekannt. Da Radon und die gesundheitlichen Risiken kaum wahrgenommen werden, ist unser Messprogramm ein wichtiger Schritt, auf das Thema aufmerksam zu machen\u201c, betont Umweltstaatssekret\u00e4r Dr. Andre Baumann. \u201eWer seine Radonsituation kennt, kann sich sch\u00fctzen.\u201c<\/p>\n<p style=\"text-align: justify;\"><strong>Landesweit knapp 15 Prozent der untersuchten Geb\u00e4ude betroffen<\/strong><\/p>\n<p style=\"text-align: justify;\">2023 hat das Umweltministerium das Radon-Innenraummessprogramm mit kostenlosen Messdosen gestartet. Das Interesse war sehr gro\u00df. Nach wenigen Tagen waren die Anmeldekapazit\u00e4ten ersch\u00f6pft. Daraufhin haben rund 1600 Teilnehmerinnen und Teilnehmer in ganz Baden-W\u00fcrttemberg \u00fcber ein Jahr die Radonsituation in ihrem Wohngeb\u00e4ude \u00fcberpr\u00fcft. Landesweit zeigen die Messungen in knapp 15 Prozent der untersuchten Geb\u00e4ude eine erh\u00f6hte Radonbelastung.<\/p>\n<p style=\"text-align: justify;\"><strong>Zweite Messkampagne gestartet<\/strong><\/p>\n<p style=\"text-align: justify;\">Aufgrund des hohen Interesses startete das Umweltministerium eine zweite Messkampagne, die aktuell noch l\u00e4uft. Hieran beteiligen sich rund 2400 Personen. Messungen sind vor allem im Keller- und Erdgeschoss wichtig. Messdosen sind jenseits des Messprogramms auch bei den vom Bundesamt f\u00fcr Strahlenschutz anerkannten Extern: Messstellen (\u00d6ffnet in neuem Fenster) erh\u00e4ltlich. Die Kosten liegen bei circa 25 bis 30 Euro pro Messdose inklusive Auswertung.<\/p>\n<p style=\"text-align: justify;\">B\u00fcrgerinnen und B\u00fcrger k\u00f6nnen auf Basis der Messergebnisse Ma\u00dfnahmen zum Schutz vor Radon ergreifen. Die einfachste Ma\u00dfnahme ist gutes L\u00fcften. Au\u00dferdem hilft es, Risse oder andere Undichtigkeiten, durch die Radon in H\u00e4user gelangt, durch bauliche Ma\u00dfnahmen zu schlie\u00dfen.<\/p>\n<hr \/>\n<p style=\"text-align: justify;\">\n","protected":false},"excerpt":{"rendered":"<p>Die Ergebnisse des ersten Radon-Messprogramms zeigen: In einem Drittel der untersuchten Geb\u00e4ude in den Vorranggebieten im Schwarzwald treten erh\u00f6hte Werte des radioaktiven Gases auf. Das nat\u00fcrlich vorkommende radioaktive Gas Extern: Radon (\u00d6ffnet in neuem Fenster) ist in Geb\u00e4uden ein Gesundheitsrisiko und kann Lungenkrebs verursachen. Das Umweltministerium hat mit dem Extern: Radon-Messprogramm (\u00d6ffnet in neuem Fenster) [&hellip;]<\/p>\n","protected":false},"author":4,"featured_media":180756,"comment_status":"closed","ping_status":"open","sticky":false,"template":"","format":"standard","meta":{"inline_featured_image":false,"_exactmetrics_skip_tracking":false,"_exactmetrics_sitenote_active":false,"_exactmetrics_sitenote_note":"","_exactmetrics_sitenote_category":0,"tdm_status":"","tdm_grid_status":"","footnotes":""},"categories":[59,2402],"tags":[8875,1359,68,13124],"class_list":{"0":"post-180755","1":"post","2":"type-post","3":"status-publish","4":"format-standard","5":"has-post-thumbnail","7":"category-aktuell","8":"category-baden-wuerttemberg","9":"tag-die-webzeitung","10":"tag-messung","11":"tag-online-zeitung","12":"tag-radon"},"image_feature":"https:\/\/die-webzeitung.de\/ludwigsburg\/wp-content\/uploads\/sites\/5\/2026\/03\/baubio-property-analysis-5970136_1280-scaled.jpg","author_name":"Redaktion","pure_taxonomies":{"categories":[{"term_id":59,"name":"Aktuell","slug":"aktuell","term_group":0,"term_taxonomy_id":60,"taxonomy":"category","description":"","parent":0,"count":1175,"filter":"raw","image":""},{"term_id":2402,"name":"Baden-W\u00fcrttemberg","slug":"baden-wuerttemberg","term_group":0,"term_taxonomy_id":2414,"taxonomy":"category","description":"","parent":171,"count":248,"filter":"raw","image":""}],"tags":[{"term_id":8875,"name":"Die-Webzeitung","slug":"die-webzeitung","term_group":0,"term_taxonomy_id":8876,"taxonomy":"post_tag","description":"","parent":0,"count":4255,"filter":"raw","image":""},{"term_id":1359,"name":"Messung","slug":"messung","term_group":0,"term_taxonomy_id":1368,"taxonomy":"post_tag","description":"","parent":0,"count":1,"filter":"raw","image":""},{"term_id":68,"name":"Online-Zeitung","slug":"online-zeitung","term_group":0,"term_taxonomy_id":69,"taxonomy":"post_tag","description":"","parent":0,"count":4204,"filter":"raw","image":""},{"term_id":13124,"name":"Radon","slug":"radon","term_group":0,"term_taxonomy_id":13125,"taxonomy":"post_tag","description":"","parent":0,"count":1,"filter":"raw","image":""}]},"_links":{"self":[{"href":"https:\/\/die-webzeitung.de\/ludwigsburg\/wp-json\/wp\/v2\/posts\/180755","targetHints":{"allow":["GET"]}}],"collection":[{"href":"https:\/\/die-webzeitung.de\/ludwigsburg\/wp-json\/wp\/v2\/posts"}],"about":[{"href":"https:\/\/die-webzeitung.de\/ludwigsburg\/wp-json\/wp\/v2\/types\/post"}],"author":[{"embeddable":true,"href":"https:\/\/die-webzeitung.de\/ludwigsburg\/wp-json\/wp\/v2\/users\/4"}],"replies":[{"embeddable":true,"href":"https:\/\/die-webzeitung.de\/ludwigsburg\/wp-json\/wp\/v2\/comments?post=180755"}],"version-history":[{"count":1,"href":"https:\/\/die-webzeitung.de\/ludwigsburg\/wp-json\/wp\/v2\/posts\/180755\/revisions"}],"predecessor-version":[{"id":180757,"href":"https:\/\/die-webzeitung.de\/ludwigsburg\/wp-json\/wp\/v2\/posts\/180755\/revisions\/180757"}],"wp:featuredmedia":[{"embeddable":true,"href":"https:\/\/die-webzeitung.de\/ludwigsburg\/wp-json\/wp\/v2\/media\/180756"}],"wp:attachment":[{"href":"https:\/\/die-webzeitung.de\/ludwigsburg\/wp-json\/wp\/v2\/media?parent=180755"}],"wp:term":[{"taxonomy":"category","embeddable":true,"href":"https:\/\/die-webzeitung.de\/ludwigsburg\/wp-json\/wp\/v2\/categories?post=180755"},{"taxonomy":"post_tag","embeddable":true,"href":"https:\/\/die-webzeitung.de\/ludwigsburg\/wp-json\/wp\/v2\/tags?post=180755"}],"curies":[{"name":"wp","href":"https:\/\/api.w.org\/{rel}","templated":true}]}}