{"id":180738,"date":"2026-03-13T10:56:55","date_gmt":"2026-03-13T09:56:55","guid":{"rendered":"https:\/\/die-webzeitung.de\/ludwigsburg\/?p=180738"},"modified":"2026-03-13T10:56:55","modified_gmt":"2026-03-13T09:56:55","slug":"menschen-mit-behinderung-koennen-kfz-beihilfe-beantragen","status":"publish","type":"post","link":"https:\/\/die-webzeitung.de\/ludwigsburg\/2026\/03\/13\/menschen-mit-behinderung-koennen-kfz-beihilfe-beantragen\/","title":{"rendered":"Menschen mit Behinderung k\u00f6nnen Kfz-Beihilfe beantragen"},"content":{"rendered":"<p style=\"text-align: justify;\"><strong>Unter bestimmten Voraussetzungen k\u00f6nnen Menschen mit Behinderung eine Beihilfe beantragen, wenn sie auf ein Fahrzeug angewiesen sind, um ihren Beruf auszu\u00fcben oder eine Ausbildung zu absolvieren. Je nach pers\u00f6nlicher Situation sind unterschiedliche Leistungstr\u00e4ger zust\u00e4ndig \u2013 etwa die Bundesagentur f\u00fcr Arbeit, die gesetzliche Rentenversicherung oder das Integrationsamt. Die W\u00fcrttembergische Versicherung weist auf ein Urteil des Sozialgerichts L\u00fcneburg (S 38 SO 34\/25 R) hin, aus dem sich die Voraussetzungen im Einzelnen ergeben.<\/strong><\/p>\n<p style=\"text-align: justify;\">Eine junge Frau, die an einer spinalen Muskelatrophie litt und nachts beatmet werden musste, wollte ein Studium der Psychologie an der Uni Hamburg beginnen. Sie beantragte bei der zust\u00e4ndigen Beh\u00f6rde eine Kfz-Beihilfe, damit sie sich ein geeignetes Fahrzeug kaufen und es behindertengerecht umbauen lassen konnte. Sie wies darauf hin, dass sie mit ihrem sechsr\u00e4drigen Rollstuhl, der 300 kg wog, keine \u00f6ffentlichen Verkehrsmittel benutzen k\u00f6nne. Die Beh\u00f6rde lehnte den Antrag ab, da sie der Meinung war, die Frau sei dem Stra\u00dfenverkehr in Hamburg nicht gewachsen. Dagegen klagte die junge Frau und bekam Recht.<\/p>\n<p style=\"text-align: justify;\">Laut dem Urteil hatte die Frau ausreichend belegt, dass sie ein behindertengerechtes Fahrzeug ben\u00f6tige, um das angestrebte Studium durchzuf\u00fchren. Aufgrund der Schwere ihrer Behinderung sei es unm\u00f6glich f\u00fcr sie, \u00f6ffentliche Verkehrsmittel zu benutzen. Sie k\u00f6nne auch nicht auf Fahrdienste verwiesen werden, da Krankheitsausf\u00e4lle von Fahrern und fehlende Kapazit\u00e4ten zu t\u00e4glichem Stress f\u00fchrten und auf Dauer teurer k\u00e4men als ein eigenes Fahrzeug. Au\u00dferdem ben\u00f6tige die Frau ein Fahrzeug, um ihrem sozialen Engagement nachzukommen, Freunde und Verwandte zu besuchen und ihre sportlichen Aktivit\u00e4ten aufrechtzuerhalten. Bis zur Anschaffung und zum Umbau des Fahrzeugs muss die Beh\u00f6rde die Kosten f\u00fcr einen behindertengerechten Mietwagen und zun\u00e4chst f\u00fcr den Transport durch den Vater mit einer Assistenzkraft \u00fcbernehmen.<\/p>\n<hr \/>\n<p style=\"text-align: justify;\">\n","protected":false},"excerpt":{"rendered":"<p>Unter bestimmten Voraussetzungen k\u00f6nnen Menschen mit Behinderung eine Beihilfe beantragen, wenn sie auf ein Fahrzeug angewiesen sind, um ihren Beruf auszu\u00fcben oder eine Ausbildung zu absolvieren. Je nach pers\u00f6nlicher Situation sind unterschiedliche Leistungstr\u00e4ger zust\u00e4ndig \u2013 etwa die Bundesagentur f\u00fcr Arbeit, die gesetzliche Rentenversicherung oder das Integrationsamt. Die W\u00fcrttembergische Versicherung weist auf ein Urteil des Sozialgerichts [&hellip;]<\/p>\n","protected":false},"author":4,"featured_media":0,"comment_status":"closed","ping_status":"open","sticky":false,"template":"","format":"standard","meta":{"inline_featured_image":false,"_exactmetrics_skip_tracking":false,"_exactmetrics_sitenote_active":false,"_exactmetrics_sitenote_note":"","_exactmetrics_sitenote_category":0,"tdm_status":"","tdm_grid_status":"","footnotes":""},"categories":[8],"tags":[3823,13121,8875,68,18],"class_list":{"0":"post-180738","1":"post","2":"type-post","3":"status-publish","4":"format-standard","6":"category-ratgeber-leben","7":"tag-behinderung","8":"tag-beihilfe","9":"tag-die-webzeitung","10":"tag-online-zeitung","11":"tag-wurttembergische"},"image_feature":null,"author_name":"Redaktion","pure_taxonomies":{"categories":[{"term_id":8,"name":"Ratgeber","slug":"ratgeber-leben","term_group":0,"term_taxonomy_id":8,"taxonomy":"category","description":"","parent":482,"count":380,"filter":"raw","image":""}],"tags":[{"term_id":3823,"name":"Behinderung","slug":"behinderung","term_group":0,"term_taxonomy_id":3836,"taxonomy":"post_tag","description":"","parent":0,"count":2,"filter":"raw","image":""},{"term_id":13121,"name":"Beihilfe","slug":"beihilfe","term_group":0,"term_taxonomy_id":13122,"taxonomy":"post_tag","description":"","parent":0,"count":1,"filter":"raw","image":""},{"term_id":8875,"name":"Die-Webzeitung","slug":"die-webzeitung","term_group":0,"term_taxonomy_id":8876,"taxonomy":"post_tag","description":"","parent":0,"count":4249,"filter":"raw","image":""},{"term_id":68,"name":"Online-Zeitung","slug":"online-zeitung","term_group":0,"term_taxonomy_id":69,"taxonomy":"post_tag","description":"","parent":0,"count":4198,"filter":"raw","image":""},{"term_id":18,"name":"W\u00fcrttembergische","slug":"wurttembergische","term_group":0,"term_taxonomy_id":18,"taxonomy":"post_tag","description":"","parent":0,"count":113,"filter":"raw","image":""}]},"_links":{"self":[{"href":"https:\/\/die-webzeitung.de\/ludwigsburg\/wp-json\/wp\/v2\/posts\/180738","targetHints":{"allow":["GET"]}}],"collection":[{"href":"https:\/\/die-webzeitung.de\/ludwigsburg\/wp-json\/wp\/v2\/posts"}],"about":[{"href":"https:\/\/die-webzeitung.de\/ludwigsburg\/wp-json\/wp\/v2\/types\/post"}],"author":[{"embeddable":true,"href":"https:\/\/die-webzeitung.de\/ludwigsburg\/wp-json\/wp\/v2\/users\/4"}],"replies":[{"embeddable":true,"href":"https:\/\/die-webzeitung.de\/ludwigsburg\/wp-json\/wp\/v2\/comments?post=180738"}],"version-history":[{"count":1,"href":"https:\/\/die-webzeitung.de\/ludwigsburg\/wp-json\/wp\/v2\/posts\/180738\/revisions"}],"predecessor-version":[{"id":180739,"href":"https:\/\/die-webzeitung.de\/ludwigsburg\/wp-json\/wp\/v2\/posts\/180738\/revisions\/180739"}],"wp:attachment":[{"href":"https:\/\/die-webzeitung.de\/ludwigsburg\/wp-json\/wp\/v2\/media?parent=180738"}],"wp:term":[{"taxonomy":"category","embeddable":true,"href":"https:\/\/die-webzeitung.de\/ludwigsburg\/wp-json\/wp\/v2\/categories?post=180738"},{"taxonomy":"post_tag","embeddable":true,"href":"https:\/\/die-webzeitung.de\/ludwigsburg\/wp-json\/wp\/v2\/tags?post=180738"}],"curies":[{"name":"wp","href":"https:\/\/api.w.org\/{rel}","templated":true}]}}