{"id":180732,"date":"2026-03-12T17:47:33","date_gmt":"2026-03-12T16:47:33","guid":{"rendered":"https:\/\/die-webzeitung.de\/ludwigsburg\/?p=180732"},"modified":"2026-03-12T17:47:33","modified_gmt":"2026-03-12T16:47:33","slug":"brillen-mosqua-seit-20-jahren-top-100-optiker","status":"publish","type":"post","link":"https:\/\/die-webzeitung.de\/ludwigsburg\/2026\/03\/12\/brillen-mosqua-seit-20-jahren-top-100-optiker\/","title":{"rendered":"Brillen-Mosqua seit 20 Jahren Top 100 Optiker"},"content":{"rendered":"<h4 dir=\"ltr\" style=\"text-align: justify;\"><b>Zehnte Auszeichnung in Folge<\/b><\/h4>\n<p style=\"text-align: justify;\">Anfang M\u00e4rz 2026 wurden im Rahmen einer festlichen Gala in D\u00fcsseldorf die <b>Top 100 Optiker 2026\/2027<\/b>\u00a0ausgezeichnet. Als <b>Schirmherr<\/b>\u00a0der Veranstaltung ehrte der bekannte Entertainer, Autor, Bambi- und Grimmepreistr\u00e4ger <b>Wigald Boning<\/b>\u00a0die Gewinner pers\u00f6nlich und \u00fcberreichte ihnen die Auszeichnung.<\/p>\n<p style=\"text-align: justify;\">Aus Ludwigsburg z\u00e4hlt erneut <b>Brillen-Mosqua <\/b>zu diesem exklusiven Kreis. Inhaber und Gesch\u00e4ftsf\u00fchrer Markus Stammberger ist\u00a0&#8211; zusammen mit dem gesamten Team \u2013 zu Recht stolz auf diese besondere Anerkennung, die sein Unternehmen jetzt bereits\u00a0zum zehnten Mal\u00a0erhalten hat, und zwar\u00a0seit 2008 ohne Unterbrechung. Die Auszeichnung gilt immer f\u00fcr zwei Jahre. Mosqua-Gesch\u00e4ftsleitung Tatjana Chirico durfte zus\u00e4tzlich, anl\u00e4sslich der zehnten Auszeichnung in Folge, die goldene Ehrenurkunde, gemeinsam mit einem weiteren Unternehmen aus dem Norden Deutschlands, entgegennehmen. &#8220;Wir sind mit der aktuellen Auszeichnung seit 20 Jahren unter den Top 100 Optikern, darauf sind wir schon sehr stolz und unserem Team sehr dankbar f\u00fcr den t\u00e4glichen, hervorragenden Einsatz f\u00fcr unser Unternehmen,&#8221; sagt Stammberger.<\/p>\n<p style=\"text-align: justify;\">Die Auswahl der TOP 100 Optiker erfolgt im Rahmen eines unabh\u00e4ngigen, mehrstufigen Wettbewerbsverfahrens. Verantwortlich f\u00fcr die methodische Durchf\u00fchrung ist das <b>BGW Institut f\u00fcr innovative Marktforschung<\/b>\u00a0in D\u00fcsseldorf, unterst\u00fctzt von einer unabh\u00e4ngigen Jury aus den Bereichen Betriebswirtschaft, Marktforschung und Marketing.<\/p>\n<p style=\"text-align: justify;\">Grundlage der Bewertung ist ein umfassender, eigens entwickelter Fragenkatalog, mit dem die teilnehmenden Unternehmen ihre Leistungsf\u00e4higkeit, ihre unternehmerische Ausrichtung sowie ihre konsequente Kundenorientierung darlegen. Erg\u00e4nzt wird diese Selbstauskunft durch <b>anonyme Testk\u00e4ufe<\/b>, <b>Gesch\u00e4ftsbesichtigungen<\/b>\u00a0und strukturierte Beobachtungen vor Ort. Auf diese Weise entsteht ein fairer, kritischer und zugleich praxisnaher Vergleich aller Bewerber.<\/p>\n<p style=\"text-align: justify;\">Die Auszeichnung als TOP 100 Optiker erhalten ausschlie\u00dflich Unternehmen, die in s\u00e4mtlichen Bewertungsbereichen <b>\u00fcberdurchschnittliche Ergebnisse erzielen<\/b>. Dazu z\u00e4hlen unter anderem:<\/p>\n<div style=\"text-align: justify;\">\u2022 <b>Kundenorientierung<\/b>\u00a0und <b>Kundeninformation<\/b><\/div>\n<div style=\"text-align: justify;\">\u2022 <b>Marktorientierung<\/b>\u00a0und <b>Unternehmensf\u00fchrung<\/b><\/div>\n<div style=\"text-align: justify;\"><b>\u2022 <\/b><b>Mitarbeiterorientierung<\/b><\/div>\n<div style=\"text-align: justify;\">\u2022 <b>Ladengestaltung<\/b>\u00a0und <b>Servicequalit\u00e4t<\/b><\/div>\n<p style=\"text-align: justify;\">Die ausgezeichneten Betriebe \u00fcberzeugen durch ein hohes Ma\u00df an pers\u00f6nlicher Hinwendung, Servicebereitschaft und eine konsequent am Kunden orientierte Unternehmensf\u00fchrung.<\/p>\n<p style=\"text-align: justify;\">Das beigef\u00fcgte Foto zeigt die Inhaber Markus und Sandra Stammberger sowie Gesch\u00e4ftsleitung Tatjana Chirico\u00a0gemeinsam mit <b>Schirmherr<\/b>\u00a0<b>Wigald Boning<\/b>\u00a0im Rahmen der Preisverleihung.<\/p>\n<p style=\"text-align: justify;\">Wigald Boning zeigte sich beeindruckt vom Engagement der ausgezeichneten Betriebe und betonte, dass die TOP 100 Optiker eindrucksvoll belegen, dass exzellenter Service, pers\u00f6nliche Ansprache und gelebte Kundenorientierung in Deutschland keineswegs eine Ausnahme sind.<\/p>\n<p style=\"text-align: justify;\">F\u00fcr\u00a0Brillen-Mosqua ist die Auszeichnung zugleich Anerkennung und Ansporn. Gemeinsam mit\u00a0Markus und Sandra Stammberger, Tatjana Chirico\u00a0und dem gesamten Team versteht das Unternehmen sie als Verpflichtung, den hohen Qualit\u00e4tsanspruch dauerhaft zu sichern und weiter auszubauen.<\/p>\n<hr \/>\n<p style=\"text-align: justify;\">\n","protected":false},"excerpt":{"rendered":"<p>Zehnte Auszeichnung in Folge Anfang M\u00e4rz 2026 wurden im Rahmen einer festlichen Gala in D\u00fcsseldorf die Top 100 Optiker 2026\/2027\u00a0ausgezeichnet. Als Schirmherr\u00a0der Veranstaltung ehrte der bekannte Entertainer, Autor, Bambi- und Grimmepreistr\u00e4ger Wigald Boning\u00a0die Gewinner pers\u00f6nlich und \u00fcberreichte ihnen die Auszeichnung. Aus Ludwigsburg z\u00e4hlt erneut Brillen-Mosqua zu diesem exklusiven Kreis. Inhaber und Gesch\u00e4ftsf\u00fchrer Markus Stammberger ist\u00a0&#8211; [&hellip;]<\/p>\n","protected":false},"author":4,"featured_media":180733,"comment_status":"closed","ping_status":"open","sticky":false,"template":"","format":"standard","meta":{"inline_featured_image":false,"_exactmetrics_skip_tracking":false,"_exactmetrics_sitenote_active":false,"_exactmetrics_sitenote_note":"","_exactmetrics_sitenote_category":0,"tdm_status":"","tdm_grid_status":"","footnotes":""},"categories":[59,479],"tags":[828,5300,4546],"class_list":{"0":"post-180732","1":"post","2":"type-post","3":"status-publish","4":"format-standard","5":"has-post-thumbnail","7":"category-aktuell","8":"category-wirtschaft","9":"tag-auszeichnung","10":"tag-brillen","11":"tag-mosqua"},"image_feature":"https:\/\/die-webzeitung.de\/ludwigsburg\/wp-content\/uploads\/sites\/5\/2026\/03\/IMG_6261-1200-scaled.jpg","author_name":"Redaktion","pure_taxonomies":{"categories":[{"term_id":59,"name":"Aktuell","slug":"aktuell","term_group":0,"term_taxonomy_id":60,"taxonomy":"category","description":"","parent":0,"count":1174,"filter":"raw","image":""},{"term_id":479,"name":"Wirtschaft","slug":"wirtschaft","term_group":0,"term_taxonomy_id":1941,"taxonomy":"category","description":"","parent":0,"count":390,"filter":"raw","image":""}],"tags":[{"term_id":828,"name":"Auszeichnung","slug":"auszeichnung","term_group":0,"term_taxonomy_id":837,"taxonomy":"post_tag","description":"","parent":0,"count":15,"filter":"raw","image":""},{"term_id":5300,"name":"Brillen","slug":"brillen","term_group":0,"term_taxonomy_id":5318,"taxonomy":"post_tag","description":"","parent":0,"count":15,"filter":"raw","image":""},{"term_id":4546,"name":"Mosqua","slug":"mosqua","term_group":0,"term_taxonomy_id":4562,"taxonomy":"post_tag","description":"","parent":0,"count":25,"filter":"raw","image":""}]},"_links":{"self":[{"href":"https:\/\/die-webzeitung.de\/ludwigsburg\/wp-json\/wp\/v2\/posts\/180732","targetHints":{"allow":["GET"]}}],"collection":[{"href":"https:\/\/die-webzeitung.de\/ludwigsburg\/wp-json\/wp\/v2\/posts"}],"about":[{"href":"https:\/\/die-webzeitung.de\/ludwigsburg\/wp-json\/wp\/v2\/types\/post"}],"author":[{"embeddable":true,"href":"https:\/\/die-webzeitung.de\/ludwigsburg\/wp-json\/wp\/v2\/users\/4"}],"replies":[{"embeddable":true,"href":"https:\/\/die-webzeitung.de\/ludwigsburg\/wp-json\/wp\/v2\/comments?post=180732"}],"version-history":[{"count":1,"href":"https:\/\/die-webzeitung.de\/ludwigsburg\/wp-json\/wp\/v2\/posts\/180732\/revisions"}],"predecessor-version":[{"id":180734,"href":"https:\/\/die-webzeitung.de\/ludwigsburg\/wp-json\/wp\/v2\/posts\/180732\/revisions\/180734"}],"wp:featuredmedia":[{"embeddable":true,"href":"https:\/\/die-webzeitung.de\/ludwigsburg\/wp-json\/wp\/v2\/media\/180733"}],"wp:attachment":[{"href":"https:\/\/die-webzeitung.de\/ludwigsburg\/wp-json\/wp\/v2\/media?parent=180732"}],"wp:term":[{"taxonomy":"category","embeddable":true,"href":"https:\/\/die-webzeitung.de\/ludwigsburg\/wp-json\/wp\/v2\/categories?post=180732"},{"taxonomy":"post_tag","embeddable":true,"href":"https:\/\/die-webzeitung.de\/ludwigsburg\/wp-json\/wp\/v2\/tags?post=180732"}],"curies":[{"name":"wp","href":"https:\/\/api.w.org\/{rel}","templated":true}]}}