{"id":180729,"date":"2026-03-12T17:37:12","date_gmt":"2026-03-12T16:37:12","guid":{"rendered":"https:\/\/die-webzeitung.de\/ludwigsburg\/?p=180729"},"modified":"2026-03-12T17:37:12","modified_gmt":"2026-03-12T16:37:12","slug":"kreissparkasse-ludwigsburg-spendet-4-000-euro-an-die-lg-neckar-enz","status":"publish","type":"post","link":"https:\/\/die-webzeitung.de\/ludwigsburg\/2026\/03\/12\/kreissparkasse-ludwigsburg-spendet-4-000-euro-an-die-lg-neckar-enz\/","title":{"rendered":"Kreissparkasse Ludwigsburg spendet 4.000 Euro an die LG Neckar-Enz"},"content":{"rendered":"<h4 style=\"text-align: justify;\"><strong>Super Stimmung, volle Halle, sportliche Kinder<\/strong><\/h4>\n<ul>\n<li style=\"text-align: justify;\"><strong>F\u00f6rderung der Jugendarbeit<\/strong><\/li>\n<li style=\"text-align: justify;\"><strong>\u00dcbergabe bei den Sch\u00fclerhallenmeisterschaften<\/strong><\/li>\n<\/ul>\n<p style=\"text-align: justify;\">Ludwigsburg.| Am letzten Februar-Samstag war es wieder soweit und die LG-internen Sch\u00fclerhallenmeisterschaften standen an. Austragungsort: Gemmrigheim. Nach dem gemeinsamen Aufw\u00e4rmen f\u00fcr die fast 180 Athletinnen und Athleten hie\u00df es, sich in die einzelnen Riegen aufzuteilen. Dieses Jahr waren von der Altersklasse U5 bis zur Altersklasse U13 alle durchg\u00e4ngig vertreten. Die Halle war entsprechend gut gef\u00fcllt, w\u00e4hrend die Riegen sich mit den einzelnen Stationen befasst haben. Neben den \u00fcblichen Disziplinen \u201e20m fliegend\u201c, \u201e30m H\u00fcrden\u201c, \u201eReifenspringen\u201c, \u201eCross-Hopp\u201c, den \u201eEin-Bein-Spr\u00fcngen \u00fcber den Stepper\u201c, den Ball zu \u201eschocken\u201c und dem \u201eEinwurf\u201c, war mit dem \u201eWand-Wurf\u201c eine neue Disziplin vertreten. Den kr\u00f6nenden Abschluss lieferte wieder der \u201eBiathlon\u201c. Die begleitenden Familien und die sonstigen G\u00e4ste waren begeistert vom Eifer der vielen Kinder und honorierten die Leistungen immer wieder mit viel Applaus.<\/p>\n<p style=\"text-align: justify;\">Nach den Wettk\u00e4mpfen kam Spannung auf, denn die Siegerehrung stand an. Jedes teilnehmende Kind bekam eine Urkunde \u00fcberreicht und die ersten drei Pl\u00e4tze wurden sogar mit Medaillen belohnt.<\/p>\n<p style=\"text-align: justify;\">Im Rahmen der Sch\u00fclerhallenmeisterschaft \u00fcberreichte die Kreissparkasse Ludwigsburg der LG Neckar-Enz einen Spendenscheck in H\u00f6he von 4.000 Euro f\u00fcr die Kinder- und Jugendarbeit. Markus Zimmermann, Regionaldirektor Nordost der Kreissparkasse Ludwigsburg, \u00fcbergab die Spende an Rose M\u00fcller, der Vorsitzenden der LG Neckar-Enz, und an Daniel Krieg, den Vorstand Finanzen des F\u00f6rderkreises Leichtathletik an Neckar und Enz.<\/p>\n<p style=\"text-align: justify;\">Markus Zimmermann erw\u00e4hnte die langj\u00e4hrige Unterst\u00fctzung der LG Neckar-Enz seitens der Kreissparkasse Ludwigsburg und die Bedeutung der Arbeit im Sport f\u00fcr Kinder und Jugendliche. Die Vertreter der LG Neckar-Enz bedankten sich f\u00fcr die \u201egro\u00dfz\u00fcgige Unterst\u00fctzung\u201c.<\/p>\n<hr \/>\n<p style=\"text-align: justify;\">\n","protected":false},"excerpt":{"rendered":"<p>Super Stimmung, volle Halle, sportliche Kinder F\u00f6rderung der Jugendarbeit \u00dcbergabe bei den Sch\u00fclerhallenmeisterschaften Ludwigsburg.| Am letzten Februar-Samstag war es wieder soweit und die LG-internen Sch\u00fclerhallenmeisterschaften standen an. Austragungsort: Gemmrigheim. Nach dem gemeinsamen Aufw\u00e4rmen f\u00fcr die fast 180 Athletinnen und Athleten hie\u00df es, sich in die einzelnen Riegen aufzuteilen. Dieses Jahr waren von der Altersklasse U5 [&hellip;]<\/p>\n","protected":false},"author":4,"featured_media":180730,"comment_status":"closed","ping_status":"open","sticky":false,"template":"","format":"standard","meta":{"inline_featured_image":false,"_exactmetrics_skip_tracking":false,"_exactmetrics_sitenote_active":false,"_exactmetrics_sitenote_note":"","_exactmetrics_sitenote_category":0,"tdm_status":"","tdm_grid_status":"","footnotes":""},"categories":[65],"tags":[8875,177,13120,6,68,148],"class_list":{"0":"post-180729","1":"post","2":"type-post","3":"status-publish","4":"format-standard","5":"has-post-thumbnail","7":"category-kreis_ludwigsburg","8":"tag-die-webzeitung","9":"tag-kreissparkasse","10":"tag-lg-neckar-enz","11":"tag-ludwigsburg","12":"tag-online-zeitung","13":"tag-spende"},"image_feature":"https:\/\/die-webzeitung.de\/ludwigsburg\/wp-content\/uploads\/sites\/5\/2026\/03\/2026_0228_Hallensportfest_Scheckuebergabe_KSK1-scaled.png","author_name":"Redaktion","pure_taxonomies":{"categories":[{"term_id":65,"name":"Kreis Ludwigsburg","slug":"kreis_ludwigsburg","term_group":0,"term_taxonomy_id":66,"taxonomy":"category","description":"","parent":171,"count":631,"filter":"raw","image":""}],"tags":[{"term_id":8875,"name":"Die-Webzeitung","slug":"die-webzeitung","term_group":0,"term_taxonomy_id":8876,"taxonomy":"post_tag","description":"","parent":0,"count":4257,"filter":"raw","image":""},{"term_id":177,"name":"Kreissparkasse","slug":"kreissparkasse","term_group":0,"term_taxonomy_id":179,"taxonomy":"post_tag","description":"","parent":0,"count":186,"filter":"raw","image":""},{"term_id":13120,"name":"LG Neckar\/Enz","slug":"lg-neckar-enz","term_group":0,"term_taxonomy_id":13121,"taxonomy":"post_tag","description":"","parent":0,"count":1,"filter":"raw","image":""},{"term_id":6,"name":"Ludwigsburg","slug":"ludwigsburg","term_group":0,"term_taxonomy_id":6,"taxonomy":"post_tag","description":"","parent":0,"count":1353,"filter":"raw","image":""},{"term_id":68,"name":"Online-Zeitung","slug":"online-zeitung","term_group":0,"term_taxonomy_id":69,"taxonomy":"post_tag","description":"","parent":0,"count":4206,"filter":"raw","image":""},{"term_id":148,"name":"Spende","slug":"spende","term_group":0,"term_taxonomy_id":150,"taxonomy":"post_tag","description":"","parent":0,"count":55,"filter":"raw","image":""}]},"_links":{"self":[{"href":"https:\/\/die-webzeitung.de\/ludwigsburg\/wp-json\/wp\/v2\/posts\/180729","targetHints":{"allow":["GET"]}}],"collection":[{"href":"https:\/\/die-webzeitung.de\/ludwigsburg\/wp-json\/wp\/v2\/posts"}],"about":[{"href":"https:\/\/die-webzeitung.de\/ludwigsburg\/wp-json\/wp\/v2\/types\/post"}],"author":[{"embeddable":true,"href":"https:\/\/die-webzeitung.de\/ludwigsburg\/wp-json\/wp\/v2\/users\/4"}],"replies":[{"embeddable":true,"href":"https:\/\/die-webzeitung.de\/ludwigsburg\/wp-json\/wp\/v2\/comments?post=180729"}],"version-history":[{"count":1,"href":"https:\/\/die-webzeitung.de\/ludwigsburg\/wp-json\/wp\/v2\/posts\/180729\/revisions"}],"predecessor-version":[{"id":180731,"href":"https:\/\/die-webzeitung.de\/ludwigsburg\/wp-json\/wp\/v2\/posts\/180729\/revisions\/180731"}],"wp:featuredmedia":[{"embeddable":true,"href":"https:\/\/die-webzeitung.de\/ludwigsburg\/wp-json\/wp\/v2\/media\/180730"}],"wp:attachment":[{"href":"https:\/\/die-webzeitung.de\/ludwigsburg\/wp-json\/wp\/v2\/media?parent=180729"}],"wp:term":[{"taxonomy":"category","embeddable":true,"href":"https:\/\/die-webzeitung.de\/ludwigsburg\/wp-json\/wp\/v2\/categories?post=180729"},{"taxonomy":"post_tag","embeddable":true,"href":"https:\/\/die-webzeitung.de\/ludwigsburg\/wp-json\/wp\/v2\/tags?post=180729"}],"curies":[{"name":"wp","href":"https:\/\/api.w.org\/{rel}","templated":true}]}}