{"id":180725,"date":"2026-03-12T17:25:44","date_gmt":"2026-03-12T16:25:44","guid":{"rendered":"https:\/\/die-webzeitung.de\/ludwigsburg\/?p=180725"},"modified":"2026-03-12T17:25:44","modified_gmt":"2026-03-12T16:25:44","slug":"weitere-entwicklung-engelbergtunnel","status":"publish","type":"post","link":"https:\/\/die-webzeitung.de\/ludwigsburg\/2026\/03\/12\/weitere-entwicklung-engelbergtunnel\/","title":{"rendered":"Weitere Entwicklung Engelbergtunnel"},"content":{"rendered":"<p style=\"text-align: justify;\">Kreis B\u00f6blingen.| Nach dem Brand im Engelbergtunnel arbeitet die Autobahn GmbH Niederlassung S\u00fcdwest mit Hochdruck daran, die derzeit gesperrte Westr\u00f6hre schnellstm\u00f6glich wieder zu \u00f6ffnen. <strong>Bis Ende kommender Woche soll zun\u00e4chst ein Fahrstreifen in Fahrtrichtung Karlsruhe\/M\u00fcnchen freigegeben werden<\/strong>.<\/p>\n<p style=\"text-align: justify;\">In den vergangenen Tagen wurden mehrere Gutachten durchgef\u00fchrt, u.a. Bohrkernuntersuchungen im Beton. Die sich daraus ergebenden Sanierungsma\u00dfnahmen sind bereits angelaufen: Die Westr\u00f6hre wurde komplett gereinigt, um eine bessere Sicht zu gew\u00e4hrleisten. Aus Sicherheitsgr\u00fcnden wurden auch die Abluftkan\u00e4le gereinigt, um etwaige durch den Brand entstandene Schadstoffe zu beseitigen. Im zerst\u00f6rten Bereich wird der kaputte Beton entfernt und erneuert, die Fahrbahn saniert und eine provisorische Beleuchtung installiert. Um Staus und Umleitungsverkehr zu verringern, wird der Tunnel nach Abschluss dieser Arbeiten einspurig ge\u00f6ffnet. Um die Sicherheit zu gew\u00e4hrleisten, wird w\u00e4hrend der \u00d6ffnung eine personelle Brandwache vor dem Tunnel aufgestellt. F\u00fcr etwaige Restarbeiten wird die Westr\u00f6hre bei Bedarf nachts in der verkehrsarmen Zeit gesperrt.<\/p>\n<p style=\"text-align: justify;\">Die Ostr\u00f6hre bleibt in ihrem aktuellen Zustand mit zwei Fahrspuren in Richtung Heilbronn offen. Von Karlsruhe kommend wird die Umleitung \u00fcber die AS Leonberg-Ost aufrechterhalten, die Rampe aus Richtung Karlsruhe bleibt aus Sicherheitsgr\u00fcnden gesperrt. Die \u00dcberleitung und Kreuzung der von Karlsruhe einfahrenden LKW auf die rechte Spur im Tunnel stellt eine zu gro\u00dfe Unfallgefahr dar. Zudem sind die Beeintr\u00e4chtigungen in diesem Bereich der A8 geringer als erwartet.<\/p>\n<hr \/>\n<p style=\"text-align: justify;\">\n","protected":false},"excerpt":{"rendered":"<p>Kreis B\u00f6blingen.| Nach dem Brand im Engelbergtunnel arbeitet die Autobahn GmbH Niederlassung S\u00fcdwest mit Hochdruck daran, die derzeit gesperrte Westr\u00f6hre schnellstm\u00f6glich wieder zu \u00f6ffnen. Bis Ende kommender Woche soll zun\u00e4chst ein Fahrstreifen in Fahrtrichtung Karlsruhe\/M\u00fcnchen freigegeben werden. In den vergangenen Tagen wurden mehrere Gutachten durchgef\u00fchrt, u.a. Bohrkernuntersuchungen im Beton. Die sich daraus ergebenden Sanierungsma\u00dfnahmen sind [&hellip;]<\/p>\n","protected":false},"author":4,"featured_media":180726,"comment_status":"closed","ping_status":"open","sticky":false,"template":"","format":"standard","meta":{"inline_featured_image":false,"_exactmetrics_skip_tracking":false,"_exactmetrics_sitenote_active":false,"_exactmetrics_sitenote_note":"","_exactmetrics_sitenote_category":0,"tdm_status":"","tdm_grid_status":"","footnotes":""},"categories":[59,2402],"tags":[1225,8875,12059,68,460,944],"class_list":{"0":"post-180725","1":"post","2":"type-post","3":"status-publish","4":"format-standard","5":"has-post-thumbnail","7":"category-aktuell","8":"category-baden-wuerttemberg","9":"tag-brand","10":"tag-die-webzeitung","11":"tag-engelbergtunnel","12":"tag-online-zeitung","13":"tag-sanierung","14":"tag-unfall"},"image_feature":"https:\/\/die-webzeitung.de\/ludwigsburg\/wp-content\/uploads\/sites\/5\/2026\/03\/26-03-11-Engelbergtunnel-Betonarbeiten-scaled.jpg","author_name":"Redaktion","pure_taxonomies":{"categories":[{"term_id":59,"name":"Aktuell","slug":"aktuell","term_group":0,"term_taxonomy_id":60,"taxonomy":"category","description":"","parent":0,"count":1175,"filter":"raw","image":""},{"term_id":2402,"name":"Baden-W\u00fcrttemberg","slug":"baden-wuerttemberg","term_group":0,"term_taxonomy_id":2414,"taxonomy":"category","description":"","parent":171,"count":248,"filter":"raw","image":""}],"tags":[{"term_id":1225,"name":"Brand","slug":"brand","term_group":0,"term_taxonomy_id":1234,"taxonomy":"post_tag","description":"","parent":0,"count":11,"filter":"raw","image":""},{"term_id":8875,"name":"Die-Webzeitung","slug":"die-webzeitung","term_group":0,"term_taxonomy_id":8876,"taxonomy":"post_tag","description":"","parent":0,"count":4249,"filter":"raw","image":""},{"term_id":12059,"name":"Engelbergtunnel","slug":"engelbergtunnel","term_group":0,"term_taxonomy_id":12060,"taxonomy":"post_tag","description":"","parent":0,"count":6,"filter":"raw","image":""},{"term_id":68,"name":"Online-Zeitung","slug":"online-zeitung","term_group":0,"term_taxonomy_id":69,"taxonomy":"post_tag","description":"","parent":0,"count":4198,"filter":"raw","image":""},{"term_id":460,"name":"Sanierung","slug":"sanierung","term_group":0,"term_taxonomy_id":467,"taxonomy":"post_tag","description":"","parent":0,"count":19,"filter":"raw","image":""},{"term_id":944,"name":"Unfall","slug":"unfall","term_group":0,"term_taxonomy_id":953,"taxonomy":"post_tag","description":"","parent":0,"count":10,"filter":"raw","image":""}]},"_links":{"self":[{"href":"https:\/\/die-webzeitung.de\/ludwigsburg\/wp-json\/wp\/v2\/posts\/180725","targetHints":{"allow":["GET"]}}],"collection":[{"href":"https:\/\/die-webzeitung.de\/ludwigsburg\/wp-json\/wp\/v2\/posts"}],"about":[{"href":"https:\/\/die-webzeitung.de\/ludwigsburg\/wp-json\/wp\/v2\/types\/post"}],"author":[{"embeddable":true,"href":"https:\/\/die-webzeitung.de\/ludwigsburg\/wp-json\/wp\/v2\/users\/4"}],"replies":[{"embeddable":true,"href":"https:\/\/die-webzeitung.de\/ludwigsburg\/wp-json\/wp\/v2\/comments?post=180725"}],"version-history":[{"count":1,"href":"https:\/\/die-webzeitung.de\/ludwigsburg\/wp-json\/wp\/v2\/posts\/180725\/revisions"}],"predecessor-version":[{"id":180727,"href":"https:\/\/die-webzeitung.de\/ludwigsburg\/wp-json\/wp\/v2\/posts\/180725\/revisions\/180727"}],"wp:featuredmedia":[{"embeddable":true,"href":"https:\/\/die-webzeitung.de\/ludwigsburg\/wp-json\/wp\/v2\/media\/180726"}],"wp:attachment":[{"href":"https:\/\/die-webzeitung.de\/ludwigsburg\/wp-json\/wp\/v2\/media?parent=180725"}],"wp:term":[{"taxonomy":"category","embeddable":true,"href":"https:\/\/die-webzeitung.de\/ludwigsburg\/wp-json\/wp\/v2\/categories?post=180725"},{"taxonomy":"post_tag","embeddable":true,"href":"https:\/\/die-webzeitung.de\/ludwigsburg\/wp-json\/wp\/v2\/tags?post=180725"}],"curies":[{"name":"wp","href":"https:\/\/api.w.org\/{rel}","templated":true}]}}