{"id":180712,"date":"2026-03-11T17:36:43","date_gmt":"2026-03-11T16:36:43","guid":{"rendered":"https:\/\/die-webzeitung.de\/ludwigsburg\/?p=180712"},"modified":"2026-03-11T17:37:15","modified_gmt":"2026-03-11T16:37:15","slug":"gemeinderat-soll-ueber-schliesstermin-zur-generalsanierung-des-forums-entscheiden","status":"publish","type":"post","link":"https:\/\/die-webzeitung.de\/ludwigsburg\/2026\/03\/11\/gemeinderat-soll-ueber-schliesstermin-zur-generalsanierung-des-forums-entscheiden\/","title":{"rendered":"Gemeinderat soll \u00fcber Schlie\u00dftermin zur Generalsanierung des Forums entscheiden"},"content":{"rendered":"<h4 style=\"text-align: justify;\"><strong>Stadtverwaltung schl\u00e4gt als Zeitpunkt 31. Juli 2027 vor\u00a0<\/strong><\/h4>\n<p style=\"text-align: justify;\">Ludwigsburg.| Mit der Generalsanierung des Forums am Schlosspark wird sich der Gemeinderat in seiner heutigen Sitzung am Mittwoch, 11. M\u00e4rz, 17 Uhr, Kulturzentrum besch\u00e4ftigen. Es ist vorgesehen, den Start der Schlie\u00dfung f\u00fcr die Generalsanierung festzulegen. Hier schl\u00e4gt die Stadtverwaltung vor, entgegen bisheriger Planung die Veranstaltungsst\u00e4tte erst zur Sommerpause 2027 zu schlie\u00dfen und nicht bereits zum Jahresende 2026. Somit w\u00fcrde sich die Spielzeit des st\u00e4dtischen Kulturprogramms bis Fr\u00fchjahr 2027 verl\u00e4ngern. Bis zur Schlie\u00dfung am 31. Juli 2027 soll das Forum zudem noch den Ludwigsburger Schlossfestspielen als Spielst\u00e4tte dienen.<\/p>\n<p style=\"text-align: justify;\">Damit ist auch ein kontinuierlicher \u00dcbergang von der Spielzeit im Forum zum reduzierten Interimsprogramm \u201eZwischenspiel\u201c ab Oktober 2027 an anderen Orten im Stadtgebiet m\u00f6glich. Das B\u00fcrgerb\u00fcro Bauen w\u00fcrde den bisherigen Duldungsbetrieb um ein halbes Jahr verl\u00e4ngern, sofern die dem Bau vorangehenden Planungsphasen z\u00fcgig und ohne Verz\u00f6gerung weiter vorangetrieben werden.<\/p>\n<p style=\"text-align: justify;\">F\u00fcr diese damit weitere Spielzeit von Oktober 2026 bis April\/Mai 2027 sowie f\u00fcr das Interimsprogramm \u201eZwischenspiel\u201c stehen nach aktueller Planung im Haushaltsjahr 2027 sehr knappe Budgets in H\u00f6he von 700.000 Euro zur Verf\u00fcgung (bisher 1,03 Millionen Euro). Die letzte Spielzeit 2026\/2027 vor der Schlie\u00dfung im Sommer 2027 m\u00fcsste daher in reduzierter Form angelegt sein.<\/p>\n<p style=\"text-align: justify;\"><strong>Seit 40 Jahren Impulsgeber f\u00fcr das Stadtleben<\/strong><\/p>\n<p style=\"text-align: justify;\">Mit dem Forum am Schlosspark verf\u00fcgt Ludwigsburg \u00fcber ein vielseitiges Geb\u00e4ude, das Kultur, Politik und Gesellschaft zusammenf\u00fchrt. Seine Veranstaltungen pr\u00e4gen seit fast 40 Jahren das Stadtleben und setzen Impulse, die weit \u00fcber Ludwigsburg hinausgehen. Anfang des Jahres 2024 ist das Forum am Schlosspark in die Liste der Kulturdenkmale des Landes Baden-W\u00fcrttemberg aufgenommen worden.<\/p>\n<p style=\"text-align: justify;\">Der jahrzehntelange Betrieb hat aber deutliche Spuren hinterlassen. Die Geb\u00e4udetechnik und das komplette Leitungssystem sind weit \u00fcber ihre Lebenszyklen hinaus, Ersatzteile nicht mehr verf\u00fcgbar. Auch die Veranstaltungstechnik kann nur noch unter hohem Aufwand betriebsf\u00e4hig gehalten werden. Zu den technischen M\u00e4ngeln addiert sich ein nicht ausreichender Brandschutz insbesondere aus der Bauzeit und f\u00fchrt dazu, dass der Betrieb des Forums nur noch im Duldungsbetrieb l\u00e4uft.<\/p>\n<p style=\"text-align: justify;\">\u201eEs kommt fast im Wochenrhythmus zu technischen Ausf\u00e4llen sowie Wasser- oder Kabelsch\u00e4den. Durch gro\u00dfe Kreativit\u00e4t und Engagement der Mitarbeitenden in Verbindung mit dem notwendigen Gl\u00fcck sind bisher alle Veranstaltungen gelungen. Bei der enorm hohen Komplexit\u00e4t und Masse der technischen Bauteile ist es aber nur eine Frage der Zeit, bis Sch\u00e4den auftreten, die zu einer unmittelbaren Betriebseinstellung f\u00fchren k\u00f6nnten\u201c, warnt Mario Kreh, Gesch\u00e4ftsf\u00fchrer des Eigenbetriebs Tourismus und Events. Je nach Gr\u00f6\u00dfe der Sch\u00e4digung sei ein wochenlanger Stillstand ein durchaus realistisches Szenario. Konkrete Gefahren f\u00fcr Veranstaltungen und Besuchende des Hauses seien aber nicht zu erwarten.<\/p>\n<p style=\"text-align: justify;\"><strong>OB Knecht: Werden alles daran setzen, Zukunft des Forums zu sichern<\/strong><\/p>\n<p style=\"text-align: justify;\">\u201eWir stehen mit voller \u00dcberzeugung zu einem starken und zukunftsf\u00e4higen Forum &#8211; auch f\u00fcr die kommenden Jahrzehnte\u201c, betont OB Dr. Matthias Knecht. \u201eAber klar ist zugleich: Angesichts der angespannten Haushaltslage k\u00f6nnen wir diese Kraftanstrengung nicht allein bew\u00e4ltigen. Deshalb sind wir auf F\u00f6rdermittel in erheblichem Umfang angewiesen. F\u00fcr uns steht aber fest: Dieses Forum hat Zukunft &#8211; und wir werden alles daransetzen, sie zu sichern.\u201c<\/p>\n<p style=\"text-align: justify;\">Die Stadtverwaltung schl\u00e4gt vor, die Vorlage zu den Planungsbeschl\u00fcssen im heutigen Gemeinderat (11. M\u00e4rz 2026) nur einzubringen und in der Sitzung des Gremiums am 29. April zu beauftragen, um damit einen Baubeschluss zur Generalsanierung des Geb\u00e4udes und des Brandschutzes vorzubereiten. Eine Betriebspause ist somit von Sommer 2027 bis ins Jahr 2032 zu erwarten. Sollte es w\u00e4hrend der Bauphase zu keinen Verz\u00f6gerungen kommen, w\u00e4re eine Wiederer\u00f6ffnung gegen Ende des Jahres 2032 realistisch. Nach detaillierter Berechnung entstehen durch die Generalsanierung des Forums Gesamtkosten in H\u00f6he von 134 Millionen Euro.<\/p>\n<hr \/>\n<p style=\"text-align: justify;\">\n","protected":false},"excerpt":{"rendered":"<p>Stadtverwaltung schl\u00e4gt als Zeitpunkt 31. Juli 2027 vor\u00a0 Ludwigsburg.| Mit der Generalsanierung des Forums am Schlosspark wird sich der Gemeinderat in seiner heutigen Sitzung am Mittwoch, 11. M\u00e4rz, 17 Uhr, Kulturzentrum besch\u00e4ftigen. Es ist vorgesehen, den Start der Schlie\u00dfung f\u00fcr die Generalsanierung festzulegen. Hier schl\u00e4gt die Stadtverwaltung vor, entgegen bisheriger Planung die Veranstaltungsst\u00e4tte erst zur [&hellip;]<\/p>\n","protected":false},"author":4,"featured_media":180608,"comment_status":"closed","ping_status":"open","sticky":false,"template":"","format":"standard","meta":{"inline_featured_image":false,"_exactmetrics_skip_tracking":false,"_exactmetrics_sitenote_active":false,"_exactmetrics_sitenote_note":"","_exactmetrics_sitenote_category":0,"tdm_status":"","tdm_grid_status":"","footnotes":""},"categories":[67],"tags":[8875,1615,6,68,460,5386],"class_list":{"0":"post-180712","1":"post","2":"type-post","3":"status-publish","4":"format-standard","5":"has-post-thumbnail","7":"category-ludwigsburg-lokal","8":"tag-die-webzeitung","9":"tag-forum","10":"tag-ludwigsburg","11":"tag-online-zeitung","12":"tag-sanierung","13":"tag-schliesung"},"image_feature":"https:\/\/die-webzeitung.de\/ludwigsburg\/wp-content\/uploads\/sites\/5\/2026\/03\/Forum.jpg","author_name":"Redaktion","pure_taxonomies":{"categories":[{"term_id":67,"name":"Ludwigsburg","slug":"ludwigsburg-lokal","term_group":0,"term_taxonomy_id":68,"taxonomy":"category","description":"","parent":1433,"count":653,"filter":"raw","image":""}],"tags":[{"term_id":8875,"name":"Die-Webzeitung","slug":"die-webzeitung","term_group":0,"term_taxonomy_id":8876,"taxonomy":"post_tag","description":"","parent":0,"count":4254,"filter":"raw","image":""},{"term_id":1615,"name":"Forum","slug":"forum","term_group":0,"term_taxonomy_id":1624,"taxonomy":"post_tag","description":"","parent":0,"count":6,"filter":"raw","image":""},{"term_id":6,"name":"Ludwigsburg","slug":"ludwigsburg","term_group":0,"term_taxonomy_id":6,"taxonomy":"post_tag","description":"","parent":0,"count":1351,"filter":"raw","image":""},{"term_id":68,"name":"Online-Zeitung","slug":"online-zeitung","term_group":0,"term_taxonomy_id":69,"taxonomy":"post_tag","description":"","parent":0,"count":4203,"filter":"raw","image":""},{"term_id":460,"name":"Sanierung","slug":"sanierung","term_group":0,"term_taxonomy_id":467,"taxonomy":"post_tag","description":"","parent":0,"count":19,"filter":"raw","image":""},{"term_id":5386,"name":"Schlie\u00dfung","slug":"schliesung","term_group":0,"term_taxonomy_id":5404,"taxonomy":"post_tag","description":"","parent":0,"count":2,"filter":"raw","image":""}]},"_links":{"self":[{"href":"https:\/\/die-webzeitung.de\/ludwigsburg\/wp-json\/wp\/v2\/posts\/180712","targetHints":{"allow":["GET"]}}],"collection":[{"href":"https:\/\/die-webzeitung.de\/ludwigsburg\/wp-json\/wp\/v2\/posts"}],"about":[{"href":"https:\/\/die-webzeitung.de\/ludwigsburg\/wp-json\/wp\/v2\/types\/post"}],"author":[{"embeddable":true,"href":"https:\/\/die-webzeitung.de\/ludwigsburg\/wp-json\/wp\/v2\/users\/4"}],"replies":[{"embeddable":true,"href":"https:\/\/die-webzeitung.de\/ludwigsburg\/wp-json\/wp\/v2\/comments?post=180712"}],"version-history":[{"count":2,"href":"https:\/\/die-webzeitung.de\/ludwigsburg\/wp-json\/wp\/v2\/posts\/180712\/revisions"}],"predecessor-version":[{"id":180714,"href":"https:\/\/die-webzeitung.de\/ludwigsburg\/wp-json\/wp\/v2\/posts\/180712\/revisions\/180714"}],"wp:featuredmedia":[{"embeddable":true,"href":"https:\/\/die-webzeitung.de\/ludwigsburg\/wp-json\/wp\/v2\/media\/180608"}],"wp:attachment":[{"href":"https:\/\/die-webzeitung.de\/ludwigsburg\/wp-json\/wp\/v2\/media?parent=180712"}],"wp:term":[{"taxonomy":"category","embeddable":true,"href":"https:\/\/die-webzeitung.de\/ludwigsburg\/wp-json\/wp\/v2\/categories?post=180712"},{"taxonomy":"post_tag","embeddable":true,"href":"https:\/\/die-webzeitung.de\/ludwigsburg\/wp-json\/wp\/v2\/tags?post=180712"}],"curies":[{"name":"wp","href":"https:\/\/api.w.org\/{rel}","templated":true}]}}