{"id":180708,"date":"2026-03-11T17:26:36","date_gmt":"2026-03-11T16:26:36","guid":{"rendered":"https:\/\/die-webzeitung.de\/ludwigsburg\/?p=180708"},"modified":"2026-03-11T17:26:36","modified_gmt":"2026-03-11T16:26:36","slug":"waiblingen-entdecken","status":"publish","type":"post","link":"https:\/\/die-webzeitung.de\/ludwigsburg\/2026\/03\/11\/waiblingen-entdecken\/","title":{"rendered":"Waiblingen entdecken"},"content":{"rendered":"<p style=\"text-align: justify;\"><strong>F\u00fchrungen der Touristinfo bequem online buchen<\/strong><\/p>\n<p style=\"text-align: justify;\">Waiblingen.| Stadtf\u00fchrungen durch Waiblingen und andere Unternehmungen sind immer interessant \u2013 weil dabei spannende Themen erkl\u00e4rt und ausf\u00fchrlich beleuchtet werden.<\/p>\n<p style=\"text-align: justify;\"><strong>Historische Stadtf\u00fchrung \u2013 \u201eder Klassiker\u201c am 14. M\u00e4rz um 14 Uhr<\/strong><br \/>\nDer Klassiker unter den Stadtf\u00fchrungen f\u00fchrt vorbei an den markantesten\u00a0Sehensw\u00fcrdigkeiten Waiblingens. Bei dem anderthalbst\u00fcndigen Stadtrundgang wird die Geschichte der Stadt lebendig.<\/p>\n<p style=\"text-align: justify;\"><strong>M\u00fchlenf\u00fchrung am 14. M\u00e4rz um 15 Uhr<br \/>\n<\/strong>Die Hegnacher M\u00fchle ist die letzte, die auch nach 140 Jahren noch ihren Dienst tut. Bei der M\u00fchlenf\u00fchrung erhalten Sie einen Einblick in die Produktionsabl\u00e4ufe, von der Erfassung des Getreides, \u00fcber den Vermahlungsprozess bis zur Vermarktung. Die F\u00fchrung endet im M\u00fchlenladen, wo Sie Gelegenheit haben, sich \u00fcber die Produkte zu informieren.<\/p>\n<p style=\"text-align: justify;\"><strong>Waiblingen zur NS-Zeit am 19. M\u00e4rz um 15 Uhr<br \/>\n<\/strong>Luft- und Splitterschutz im Zwinger, die Waiblinger Frauendemonstration, das Ende des\u00a0Krieges, die umstrittenen Graffitis am Beinsteiner Torturm, das Alte Dekanat, in dem Dekan Hermann Zeller und seine Frau Elsbeth lebten, die das j\u00fcdische Ehepaar Krakauer vor den Verfolgern versteckten, sind nur einige Themen dieser F\u00fchrung.<br \/>\nDer Rundgang endet auf dem Friedhof an den Gr\u00e4bern der in Waiblingen verstorbenen Zwangsarbeiterinnen und Zwangsarbeiter.<\/p>\n<p style=\"text-align: justify;\"><strong>Waiblinger Neidk\u00f6pfe \u201elustigen Trolle\u201c und ihre Geschichten\u00a0Mittwoch, 8. April um 17 Uhr<br \/>\n<\/strong>Waiblinger Neidk\u00f6pfe, als Schmuckwerke und Symbole, als \u201egute Geister\u201c zur Abwehr des B\u00f6sen, sch\u00fctzen sie die H\u00e4user der Waiblinger Altstadt vor allen m\u00f6glichen Gefahren und erfreuen den Betrachter in ihrer vielf\u00e4ltigen Gestaltung, mal wild und b\u00f6se, mal knitz und bunt!<\/p>\n<hr \/>\n<p style=\"text-align: justify;\">\n","protected":false},"excerpt":{"rendered":"<p>F\u00fchrungen der Touristinfo bequem online buchen Waiblingen.| Stadtf\u00fchrungen durch Waiblingen und andere Unternehmungen sind immer interessant \u2013 weil dabei spannende Themen erkl\u00e4rt und ausf\u00fchrlich beleuchtet werden. Historische Stadtf\u00fchrung \u2013 \u201eder Klassiker\u201c am 14. M\u00e4rz um 14 Uhr Der Klassiker unter den Stadtf\u00fchrungen f\u00fchrt vorbei an den markantesten\u00a0Sehensw\u00fcrdigkeiten Waiblingens. Bei dem anderthalbst\u00fcndigen Stadtrundgang wird die Geschichte [&hellip;]<\/p>\n","protected":false},"author":4,"featured_media":0,"comment_status":"closed","ping_status":"open","sticky":false,"template":"","format":"standard","meta":{"inline_featured_image":false,"_exactmetrics_skip_tracking":false,"_exactmetrics_sitenote_active":false,"_exactmetrics_sitenote_note":"","_exactmetrics_sitenote_category":0,"tdm_status":"","tdm_grid_status":"","footnotes":""},"categories":[76],"tags":[8875,68,2360,8332],"class_list":{"0":"post-180708","1":"post","2":"type-post","3":"status-publish","4":"format-standard","6":"category-fuhrung-vortrage","7":"tag-die-webzeitung","8":"tag-online-zeitung","9":"tag-stadtfuhrung","10":"tag-waiblingen"},"image_feature":null,"author_name":"Redaktion","pure_taxonomies":{"categories":[{"term_id":76,"name":"F\u00fchrungen \/ Vortr\u00e4ge","slug":"fuhrung-vortrage","term_group":0,"term_taxonomy_id":77,"taxonomy":"category","description":"","parent":2238,"count":38,"filter":"raw","image":""}],"tags":[{"term_id":8875,"name":"Die-Webzeitung","slug":"die-webzeitung","term_group":0,"term_taxonomy_id":8876,"taxonomy":"post_tag","description":"","parent":0,"count":4255,"filter":"raw","image":""},{"term_id":68,"name":"Online-Zeitung","slug":"online-zeitung","term_group":0,"term_taxonomy_id":69,"taxonomy":"post_tag","description":"","parent":0,"count":4204,"filter":"raw","image":""},{"term_id":2360,"name":"Stadtf\u00fchrung","slug":"stadtfuhrung","term_group":0,"term_taxonomy_id":2372,"taxonomy":"post_tag","description":"","parent":0,"count":5,"filter":"raw","image":""},{"term_id":8332,"name":"Waiblingen","slug":"waiblingen","term_group":0,"term_taxonomy_id":556,"taxonomy":"post_tag","description":"","parent":0,"count":254,"filter":"raw","image":""}]},"_links":{"self":[{"href":"https:\/\/die-webzeitung.de\/ludwigsburg\/wp-json\/wp\/v2\/posts\/180708","targetHints":{"allow":["GET"]}}],"collection":[{"href":"https:\/\/die-webzeitung.de\/ludwigsburg\/wp-json\/wp\/v2\/posts"}],"about":[{"href":"https:\/\/die-webzeitung.de\/ludwigsburg\/wp-json\/wp\/v2\/types\/post"}],"author":[{"embeddable":true,"href":"https:\/\/die-webzeitung.de\/ludwigsburg\/wp-json\/wp\/v2\/users\/4"}],"replies":[{"embeddable":true,"href":"https:\/\/die-webzeitung.de\/ludwigsburg\/wp-json\/wp\/v2\/comments?post=180708"}],"version-history":[{"count":1,"href":"https:\/\/die-webzeitung.de\/ludwigsburg\/wp-json\/wp\/v2\/posts\/180708\/revisions"}],"predecessor-version":[{"id":180709,"href":"https:\/\/die-webzeitung.de\/ludwigsburg\/wp-json\/wp\/v2\/posts\/180708\/revisions\/180709"}],"wp:attachment":[{"href":"https:\/\/die-webzeitung.de\/ludwigsburg\/wp-json\/wp\/v2\/media?parent=180708"}],"wp:term":[{"taxonomy":"category","embeddable":true,"href":"https:\/\/die-webzeitung.de\/ludwigsburg\/wp-json\/wp\/v2\/categories?post=180708"},{"taxonomy":"post_tag","embeddable":true,"href":"https:\/\/die-webzeitung.de\/ludwigsburg\/wp-json\/wp\/v2\/tags?post=180708"}],"curies":[{"name":"wp","href":"https:\/\/api.w.org\/{rel}","templated":true}]}}