{"id":180691,"date":"2026-03-10T17:43:58","date_gmt":"2026-03-10T16:43:58","guid":{"rendered":"https:\/\/die-webzeitung.de\/ludwigsburg\/?p=180691"},"modified":"2026-03-10T17:43:58","modified_gmt":"2026-03-10T16:43:58","slug":"vaisana-aufsichtsrat-stimmt-verhandlungen-mit-der-stadt-vaihingen-zu","status":"publish","type":"post","link":"https:\/\/die-webzeitung.de\/ludwigsburg\/2026\/03\/10\/vaisana-aufsichtsrat-stimmt-verhandlungen-mit-der-stadt-vaihingen-zu\/","title":{"rendered":"Vaisana: Aufsichtsrat stimmt Verhandlungen mit der Stadt Vaihingen zu"},"content":{"rendered":"<p style=\"text-align: justify;\"><strong>Kaufvertrag f\u00fcr das Areal Altes Krankenhaus wird vorbereitet\u00a0 \u2013 Themenabend am 23. April in der Stadthalle<\/strong><\/p>\n<p style=\"text-align: justify;\">Vaihingen\/Enz.| Der Aufsichtsrat der RKH Kliniken Ludwigsburg- Bietigheim gGmbH (KLB) hat der Gesch\u00e4ftsf\u00fchrung den Auftrag erteilt, mit der Stadt Vaihingen an der Enz konkrete Verhandlungen \u00fcber den Verkauf des Gesamtareals Altes Krankenhaus Vaihingen aufzunehmen und einen entsprechenden Vertrag auszuarbeiten. Dieser soll sowohl dem Vaihinger Gemeinderat sowie dem Aufsichtsrat noch in diesem Halbjahr zur Abstimmung vorgelegt werden. Das ist das Ergebnis der Aufsichtsratssitzung am 9. M\u00e4rz.<\/p>\n<p style=\"text-align: justify;\">Zuvor hatte es zahlreiche Gespr\u00e4che zwischen der Stadt Vaihingen, der RKH-Kliniken-Gesch\u00e4ftsf\u00fchrung und dem Aufsichtsratsvorsitzenden Dietmar Allgaier gegeben. Grundlage des nun auszuhandelnden Vertrages ist das gemeinsam beauftragte Wertermittlungsgutachten. Die Stadtbau Vaihingen hat ein Finanzierungs- und Nutzungskonzept f\u00fcr das Areal ausgearbeitet, das den Gremien der Stadt zun\u00e4chst in nicht\u00f6ffentlicher, am 29. April dann in \u00f6ffentlicher Sitzung zur Abstimmung vorgelegt wird. Bereits am 23. April ist ein Themenabend f\u00fcr B\u00fcrgerinnen und B\u00fcrger in der Stadthalle geplant.<\/p>\n<p style=\"text-align: justify;\">Vorangegangen sind den Konzepten Gespr\u00e4che mit den jetzigen und k\u00fcnftigen Mietern des Gesamtareals, das nach Meinung aller Beteiligten eine gute Auslastung und gro\u00dfe Attraktivit\u00e4t bietet. Die funktionierende Infrastruktur mit 15 Haus- und Fach\u00e4rzten sowie zahlreichen weiteren Praxen, einer Apotheke und einem Caf\u00e9 mit rund 130 Besch\u00e4ftigten soll weiter ausgebaut werden.<\/p>\n<p style=\"text-align: justify;\">Der Gesch\u00e4ftsf\u00fchrer der Stadtbau, Anselm Laube, erarbeitet konkrete Vorschl\u00e4ge zum Weiterbetrieb des Vaisana \u00c4rztehauses, zur schnellstm\u00f6glichen Beseitigung der bisherigen Leerst\u00e4nde sowie zur m\u00f6glichen Nachnutzung des gesamten Areals \u2013 als Herzst\u00fcck eines neuen Stadtquartiers mit barrierefreien, seniorengerechten Wohneinheiten sowie Pflegeangeboten. Angestrebt wird die \u00dcbernahme des Gesamtareals durch die Stadt Vaihingen an der Enz noch in diesem Jahr.<\/p>\n<hr \/>\n<p style=\"text-align: justify;\">\n","protected":false},"excerpt":{"rendered":"<p>Kaufvertrag f\u00fcr das Areal Altes Krankenhaus wird vorbereitet\u00a0 \u2013 Themenabend am 23. April in der Stadthalle Vaihingen\/Enz.| Der Aufsichtsrat der RKH Kliniken Ludwigsburg- Bietigheim gGmbH (KLB) hat der Gesch\u00e4ftsf\u00fchrung den Auftrag erteilt, mit der Stadt Vaihingen an der Enz konkrete Verhandlungen \u00fcber den Verkauf des Gesamtareals Altes Krankenhaus Vaihingen aufzunehmen und einen entsprechenden Vertrag auszuarbeiten. [&hellip;]<\/p>\n","protected":false},"author":4,"featured_media":180692,"comment_status":"closed","ping_status":"open","sticky":false,"template":"","format":"standard","meta":{"inline_featured_image":false,"_exactmetrics_skip_tracking":false,"_exactmetrics_sitenote_active":false,"_exactmetrics_sitenote_note":"","_exactmetrics_sitenote_category":0,"tdm_status":"","tdm_grid_status":"","footnotes":""},"categories":[59,65],"tags":[4757,8875,68,12984],"class_list":{"0":"post-180691","1":"post","2":"type-post","3":"status-publish","4":"format-standard","5":"has-post-thumbnail","7":"category-aktuell","8":"category-kreis_ludwigsburg","9":"tag-arztehaus","10":"tag-die-webzeitung","11":"tag-online-zeitung","12":"tag-vaisana"},"image_feature":"https:\/\/die-webzeitung.de\/ludwigsburg\/wp-content\/uploads\/sites\/5\/2026\/03\/RKH-scaled.jpg","author_name":"Redaktion","pure_taxonomies":{"categories":[{"term_id":59,"name":"Aktuell","slug":"aktuell","term_group":0,"term_taxonomy_id":60,"taxonomy":"category","description":"","parent":0,"count":1175,"filter":"raw","image":""},{"term_id":65,"name":"Kreis Ludwigsburg","slug":"kreis_ludwigsburg","term_group":0,"term_taxonomy_id":66,"taxonomy":"category","description":"","parent":171,"count":630,"filter":"raw","image":""}],"tags":[{"term_id":4757,"name":"\u00c4rztehaus","slug":"arztehaus","term_group":0,"term_taxonomy_id":4774,"taxonomy":"post_tag","description":"","parent":0,"count":3,"filter":"raw","image":""},{"term_id":8875,"name":"Die-Webzeitung","slug":"die-webzeitung","term_group":0,"term_taxonomy_id":8876,"taxonomy":"post_tag","description":"","parent":0,"count":4255,"filter":"raw","image":""},{"term_id":68,"name":"Online-Zeitung","slug":"online-zeitung","term_group":0,"term_taxonomy_id":69,"taxonomy":"post_tag","description":"","parent":0,"count":4204,"filter":"raw","image":""},{"term_id":12984,"name":"Vaisana","slug":"vaisana","term_group":0,"term_taxonomy_id":12985,"taxonomy":"post_tag","description":"","parent":0,"count":3,"filter":"raw","image":""}]},"_links":{"self":[{"href":"https:\/\/die-webzeitung.de\/ludwigsburg\/wp-json\/wp\/v2\/posts\/180691","targetHints":{"allow":["GET"]}}],"collection":[{"href":"https:\/\/die-webzeitung.de\/ludwigsburg\/wp-json\/wp\/v2\/posts"}],"about":[{"href":"https:\/\/die-webzeitung.de\/ludwigsburg\/wp-json\/wp\/v2\/types\/post"}],"author":[{"embeddable":true,"href":"https:\/\/die-webzeitung.de\/ludwigsburg\/wp-json\/wp\/v2\/users\/4"}],"replies":[{"embeddable":true,"href":"https:\/\/die-webzeitung.de\/ludwigsburg\/wp-json\/wp\/v2\/comments?post=180691"}],"version-history":[{"count":1,"href":"https:\/\/die-webzeitung.de\/ludwigsburg\/wp-json\/wp\/v2\/posts\/180691\/revisions"}],"predecessor-version":[{"id":180693,"href":"https:\/\/die-webzeitung.de\/ludwigsburg\/wp-json\/wp\/v2\/posts\/180691\/revisions\/180693"}],"wp:featuredmedia":[{"embeddable":true,"href":"https:\/\/die-webzeitung.de\/ludwigsburg\/wp-json\/wp\/v2\/media\/180692"}],"wp:attachment":[{"href":"https:\/\/die-webzeitung.de\/ludwigsburg\/wp-json\/wp\/v2\/media?parent=180691"}],"wp:term":[{"taxonomy":"category","embeddable":true,"href":"https:\/\/die-webzeitung.de\/ludwigsburg\/wp-json\/wp\/v2\/categories?post=180691"},{"taxonomy":"post_tag","embeddable":true,"href":"https:\/\/die-webzeitung.de\/ludwigsburg\/wp-json\/wp\/v2\/tags?post=180691"}],"curies":[{"name":"wp","href":"https:\/\/api.w.org\/{rel}","templated":true}]}}