{"id":180689,"date":"2026-03-10T14:12:51","date_gmt":"2026-03-10T13:12:51","guid":{"rendered":"https:\/\/die-webzeitung.de\/ludwigsburg\/?p=180689"},"modified":"2026-03-10T14:12:51","modified_gmt":"2026-03-10T13:12:51","slug":"sicherer-und-komfortabler-radfahren","status":"publish","type":"post","link":"https:\/\/die-webzeitung.de\/ludwigsburg\/2026\/03\/10\/sicherer-und-komfortabler-radfahren\/","title":{"rendered":"Sicherer und komfortabler Radfahren"},"content":{"rendered":"<h4 style=\"text-align: justify;\"><strong>Radweg zwischen Beutelsbach und Aichelberg wird umfassend ausgebaut<\/strong><\/h4>\n<p style=\"text-align: justify;\"><strong>Mitglieder des Umwelt- und Verkehrsausschusses informieren sich bei gemeinsamer Radausfahrt \u00fcber laufende Bauma\u00dfnahme an der K 1864<\/strong><\/p>\n<p style=\"text-align: justify;\">Der Rems-Murr-Kreis verfolgt das Ziel, den Anteil der mit dem Fahrrad zur\u00fcckgelegten Wege im Alltag und in der Freizeit zu erh\u00f6hen. Der Landkreis investiert daher kontinuierlich in den Neu- und Ausbau von Radwegen: Verbindungen sollen sicherer und komfortabler werden, L\u00fccken im Netz werden geschlossen. Eine wichtige Grundlage daf\u00fcr ist der im Dezember 2025 vom Kreistag beschlossene <a href=\"https:\/\/www.rems-murr-kreis.de\/fileadmin\/Dateien\/Bilder\/3_33_Stra%C3%9Fenbauamt\/MKR\/Anlage_1_Massnahmenplan_fuer_Kreisstrassen_und_Radwege_2026_2029.pdf\" target=\"_blank\" rel=\"noopener\" data-saferedirecturl=\"https:\/\/www.google.com\/url?q=https:\/\/www.rems-murr-kreis.de\/fileadmin\/Dateien\/Bilder\/3_33_Stra%25C3%259Fenbauamt\/MKR\/Anlage_1_Massnahmenplan_fuer_Kreisstrassen_und_Radwege_2026_2029.pdf&amp;source=gmail&amp;ust=1773232664291000&amp;usg=AOvVaw14ciIZLcTyU0qkPzcNliOC\">Ma\u00dfnahmenplan f\u00fcr Kreisstra\u00dfen und Radwege 2026\u20132029<\/a> \u2013 das Bauprogramm f\u00fcr die kommenden vier Jahre.<\/p>\n<p style=\"text-align: justify;\"><strong>Radausfahrt mit dem Umwelt- und Verkehrsausschuss<\/strong><\/p>\n<p style=\"text-align: justify;\">Mitglieder des Umwelt- und Verkehrsausschusses haben bei einer gemeinsamen Radausfahrt die derzeit laufende Radwegema\u00dfnahme an der K 1864 zwischen Beutelsbach und Aichelberg besichtigt. Begleitet wurden sie von Stefan Hein, dem Leiter des Dezernats f\u00fcr Bauen, Infrastruktur und Katastrophenschutz, sowie der Stabsstelle Radwege. Vor Ort konnten sich die Teilnehmerinnen und Teilnehmer ein Bild vom aktuellen Umsetzungsstand machen. Die umfangreiche Bauma\u00dfnahme wurde vorgestellt und die vorgesehenen Verbesserungen f\u00fcr die Sicherheit und Qualit\u00e4t des Radwegs aufgezeigt.<\/p>\n<p style=\"text-align: justify;\"><strong>Wichtige Alltagsroute in Richtung Schurwald<\/strong><\/p>\n<p style=\"text-align: justify;\">Die Kreisstra\u00dfe zwischen Beutelsbach und Aichelberg bildet gemeinsam mit dem stra\u00dfenbegleitenden Radweg eine wichtige Alltagsroute in Richtung Schurwald und verbindet Wohn- und Arbeitsorte \u00fcber die Kreisgrenze hinaus. Die Strecke wird sowohl von Pendlerinnen und Pendlern als auch von Freizeitradelnden genutzt. Aufgrund der Steigung, der un\u00fcbersichtlichen Streckenf\u00fchrung und der hohen Geschwindigkeiten stellt eine Fahrt auf der Kreisstra\u00dfe f\u00fcr Radfahrende eine Gef\u00e4hrdung dar. Der stra\u00dfenbegleitende Weg war im Ursprungszustand sehr schmal und befand sich in einem schlechten baulichen Zustand.<\/p>\n<p style=\"text-align: justify;\"><strong>Mehr Sicherheit und Komfort: Ausbau auf 2,5 Meter Breite<\/strong><\/p>\n<p style=\"text-align: justify;\">\u00dcber eine Distanz von rund 1,3 Kilometern wird der stra\u00dfenbegleitende Weg nun auf eine Breite von 2,5 Metern gem\u00e4\u00df den Empfehlungen f\u00fcr Radverkehrsanlagen ausgebaut. Ziel ist es, die Befahrbarkeit deutlich zu verbessern und zugleich die Sicherheit entlang der Strecke f\u00fcr alle Verkehrsteilnehmerinnen und Verkehrsteilnehmer zu erh\u00f6hen. Die Arbeiten entlang der K 1864 werden sich aufgrund einer witterungsbedingten Unterbrechung voraussichtlich bis Mai 2026 erstrecken.<\/p>\n<p style=\"text-align: justify;\"><strong>Radz\u00e4hlstellen liefern wichtige Datengrundlage<\/strong><\/p>\n<p style=\"text-align: justify;\">Ebenfalls in Augenschein genommen wurde eine der inzwischen 30 Radz\u00e4hlstellen im Landkreis. Seit 2021 wurde das Netz aus Radz\u00e4hlstellen kontinuierlich aufgebaut. Die Z\u00e4hldaten liefern wichtige Grundlagen f\u00fcr die Steuerung von Investitionen in die Radwegeinfrastruktur.<\/p>\n<hr \/>\n<p style=\"text-align: justify;\">\n","protected":false},"excerpt":{"rendered":"<p>Radweg zwischen Beutelsbach und Aichelberg wird umfassend ausgebaut Mitglieder des Umwelt- und Verkehrsausschusses informieren sich bei gemeinsamer Radausfahrt \u00fcber laufende Bauma\u00dfnahme an der K 1864 Der Rems-Murr-Kreis verfolgt das Ziel, den Anteil der mit dem Fahrrad zur\u00fcckgelegten Wege im Alltag und in der Freizeit zu erh\u00f6hen. Der Landkreis investiert daher kontinuierlich in den Neu- und [&hellip;]<\/p>\n","protected":false},"author":4,"featured_media":172752,"comment_status":"closed","ping_status":"open","sticky":false,"template":"","format":"standard","meta":{"inline_featured_image":false,"_exactmetrics_skip_tracking":false,"_exactmetrics_sitenote_active":false,"_exactmetrics_sitenote_note":"","_exactmetrics_sitenote_category":0,"tdm_status":"","tdm_grid_status":"","footnotes":""},"categories":[59,165],"tags":[1385,8875,68,1261,1620],"class_list":{"0":"post-180689","1":"post","2":"type-post","3":"status-publish","4":"format-standard","5":"has-post-thumbnail","7":"category-aktuell","8":"category-kreis-rems-murr","9":"tag-ausbau","10":"tag-die-webzeitung","11":"tag-online-zeitung","12":"tag-radweg","13":"tag-rems-murr"},"image_feature":"https:\/\/die-webzeitung.de\/ludwigsburg\/wp-content\/uploads\/sites\/5\/2024\/03\/bike-path-3881171_1280-scaled.jpg","author_name":"Redaktion","pure_taxonomies":{"categories":[{"term_id":59,"name":"Aktuell","slug":"aktuell","term_group":0,"term_taxonomy_id":60,"taxonomy":"category","description":"","parent":0,"count":1175,"filter":"raw","image":""},{"term_id":165,"name":"Rems-Murr Kreis","slug":"kreis-rems-murr","term_group":0,"term_taxonomy_id":167,"taxonomy":"category","description":"","parent":171,"count":235,"filter":"raw","image":""}],"tags":[{"term_id":1385,"name":"Ausbau","slug":"ausbau","term_group":0,"term_taxonomy_id":1394,"taxonomy":"post_tag","description":"","parent":0,"count":11,"filter":"raw","image":""},{"term_id":8875,"name":"Die-Webzeitung","slug":"die-webzeitung","term_group":0,"term_taxonomy_id":8876,"taxonomy":"post_tag","description":"","parent":0,"count":4257,"filter":"raw","image":""},{"term_id":68,"name":"Online-Zeitung","slug":"online-zeitung","term_group":0,"term_taxonomy_id":69,"taxonomy":"post_tag","description":"","parent":0,"count":4206,"filter":"raw","image":""},{"term_id":1261,"name":"Radweg","slug":"radweg","term_group":0,"term_taxonomy_id":1270,"taxonomy":"post_tag","description":"","parent":0,"count":10,"filter":"raw","image":""},{"term_id":1620,"name":"Rems-Murr","slug":"rems-murr","term_group":0,"term_taxonomy_id":1629,"taxonomy":"post_tag","description":"","parent":0,"count":251,"filter":"raw","image":""}]},"_links":{"self":[{"href":"https:\/\/die-webzeitung.de\/ludwigsburg\/wp-json\/wp\/v2\/posts\/180689","targetHints":{"allow":["GET"]}}],"collection":[{"href":"https:\/\/die-webzeitung.de\/ludwigsburg\/wp-json\/wp\/v2\/posts"}],"about":[{"href":"https:\/\/die-webzeitung.de\/ludwigsburg\/wp-json\/wp\/v2\/types\/post"}],"author":[{"embeddable":true,"href":"https:\/\/die-webzeitung.de\/ludwigsburg\/wp-json\/wp\/v2\/users\/4"}],"replies":[{"embeddable":true,"href":"https:\/\/die-webzeitung.de\/ludwigsburg\/wp-json\/wp\/v2\/comments?post=180689"}],"version-history":[{"count":1,"href":"https:\/\/die-webzeitung.de\/ludwigsburg\/wp-json\/wp\/v2\/posts\/180689\/revisions"}],"predecessor-version":[{"id":180690,"href":"https:\/\/die-webzeitung.de\/ludwigsburg\/wp-json\/wp\/v2\/posts\/180689\/revisions\/180690"}],"wp:featuredmedia":[{"embeddable":true,"href":"https:\/\/die-webzeitung.de\/ludwigsburg\/wp-json\/wp\/v2\/media\/172752"}],"wp:attachment":[{"href":"https:\/\/die-webzeitung.de\/ludwigsburg\/wp-json\/wp\/v2\/media?parent=180689"}],"wp:term":[{"taxonomy":"category","embeddable":true,"href":"https:\/\/die-webzeitung.de\/ludwigsburg\/wp-json\/wp\/v2\/categories?post=180689"},{"taxonomy":"post_tag","embeddable":true,"href":"https:\/\/die-webzeitung.de\/ludwigsburg\/wp-json\/wp\/v2\/tags?post=180689"}],"curies":[{"name":"wp","href":"https:\/\/api.w.org\/{rel}","templated":true}]}}