{"id":180687,"date":"2026-03-10T11:05:48","date_gmt":"2026-03-10T10:05:48","guid":{"rendered":"https:\/\/die-webzeitung.de\/ludwigsburg\/?p=180687"},"modified":"2026-03-10T11:05:48","modified_gmt":"2026-03-10T10:05:48","slug":"chanson-ensemble-canard-fatal","status":"publish","type":"post","link":"https:\/\/die-webzeitung.de\/ludwigsburg\/2026\/03\/10\/chanson-ensemble-canard-fatal\/","title":{"rendered":"Chanson-Ensemble &#8220;Canard Fatal&#8221;"},"content":{"rendered":"<p style=\"text-align: justify;\"><strong>Matin\u00e9e im Schloss am Sonntag, 22. M\u00e4rz 2026, 11 Uhr, Hans Georg Pfl\u00fcger-Saal im Schloss<\/strong><\/p>\n<p style=\"text-align: justify;\"><strong>Canard Fatal<br \/>\n<\/strong>Chanson-Ensemble<\/p>\n<ul>\n<li style=\"text-align: justify;\">Pia Sartor \u2013 Gesang, Akkordeon<\/li>\n<li style=\"text-align: justify;\">Ursa Voigt \u2013 Violine, Klarinette<\/li>\n<li style=\"text-align: justify;\">Florin Emhardt \u2013 Gitarre, Komposition<\/li>\n<li style=\"text-align: justify;\">Adrian Brenneisen \u2013 Bass<\/li>\n<li style=\"text-align: justify;\">Ariane F\u00e8ve \u2013 Texte<\/li>\n<\/ul>\n<p style=\"text-align: justify;\">Canard Fatal pr\u00e4sentiert franz\u00f6sische Chansons aus eigener Feder \u2013 mal intim und reflektiert, mal \u00fcberschw\u00e4nglich und voller Lebensfreude. Mit lyrischen Melodien, poetischen Texten und fantasievollen, oft herrlich unkonventionellen Improvisationen erschaffen die Chansons von Canard Fatal eine Klangwelt voller Charme und \u00dcberraschung. Virtuosit\u00e4t trifft auf Spielfreude, begleitet von augenzwinkerndem Humor und unterhaltsamen Anekdoten zu den einzelnen St\u00fccken. Stilistisch\u00ac bewegt sich Canard Fatal zwischen dem rhythmischen Swing \u00e0 la Django Reinhardt und dem Charme klassischer franz\u00f6sischer Chansons \u2013 verbunden mit einem modernen Klangbild. Die vier Musiker und Musikerinnen bringen die eigens von Ariane F\u00e8ve verfassten Texte gemeinsam auf die B\u00fchne \u2013 feinf\u00fchlig, voller Esprit und mit pers\u00f6nlicher Note.<\/p>\n<p style=\"text-align: justify;\">Karten 15 \u20ac, Sch\u00fcler\/Studenten 5 \u20ac<\/p>\n<p style=\"text-align: justify;\">Vorverkauf: Tourist Information, Marktplatz 9, Tel.: 07142\/74227, an allen Reservix-Vorverkaufsstellen oder online unter <a href=\"http:\/\/www.reservix.de\" target=\"_blank\" rel=\"noopener\" data-saferedirecturl=\"https:\/\/www.google.com\/url?q=http:\/\/www.reservix.de&amp;source=gmail&amp;ust=1773222417174000&amp;usg=AOvVaw2SbwGI-DcpyQFukBhxB-uO\">www.reservix.de<\/a><\/p>\n<hr \/>\n<p style=\"text-align: justify;\">\n","protected":false},"excerpt":{"rendered":"<p>Matin\u00e9e im Schloss am Sonntag, 22. M\u00e4rz 2026, 11 Uhr, Hans Georg Pfl\u00fcger-Saal im Schloss Canard Fatal Chanson-Ensemble Pia Sartor \u2013 Gesang, Akkordeon Ursa Voigt \u2013 Violine, Klarinette Florin Emhardt \u2013 Gitarre, Komposition Adrian Brenneisen \u2013 Bass Ariane F\u00e8ve \u2013 Texte Canard Fatal pr\u00e4sentiert franz\u00f6sische Chansons aus eigener Feder \u2013 mal intim und reflektiert, mal [&hellip;]<\/p>\n","protected":false},"author":4,"featured_media":0,"comment_status":"closed","ping_status":"open","sticky":false,"template":"","format":"standard","meta":{"inline_featured_image":false,"_exactmetrics_skip_tracking":false,"_exactmetrics_sitenote_active":false,"_exactmetrics_sitenote_note":"","_exactmetrics_sitenote_category":0,"tdm_status":"","tdm_grid_status":"","footnotes":""},"categories":[8006],"tags":[60,3426,8875,68],"class_list":{"0":"post-180687","1":"post","2":"type-post","3":"status-publish","4":"format-standard","6":"category-konzert","7":"tag-bietigheim-bissingen","8":"tag-chanson","9":"tag-die-webzeitung","10":"tag-online-zeitung"},"image_feature":null,"author_name":"Redaktion","pure_taxonomies":{"categories":[{"term_id":8006,"name":"Konzert","slug":"konzert","term_group":0,"term_taxonomy_id":1291,"taxonomy":"category","description":"","parent":2238,"count":8,"filter":"raw","image":""}],"tags":[{"term_id":60,"name":"Bietigheim-Bissingen","slug":"bietigheim-bissingen","term_group":0,"term_taxonomy_id":61,"taxonomy":"post_tag","description":"","parent":0,"count":388,"filter":"raw","image":""},{"term_id":3426,"name":"Chanson","slug":"chanson","term_group":0,"term_taxonomy_id":3439,"taxonomy":"post_tag","description":"","parent":0,"count":1,"filter":"raw","image":""},{"term_id":8875,"name":"Die-Webzeitung","slug":"die-webzeitung","term_group":0,"term_taxonomy_id":8876,"taxonomy":"post_tag","description":"","parent":0,"count":4257,"filter":"raw","image":""},{"term_id":68,"name":"Online-Zeitung","slug":"online-zeitung","term_group":0,"term_taxonomy_id":69,"taxonomy":"post_tag","description":"","parent":0,"count":4206,"filter":"raw","image":""}]},"_links":{"self":[{"href":"https:\/\/die-webzeitung.de\/ludwigsburg\/wp-json\/wp\/v2\/posts\/180687","targetHints":{"allow":["GET"]}}],"collection":[{"href":"https:\/\/die-webzeitung.de\/ludwigsburg\/wp-json\/wp\/v2\/posts"}],"about":[{"href":"https:\/\/die-webzeitung.de\/ludwigsburg\/wp-json\/wp\/v2\/types\/post"}],"author":[{"embeddable":true,"href":"https:\/\/die-webzeitung.de\/ludwigsburg\/wp-json\/wp\/v2\/users\/4"}],"replies":[{"embeddable":true,"href":"https:\/\/die-webzeitung.de\/ludwigsburg\/wp-json\/wp\/v2\/comments?post=180687"}],"version-history":[{"count":1,"href":"https:\/\/die-webzeitung.de\/ludwigsburg\/wp-json\/wp\/v2\/posts\/180687\/revisions"}],"predecessor-version":[{"id":180688,"href":"https:\/\/die-webzeitung.de\/ludwigsburg\/wp-json\/wp\/v2\/posts\/180687\/revisions\/180688"}],"wp:attachment":[{"href":"https:\/\/die-webzeitung.de\/ludwigsburg\/wp-json\/wp\/v2\/media?parent=180687"}],"wp:term":[{"taxonomy":"category","embeddable":true,"href":"https:\/\/die-webzeitung.de\/ludwigsburg\/wp-json\/wp\/v2\/categories?post=180687"},{"taxonomy":"post_tag","embeddable":true,"href":"https:\/\/die-webzeitung.de\/ludwigsburg\/wp-json\/wp\/v2\/tags?post=180687"}],"curies":[{"name":"wp","href":"https:\/\/api.w.org\/{rel}","templated":true}]}}