{"id":180678,"date":"2026-03-09T17:28:13","date_gmt":"2026-03-09T16:28:13","guid":{"rendered":"https:\/\/die-webzeitung.de\/ludwigsburg\/?p=180678"},"modified":"2026-03-09T17:28:13","modified_gmt":"2026-03-09T16:28:13","slug":"themenfuehrung-ueber-die-klosterruine-horrheim","status":"publish","type":"post","link":"https:\/\/die-webzeitung.de\/ludwigsburg\/2026\/03\/09\/themenfuehrung-ueber-die-klosterruine-horrheim\/","title":{"rendered":"Themenf\u00fchrung \u00fcber die Klosterruine Horrheim"},"content":{"rendered":"<p style=\"text-align: justify;\">Vaihingen\/Enz.| Am Sonntag, den 22. M\u00e4rz 2026 um 14:30 Uhr kann mit Micha Bachteler die Klosterruine am Horrheimer Baiselsberg unter die Lupe genommen werden. Vom sp\u00e4ten 14. bis in die Mitte des 16. Jahrhunderts lebten fromme Frauen auf dem Berg oberhalb von Horrheim, zuerst als Klausnerinnen ohne Ordenszugeh\u00f6rigkeit, dann als regulierte Augustinerinnen. Seit den arch\u00e4ologischen Ausgrabungen sind die konservierten Fundamentmauern der Klosteranlage zu besichtigen. Micha Bachteler, der von Anfang an bei den Arbeiten dabei war, f\u00fchrt durch die Anlage und erl\u00e4utert alle Aspekte der Klostergeschichte. Parkm\u00f6glichkeiten finden sich an der Neuen Kelter Horrheim, Weinsteige 33. Der Fu\u00dfweg zur Klosterruine f\u00fchrt entlang des ausgeschilderten Wanderweges. Eine Anmeldung ist nicht notwendig. Die F\u00fchrung kostet 6 \u20ac f\u00fcr Erwachsene und Kinder zahlen 3 \u20ac.<\/p>\n<p style=\"text-align: justify;\">Alle weiteren Informationen zu k\u00fcnftigen F\u00fchrungstermine finden Sie unter <a href=\"http:\/\/www.vaihingen.events\" target=\"_blank\" rel=\"noopener\">www.vaihingen.events<\/a> oder kommen Sie zu uns in die Kultur- und Touristinformation am Marktplatz 5.<\/p>\n<hr \/>\n<p style=\"text-align: justify;\">\n","protected":false},"excerpt":{"rendered":"<p>Vaihingen\/Enz.| Am Sonntag, den 22. M\u00e4rz 2026 um 14:30 Uhr kann mit Micha Bachteler die Klosterruine am Horrheimer Baiselsberg unter die Lupe genommen werden. Vom sp\u00e4ten 14. bis in die Mitte des 16. Jahrhunderts lebten fromme Frauen auf dem Berg oberhalb von Horrheim, zuerst als Klausnerinnen ohne Ordenszugeh\u00f6rigkeit, dann als regulierte Augustinerinnen. Seit den arch\u00e4ologischen [&hellip;]<\/p>\n","protected":false},"author":4,"featured_media":0,"comment_status":"closed","ping_status":"open","sticky":false,"template":"","format":"standard","meta":{"inline_featured_image":false,"_exactmetrics_skip_tracking":false,"_exactmetrics_sitenote_active":false,"_exactmetrics_sitenote_note":"","_exactmetrics_sitenote_category":0,"tdm_status":"","tdm_grid_status":"","footnotes":""},"categories":[76],"tags":[8875,68,2906],"class_list":{"0":"post-180678","1":"post","2":"type-post","3":"status-publish","4":"format-standard","6":"category-fuhrung-vortrage","7":"tag-die-webzeitung","8":"tag-online-zeitung","9":"tag-vaihingenenz"},"image_feature":null,"author_name":"Redaktion","pure_taxonomies":{"categories":[{"term_id":76,"name":"F\u00fchrungen \/ Vortr\u00e4ge","slug":"fuhrung-vortrage","term_group":0,"term_taxonomy_id":77,"taxonomy":"category","description":"","parent":2238,"count":38,"filter":"raw","image":""}],"tags":[{"term_id":8875,"name":"Die-Webzeitung","slug":"die-webzeitung","term_group":0,"term_taxonomy_id":8876,"taxonomy":"post_tag","description":"","parent":0,"count":4242,"filter":"raw","image":""},{"term_id":68,"name":"Online-Zeitung","slug":"online-zeitung","term_group":0,"term_taxonomy_id":69,"taxonomy":"post_tag","description":"","parent":0,"count":4191,"filter":"raw","image":""},{"term_id":2906,"name":"Vaihingen\/Enz","slug":"vaihingenenz","term_group":0,"term_taxonomy_id":2919,"taxonomy":"post_tag","description":"","parent":0,"count":27,"filter":"raw","image":""}]},"_links":{"self":[{"href":"https:\/\/die-webzeitung.de\/ludwigsburg\/wp-json\/wp\/v2\/posts\/180678","targetHints":{"allow":["GET"]}}],"collection":[{"href":"https:\/\/die-webzeitung.de\/ludwigsburg\/wp-json\/wp\/v2\/posts"}],"about":[{"href":"https:\/\/die-webzeitung.de\/ludwigsburg\/wp-json\/wp\/v2\/types\/post"}],"author":[{"embeddable":true,"href":"https:\/\/die-webzeitung.de\/ludwigsburg\/wp-json\/wp\/v2\/users\/4"}],"replies":[{"embeddable":true,"href":"https:\/\/die-webzeitung.de\/ludwigsburg\/wp-json\/wp\/v2\/comments?post=180678"}],"version-history":[{"count":1,"href":"https:\/\/die-webzeitung.de\/ludwigsburg\/wp-json\/wp\/v2\/posts\/180678\/revisions"}],"predecessor-version":[{"id":180679,"href":"https:\/\/die-webzeitung.de\/ludwigsburg\/wp-json\/wp\/v2\/posts\/180678\/revisions\/180679"}],"wp:attachment":[{"href":"https:\/\/die-webzeitung.de\/ludwigsburg\/wp-json\/wp\/v2\/media?parent=180678"}],"wp:term":[{"taxonomy":"category","embeddable":true,"href":"https:\/\/die-webzeitung.de\/ludwigsburg\/wp-json\/wp\/v2\/categories?post=180678"},{"taxonomy":"post_tag","embeddable":true,"href":"https:\/\/die-webzeitung.de\/ludwigsburg\/wp-json\/wp\/v2\/tags?post=180678"}],"curies":[{"name":"wp","href":"https:\/\/api.w.org\/{rel}","templated":true}]}}