{"id":180638,"date":"2026-03-06T11:06:05","date_gmt":"2026-03-06T10:06:05","guid":{"rendered":"https:\/\/die-webzeitung.de\/ludwigsburg\/?p=180638"},"modified":"2026-03-06T11:06:05","modified_gmt":"2026-03-06T10:06:05","slug":"rauf-auf-die-grosse-buehne-nachwuchsbands-gesucht","status":"publish","type":"post","link":"https:\/\/die-webzeitung.de\/ludwigsburg\/2026\/03\/06\/rauf-auf-die-grosse-buehne-nachwuchsbands-gesucht\/","title":{"rendered":"Rauf auf die gro\u00dfe B\u00fchne! Nachwuchsbands gesucht!"},"content":{"rendered":"<h4 style=\"text-align: justify;\"><strong>Jugendmusikfestival am 26. Juni 2026 in Horrheim: Nachwuchsmusiker k\u00f6nnen sich bis 28. April bewerben <\/strong><\/h4>\n<p style=\"text-align: justify;\">Vaihingen\/Enz.| Der Vaihinger Jugendgemeinderat, die Stadt Vaihingen Enz, die Rockband PhoneLMAbyss und die Feuerwehr Horrheim rufen zum gro\u00dfen Vaihinger Jugendfestival auf: Nachwuchsbands der Region k\u00f6nnen sich um einen Mega-Auftritt am Freitag (26. Juni 2026) beim Mettertal Open-Air in Horrheim! F\u00fcr alle Zuschauer ist Festivalstimmung pur garantiert.<\/p>\n<p style=\"text-align: justify;\">Nach dem gro\u00dfen Erfolg des 1. Vaihinger Band-Contest im Jahr 2024 hat sich in Vaihingen eine beachtliche Nachwuchsszene etabliert. So konnte schon 2025 ein Jugendfestival auf dem Hofgut Kleinglattbach stattfinden. Insgesamt vier Bands gaben sich ein Stelldichein und pr\u00e4sentierten auf der Open-Air-B\u00fchne einen breiten Genre-Mix aus eigenen Songs und Coversongs verschiedener Stilrichtungen \u2013 von Schlager \u00fcber Pop bis hin zu Rocksongs. Das soll diesmal wieder so sein.<\/p>\n<p style=\"text-align: justify;\">Mit dabei sind auch in diesem Jahr voraussichtlich wieder NoOne2Blame, R\u00e9v\u00e8rie, Senary und Vineyard, die sich allesamt bereits einen Namen in der Region gemacht haben. Der Jugendgemeinderat m\u00f6chte dar\u00fcber hinaus aber auch ganz neuen Bands die Chance auf einen gro\u00dfen Auftritt geben. Wer also zwischen 14 und 27 Jahren alt ist und in einer Band spielt, sollte sich angesprochen f\u00fchlen. Mindestens ein Bandmitglied muss aus Vaihingen kommen oder Unterricht in einer Vaihinger Musikschule haben.<\/p>\n<p style=\"text-align: justify;\">Bands, die dabei sein m\u00f6chten, k\u00f6nnen sich bis nach den Osterferien <strong>(28. April 2026)<\/strong> bewerben. Sendet einfach eine E-Mail an <a href=\"mailto:jugendfestival@vaihingen.de\" target=\"_blank\" rel=\"noopener\">jugendfestival@vaihingen.de<\/a> mit:<\/p>\n<ul style=\"text-align: justify;\">\n<li>Bandname<\/li>\n<li>Bandfoto<\/li>\n<li>Steckbrief mit Bandmitgliedern (Name, Alter, Wohnort, Musikschule)<\/li>\n<li>Vorstellung eurer Musikrichtung (Sprache) und wie und wann ihr euch gefunden habt<\/li>\n<li>Instrumente<\/li>\n<li>Parallel sendet ihr ein kurzes Musikvideo von euch aus dem Proberaum oder von einem Auftritt per WhatsApp an: 0152 22662845 (unbedingt Bandnamen angeben)<\/li>\n<\/ul>\n<p style=\"text-align: justify;\">Dann werden aus allen Einsendungen bis zu sechs Bands ausgesucht, die beim Mettertal Open-Air f\u00fcr Woodstock-Stimmung sorgen d\u00fcrfen. Nat\u00fcrlich ist die B\u00fchne ausgestattet mit professionellem technischem Equipment. Gefragt ist Livemusik \u2013 echt, handgemacht, nicht im Studio zusammengebastelt. Schlie\u00dflich sollen die St\u00fccke live pr\u00e4sentiert werden. Es d\u00fcrfen Coverst\u00fccke oder eigene Songs sein.<\/p>\n<p style=\"text-align: justify;\"><strong>Die Voraussetzungen:<\/strong><\/p>\n<ul>\n<li style=\"text-align: justify;\">Mindestens EIN Bandmitglied kommt aus dem Schuleinzugsgebiet Vaihingen\/Enz oder ist bei einer Vaihinger Musikschule<\/li>\n<li style=\"text-align: justify;\">Die zwei bis acht Bandmitglieder sind zwischen 14 und 27 Jahren<\/li>\n<li style=\"text-align: justify;\">Die Musikrichtung ist egal: Rock, Metal, HipHop, Rap, Schlager, Grunge, nur Klassik wird schwierig<\/li>\n<li style=\"text-align: justify;\">Es sollte ein etwa halbst\u00fcndiges Programm vorhanden sein<\/li>\n<\/ul>\n<p style=\"text-align: justify;\">Wer gewinnt, darf auf die gro\u00dfe B\u00fchne: Die Vaihinger Band PhoneLMAbyss tritt zwar selten auf, lockt daf\u00fcr aber regelm\u00e4\u00dfig Hunderte Fans zu ihren Konzerten. Am Samstag (27. Juli 2026) startet die Band ihr n\u00e4chstes Konzert auf dem Gel\u00e4nde vor der Mettertalhalle in Horrheim und m\u00f6chte das Mega-Event mit einem Jugendfestival am Vortag (Freitag, 26. Juni 2026) verkn\u00fcpfen. Nachwuchsf\u00f6rderung ist f\u00fcr die Profi-Musiker Ehrensache!<\/p>\n<p style=\"text-align: justify;\"><strong>Der Eintritt f\u00fcr das Jugendfestival am Freitag ist kostenlos!<\/strong> Einlass ist um 18 Uhr. Der Jugendgemeinderat und die Feuerwehr Horrheim sorgen f\u00fcr die Bewirtung.<\/p>\n<p style=\"text-align: justify;\">Restkarten f\u00fcr das Konzert mit PhoneLMAbyss und der Stuttgarter Band REMEDY im Vorprogramm am Samstag (27. Juni 2026) gibt es hier: Getr\u00e4nke Ackermann, Esso-Station Vogel und Frauenhofer Horrheim, Motobar Kleinglattbach, Weinhandlung Posch Vaihingen, Trauringwerk Vaihingen. Es wird keine Abendkasse geben, nur Vorverkauf.<\/p>\n<hr \/>\n<p style=\"text-align: justify;\">\n","protected":false},"excerpt":{"rendered":"<p>Jugendmusikfestival am 26. Juni 2026 in Horrheim: Nachwuchsmusiker k\u00f6nnen sich bis 28. April bewerben Vaihingen\/Enz.| Der Vaihinger Jugendgemeinderat, die Stadt Vaihingen Enz, die Rockband PhoneLMAbyss und die Feuerwehr Horrheim rufen zum gro\u00dfen Vaihinger Jugendfestival auf: Nachwuchsbands der Region k\u00f6nnen sich um einen Mega-Auftritt am Freitag (26. Juni 2026) beim Mettertal Open-Air in Horrheim! F\u00fcr alle [&hellip;]<\/p>\n","protected":false},"author":4,"featured_media":180639,"comment_status":"closed","ping_status":"open","sticky":false,"template":"","format":"standard","meta":{"inline_featured_image":false,"_exactmetrics_skip_tracking":false,"_exactmetrics_sitenote_active":false,"_exactmetrics_sitenote_note":"","_exactmetrics_sitenote_category":0,"tdm_status":"","tdm_grid_status":"","footnotes":""},"categories":[59,65],"tags":[6616,8875,68,6844],"class_list":{"0":"post-180638","1":"post","2":"type-post","3":"status-publish","4":"format-standard","5":"has-post-thumbnail","7":"category-aktuell","8":"category-kreis_ludwigsburg","9":"tag-bands","10":"tag-die-webzeitung","11":"tag-online-zeitung","12":"tag-vaihigenenz"},"image_feature":"https:\/\/die-webzeitung.de\/ludwigsburg\/wp-content\/uploads\/sites\/5\/2026\/03\/aszak-music-7461855_1280-scaled.jpg","author_name":"Redaktion","pure_taxonomies":{"categories":[{"term_id":59,"name":"Aktuell","slug":"aktuell","term_group":0,"term_taxonomy_id":60,"taxonomy":"category","description":"","parent":0,"count":1175,"filter":"raw","image":""},{"term_id":65,"name":"Kreis Ludwigsburg","slug":"kreis_ludwigsburg","term_group":0,"term_taxonomy_id":66,"taxonomy":"category","description":"","parent":171,"count":630,"filter":"raw","image":""}],"tags":[{"term_id":6616,"name":"Bands","slug":"bands","term_group":0,"term_taxonomy_id":6635,"taxonomy":"post_tag","description":"","parent":0,"count":1,"filter":"raw","image":""},{"term_id":8875,"name":"Die-Webzeitung","slug":"die-webzeitung","term_group":0,"term_taxonomy_id":8876,"taxonomy":"post_tag","description":"","parent":0,"count":4255,"filter":"raw","image":""},{"term_id":68,"name":"Online-Zeitung","slug":"online-zeitung","term_group":0,"term_taxonomy_id":69,"taxonomy":"post_tag","description":"","parent":0,"count":4204,"filter":"raw","image":""},{"term_id":6844,"name":"Vaihigen\/Enz","slug":"vaihigenenz","term_group":0,"term_taxonomy_id":6863,"taxonomy":"post_tag","description":"","parent":0,"count":7,"filter":"raw","image":""}]},"_links":{"self":[{"href":"https:\/\/die-webzeitung.de\/ludwigsburg\/wp-json\/wp\/v2\/posts\/180638","targetHints":{"allow":["GET"]}}],"collection":[{"href":"https:\/\/die-webzeitung.de\/ludwigsburg\/wp-json\/wp\/v2\/posts"}],"about":[{"href":"https:\/\/die-webzeitung.de\/ludwigsburg\/wp-json\/wp\/v2\/types\/post"}],"author":[{"embeddable":true,"href":"https:\/\/die-webzeitung.de\/ludwigsburg\/wp-json\/wp\/v2\/users\/4"}],"replies":[{"embeddable":true,"href":"https:\/\/die-webzeitung.de\/ludwigsburg\/wp-json\/wp\/v2\/comments?post=180638"}],"version-history":[{"count":1,"href":"https:\/\/die-webzeitung.de\/ludwigsburg\/wp-json\/wp\/v2\/posts\/180638\/revisions"}],"predecessor-version":[{"id":180640,"href":"https:\/\/die-webzeitung.de\/ludwigsburg\/wp-json\/wp\/v2\/posts\/180638\/revisions\/180640"}],"wp:featuredmedia":[{"embeddable":true,"href":"https:\/\/die-webzeitung.de\/ludwigsburg\/wp-json\/wp\/v2\/media\/180639"}],"wp:attachment":[{"href":"https:\/\/die-webzeitung.de\/ludwigsburg\/wp-json\/wp\/v2\/media?parent=180638"}],"wp:term":[{"taxonomy":"category","embeddable":true,"href":"https:\/\/die-webzeitung.de\/ludwigsburg\/wp-json\/wp\/v2\/categories?post=180638"},{"taxonomy":"post_tag","embeddable":true,"href":"https:\/\/die-webzeitung.de\/ludwigsburg\/wp-json\/wp\/v2\/tags?post=180638"}],"curies":[{"name":"wp","href":"https:\/\/api.w.org\/{rel}","templated":true}]}}