{"id":180192,"date":"2026-01-26T11:35:06","date_gmt":"2026-01-26T10:35:06","guid":{"rendered":"https:\/\/die-webzeitung.de\/ludwigsburg\/?p=180192"},"modified":"2026-01-26T11:35:06","modified_gmt":"2026-01-26T10:35:06","slug":"porsche-penske-motorsport-gewinnt-erneut-die-24-stunden-von-daytona","status":"publish","type":"post","link":"https:\/\/die-webzeitung.de\/ludwigsburg\/2026\/01\/26\/porsche-penske-motorsport-gewinnt-erneut-die-24-stunden-von-daytona\/","title":{"rendered":"Porsche Penske Motorsport gewinnt erneut die 24 Stunden von Daytona"},"content":{"rendered":"<ul>\n<li style=\"text-align: justify;\"><strong>Dritter Triumph in Folge f\u00fcr den Porsche 963 beim Langstrecken-Klassiker<\/strong><\/li>\n<li style=\"text-align: justify;\"><strong>Nasr\/Andlauer\/Heinrich gewinnen, Estre\/Vanthoor\/Campbell auf Platz vier<\/strong><\/li>\n<li style=\"text-align: justify;\"><strong>1,569 Sekunden Vorsprung entscheiden nach 24 Stunden \u00fcber den Sieg<\/strong><\/li>\n<li style=\"text-align: justify;\"><strong>Perfekter Auftakt zu \u201e75 Jahre Porsche Motorsport\u201c und Penske-Jubil\u00e4um<\/strong><\/li>\n<\/ul>\n<p style=\"text-align: justify;\"><strong>Porsche feiert den dritten Gesamtsieg in Folge bei den 24 Stunden von Daytona. Der Sportwagen-Hersteller baut damit seine Rekordbilanz auf 21 Triumphe aus. Insgesamt 25-mal wurde das jeweilige Siegerauto von einem Porsche-Motor angetrieben. Beim Saisonauftakt der IMSA WeatherTech SportsCar Championship in Florida siegt der Porsche 963 von Porsche Penske Motorsport mit den Werksfahrern Felipe Nasr aus Brasilien, Julien Andlauer aus Frankreich und Laurin Heinrich aus Deutschland. Das Schwesterauto beendet die 64. Auflage des Langstrecken-Klassikers auf Platz vier.<\/strong><\/p>\n<p style=\"text-align: justify;\">Stuttgart.| Einen besseren Saisonstart in der nordamerikanischen IMSA-Serie kann sich Porsche kaum w\u00fcnschen: Die beiden Hybridprototypen des Werksteams pr\u00e4gten die 24 Stunden von Daytona \u00fcber weite Strecken und bestimmten nahezu jederzeit das Tempo an der Spitze. In einem spannenden Finale behielt die Startnummer 7 schlie\u00dflich die Oberhand \u2013 vor einer Rekordkulisse.<\/p>\n<p style=\"text-align: justify;\">\u201eDreimal hintereinander Sieger in Daytona \u2013 von so etwas tr\u00e4umt jeder\u201c, bilanziert Thomas Laudenbach, Leiter Porsche Motorsport. \u201eDas Rennen verlief hoch spannend.. Dieser Wettbewerb und diese Begeisterung treiben uns bei Porsche auf den Rennstrecken der Welt an. Ein riesiger Dank geht an die gesamte Mannschaft, an alle Mitarbeiter an der Rennstrecke und an die vielen Topleute in Weissach und am Penske-Standort in Mooresville. Diesen gro\u00dfartigen Triumph kann uns niemand mehr nehmen. Er ist das fr\u00fche Sahneh\u00e4ubchen auf unserem 75-j\u00e4hrigen Jubil\u00e4um im Motorsport und zum 60. Geburtstag des Team Penske. Unser Hattrick geht in die Geschichtsb\u00fccher ein.\u201c<\/p>\n<p style=\"text-align: justify;\">Porsche und das Werksteam Porsche Penske Motorsport sind die ersten im Zeitalter der neuen GTP-Autos, die dreimal in Folge in Daytona triumphierten. Werksfahrer Nasr ist erst der dritte Fahrer, dem eine solche Siegesserie in der \u00fcber 60-j\u00e4hrigen Geschichte des Langstrecken-Klassikers gelingt. Seine Teamkollegen, die beiden ehemaligen Porsche-Junioren Andlauer und Heinrich, feiern jeweils ihren ersten Gesamterfolg in Florida.<\/p>\n<p style=\"text-align: justify;\">\u201eDer Sieg in Daytona ist perfekt, um die Feierlichkeiten zum 60. Geburtstag des Team Penske zu starten\u201c, freut sich Roger Penske, Gr\u00fcnder und Vorsitzender der Penske Corporation. \u201eIch m\u00f6chte Porsche ebenso zum gro\u00dfartigen Start in das Jahr von \u201a75 Jahre Motorsport\u2018 gratulieren. Wir schreiben gemeinsam unsere Erfolgsgeschichte fort. Der heutige Triumph spiegelt die Entschlossenheit und den Einsatz aller M\u00e4nner und Frauen wider, die in Mooresville und in Deutschland f\u00fcr Porsche Penske Motorsport arbeiten.\u201c<\/p>\n<p style=\"text-align: justify;\">\u201eDrei Siege in Serie f\u00fcr Felipe und f\u00fcr unser Team \u2013 die 24 Stunden von Daytona sind f\u00fcr uns eine traumhafte Veranstaltung\u201c, fasst Jonathan Diuguid zusammen. Der Leitende Direktor Porsche Penske Motorsport erg\u00e4nzt: \u201eEs war am Ende so derma\u00dfen spannend. Wieder einmal hat Felipe gezeigt, dass er in solchen Momenten Gold wert ist. Seine neuen Kollegen Julien Andlauer und Laurin Heinrich haben ebenso beeindruckt. Keine Fahrfehler, keine Missgeschicke im Team, keine Strafen \u2013 so kommt ein tolles Team in die Victory Lane von Daytona.\u201c<\/p>\n<p style=\"text-align: justify;\">\u201eDas Rennen verlief f\u00fcr uns nicht so einfach wie es phasenweise vielleicht den Eindruck gemacht hat\u201c, erkl\u00e4rt Urs Kuratle, Leiter Werksmotorsport LMDh. \u201eWir haben hart daf\u00fcr gearbeitet und mussten im maximal spannenden Finale restlos alles in die Waagschale werfen. W\u00e4hrend der sechseinhalbst\u00fcndigen Gelbphase wegen Nebels in der Nacht war einigen Fans vielleicht langweilig. Aber mit unserem Kampf am Ende haben wir sicherlich jeden einzelnen mehr als entsch\u00e4digt. Danke an alle im Team, unsere tollen Partner und unsere Unterst\u00fctzer.\u201c<\/p>\n<p style=\"text-align: justify;\"><strong>Starke Kundenteams verpassen Topergebnisse<\/strong><\/p>\n<p style=\"text-align: justify;\">In der Topklasse GTP lieferte das Kundenteam JDC-Miller MotorSports eine starke Vorstellung ab. Die US-Mannschaft fuhr mit dem Porsche 963 phasenweise sogar an der Spitze, fiel aber in der Schlussphase auf Rang sieben zur\u00fcck. Manthey und AO Racing beendeten das 24-Stunden-Rennen mit ihren beiden 911 GT3 R in der GTD-Pro-Klasse auf den Positionen f\u00fcnf und neun. In der GTD-Kategorie erreichten Manthey 1st Phorm und Muehlner Motorsports das Ziel auf den Pl\u00e4tzen zw\u00f6lf und 15.<\/p>\n<hr \/>\n<p style=\"text-align: justify;\">\n","protected":false},"excerpt":{"rendered":"<p>Dritter Triumph in Folge f\u00fcr den Porsche 963 beim Langstrecken-Klassiker Nasr\/Andlauer\/Heinrich gewinnen, Estre\/Vanthoor\/Campbell auf Platz vier 1,569 Sekunden Vorsprung entscheiden nach 24 Stunden \u00fcber den Sieg Perfekter Auftakt zu \u201e75 Jahre Porsche Motorsport\u201c und Penske-Jubil\u00e4um Porsche feiert den dritten Gesamtsieg in Folge bei den 24 Stunden von Daytona. Der Sportwagen-Hersteller baut damit seine Rekordbilanz auf [&hellip;]<\/p>\n","protected":false},"author":4,"featured_media":180193,"comment_status":"closed","ping_status":"open","sticky":false,"template":"","format":"standard","meta":{"inline_featured_image":false,"_exactmetrics_skip_tracking":false,"_exactmetrics_sitenote_active":false,"_exactmetrics_sitenote_note":"","_exactmetrics_sitenote_category":0,"tdm_status":"","tdm_grid_status":"","footnotes":""},"categories":[59,110],"tags":[3281,8875,68,13080,360],"class_list":{"0":"post-180192","1":"post","2":"type-post","3":"status-publish","4":"format-standard","5":"has-post-thumbnail","7":"category-aktuell","8":"category-sport","9":"tag-daytona","10":"tag-die-webzeitung","11":"tag-online-zeitung","12":"tag-penske","13":"tag-porsche"},"image_feature":"https:\/\/die-webzeitung.de\/ludwigsburg\/wp-content\/uploads\/sites\/5\/2026\/01\/330202_1920x1280-scaled.jpg","author_name":"Redaktion","pure_taxonomies":{"categories":[{"term_id":59,"name":"Aktuell","slug":"aktuell","term_group":0,"term_taxonomy_id":60,"taxonomy":"category","description":"","parent":0,"count":1175,"filter":"raw","image":""},{"term_id":110,"name":"Sport","slug":"sport","term_group":0,"term_taxonomy_id":112,"taxonomy":"category","description":"Sportberichte","parent":0,"count":1114,"filter":"raw","image":""}],"tags":[{"term_id":3281,"name":"Daytona","slug":"daytona","term_group":0,"term_taxonomy_id":3294,"taxonomy":"post_tag","description":"","parent":0,"count":2,"filter":"raw","image":""},{"term_id":8875,"name":"Die-Webzeitung","slug":"die-webzeitung","term_group":0,"term_taxonomy_id":8876,"taxonomy":"post_tag","description":"","parent":0,"count":4249,"filter":"raw","image":""},{"term_id":68,"name":"Online-Zeitung","slug":"online-zeitung","term_group":0,"term_taxonomy_id":69,"taxonomy":"post_tag","description":"","parent":0,"count":4198,"filter":"raw","image":""},{"term_id":13080,"name":"Penske","slug":"penske","term_group":0,"term_taxonomy_id":13081,"taxonomy":"post_tag","description":"","parent":0,"count":1,"filter":"raw","image":""},{"term_id":360,"name":"Porsche","slug":"porsche","term_group":0,"term_taxonomy_id":366,"taxonomy":"post_tag","description":"","parent":0,"count":31,"filter":"raw","image":""}]},"_links":{"self":[{"href":"https:\/\/die-webzeitung.de\/ludwigsburg\/wp-json\/wp\/v2\/posts\/180192","targetHints":{"allow":["GET"]}}],"collection":[{"href":"https:\/\/die-webzeitung.de\/ludwigsburg\/wp-json\/wp\/v2\/posts"}],"about":[{"href":"https:\/\/die-webzeitung.de\/ludwigsburg\/wp-json\/wp\/v2\/types\/post"}],"author":[{"embeddable":true,"href":"https:\/\/die-webzeitung.de\/ludwigsburg\/wp-json\/wp\/v2\/users\/4"}],"replies":[{"embeddable":true,"href":"https:\/\/die-webzeitung.de\/ludwigsburg\/wp-json\/wp\/v2\/comments?post=180192"}],"version-history":[{"count":1,"href":"https:\/\/die-webzeitung.de\/ludwigsburg\/wp-json\/wp\/v2\/posts\/180192\/revisions"}],"predecessor-version":[{"id":180194,"href":"https:\/\/die-webzeitung.de\/ludwigsburg\/wp-json\/wp\/v2\/posts\/180192\/revisions\/180194"}],"wp:featuredmedia":[{"embeddable":true,"href":"https:\/\/die-webzeitung.de\/ludwigsburg\/wp-json\/wp\/v2\/media\/180193"}],"wp:attachment":[{"href":"https:\/\/die-webzeitung.de\/ludwigsburg\/wp-json\/wp\/v2\/media?parent=180192"}],"wp:term":[{"taxonomy":"category","embeddable":true,"href":"https:\/\/die-webzeitung.de\/ludwigsburg\/wp-json\/wp\/v2\/categories?post=180192"},{"taxonomy":"post_tag","embeddable":true,"href":"https:\/\/die-webzeitung.de\/ludwigsburg\/wp-json\/wp\/v2\/tags?post=180192"}],"curies":[{"name":"wp","href":"https:\/\/api.w.org\/{rel}","templated":true}]}}