{"id":180131,"date":"2026-01-21T14:09:25","date_gmt":"2026-01-21T13:09:25","guid":{"rendered":"https:\/\/die-webzeitung.de\/ludwigsburg\/?p=180131"},"modified":"2026-01-21T14:09:25","modified_gmt":"2026-01-21T13:09:25","slug":"carmen-im-buergerzentrum-waiblingen","status":"publish","type":"post","link":"https:\/\/die-webzeitung.de\/ludwigsburg\/2026\/01\/21\/carmen-im-buergerzentrum-waiblingen\/","title":{"rendered":"Carmen im B\u00fcrgerzentrum Waiblingen"},"content":{"rendered":"<h4 style=\"text-align: justify;\"><strong>Hei\u00dfbl\u00fctige Liebe in Andalusien<\/strong><\/h4>\n<p style=\"text-align: justify;\">Waiblingen.| Die Oper Pforzheim ist am Freitag, 13. Februar 2026, um 20 Uhr mit dem Publikumsliebling \u201eCarmen\u201c von Georges Bizet im B\u00fcrgerzentrum Waiblingen zu Gast. Mit diesem Klassiker aus der Welt der Oper l\u00e4sst sich in das historische Andalusien und in die dramatische Geschichte vom Leben und Lieben der selbstbestimmten Roma \u201eCarmen\u201c eintauchen \u2013 bis hin zu ihrem tragischen Ende.<\/p>\n<p style=\"text-align: justify;\">Um 19.15 Uhr gibt es eine Einf\u00fchrung in das Werk und die Inszenierung.<\/p>\n<p style=\"text-align: justify;\"><strong>Meisterliche Kl\u00e4nge<\/strong><\/p>\n<p style=\"text-align: justify;\">Wenn der Chor den Einzug der Stierk\u00e4mpfer in die sommerliche Arena von Sevilla besingt, fliegen h\u00f6rbar hunderte H\u00fcte und Blumen in die Luft. Denn die Musik Bizets erzeugt in diesem Meisterwerk eine unglaubliche Plastizit\u00e4t, Dichte und Spannung: Im f\u00fcr die Pariser Zuschauer um 1875 archaischen und exotischen Andalusien entfaltet sich die tragische Geschichte um die verf\u00fchrerische und freiheitsliebende Roma \u201eCarmen\u201c. Au\u00dfer ihrer Arbeit in einer Zigarettenfabrik hilft sie Schmugglern, sich im andalusischen Gebirge vor den spanischen Beh\u00f6rden zu verstecken. Der Sergeant Don Jos\u00e9 erliegt ihren Reizen und verl\u00e4sst f\u00fcr sie seine Verlobte Mica\u00ebla. Doch schon bald verliert \u201eCarmen\u201c ihr Interesse an Jos\u00e9 und wendet sich dem Stierk\u00e4mpfer Escamillo zu. Das Drama nimmt seinen Lauf.<\/p>\n<p style=\"text-align: justify;\"><strong>Ber\u00fchmter Gesang<\/strong><\/p>\n<p style=\"text-align: justify;\">Die Habanera und die mitrei\u00dfende Toreador-Arie sind nur zwei der zahlreichen weltber\u00fchmten Titel dieses Meisterwerks. Formal eine Op\u00e9ra-comique mit gesprochenen Dialogen, stellt \u201eCarmen\u201c durch ihre realistische Handlung und die Darstellung einer selbstbestimmten Heldin einen Bruch mit dieser Gattung und dem damals g\u00e4ngigen Rollenbild der Frau dar. Die Urauff\u00fchrung 1875 wurde deshalb k\u00fchl aufgenommen. Erst nach ihrer Erstauff\u00fchrung in Wien, ein halbes Jahr sp\u00e4ter, wurde die Oper zu einem der gr\u00f6\u00dften Erfolge der Operngeschichte.<\/p>\n<p style=\"text-align: justify;\"><strong>Vorverkauf<\/strong><\/p>\n<p style=\"text-align: justify;\">Karten gibt es an den \u00fcblichen Verkaufsstellen, z. B. in der Touristinformation Waiblingen (i-Punkt), Scheuerngasse 4, Telefon 07151 5001-8321, und im Internet unter\u00a0<a href=\"http:\/\/www.waiblingen.de\" target=\"_blank\" rel=\"noopener\">www.waiblingen.de<\/a>, <a href=\"http:\/\/www.buergerzentrum-waiblingen.de\" target=\"_blank\" rel=\"noopener\">www.buergerzentrum-waiblingen.de<\/a>, <a href=\"http:\/\/www.eventim.de\" target=\"_blank\" rel=\"noopener\">www.eventim.de<\/a>.<br \/>\nKartenpreise regul\u00e4r: 37 \u20ac |34 \u20ac | 31 \u20ac | 28 \u20ac<br \/>\nKartenpreise erm\u00e4\u00dfigt: 32 \u20ac | 29 \u20ac | 26 \u20ac | 23 \u20ac<\/p>\n<hr \/>\n<p style=\"text-align: justify;\">\n","protected":false},"excerpt":{"rendered":"<p>Hei\u00dfbl\u00fctige Liebe in Andalusien Waiblingen.| Die Oper Pforzheim ist am Freitag, 13. Februar 2026, um 20 Uhr mit dem Publikumsliebling \u201eCarmen\u201c von Georges Bizet im B\u00fcrgerzentrum Waiblingen zu Gast. Mit diesem Klassiker aus der Welt der Oper l\u00e4sst sich in das historische Andalusien und in die dramatische Geschichte vom Leben und Lieben der selbstbestimmten Roma [&hellip;]<\/p>\n","protected":false},"author":4,"featured_media":0,"comment_status":"closed","ping_status":"open","sticky":false,"template":"","format":"standard","meta":{"inline_featured_image":false,"_exactmetrics_skip_tracking":false,"_exactmetrics_sitenote_active":false,"_exactmetrics_sitenote_note":"","_exactmetrics_sitenote_category":0,"tdm_status":"","tdm_grid_status":"","footnotes":""},"categories":[1],"tags":[],"class_list":{"0":"post-180131","1":"post","2":"type-post","3":"status-publish","4":"format-standard","6":"category-allgemein"},"image_feature":null,"author_name":"Redaktion","pure_taxonomies":{"categories":[{"term_id":1,"name":"Allgemein","slug":"allgemein","term_group":0,"term_taxonomy_id":1,"taxonomy":"category","description":"","parent":0,"count":79,"filter":"raw","image":""}]},"_links":{"self":[{"href":"https:\/\/die-webzeitung.de\/ludwigsburg\/wp-json\/wp\/v2\/posts\/180131","targetHints":{"allow":["GET"]}}],"collection":[{"href":"https:\/\/die-webzeitung.de\/ludwigsburg\/wp-json\/wp\/v2\/posts"}],"about":[{"href":"https:\/\/die-webzeitung.de\/ludwigsburg\/wp-json\/wp\/v2\/types\/post"}],"author":[{"embeddable":true,"href":"https:\/\/die-webzeitung.de\/ludwigsburg\/wp-json\/wp\/v2\/users\/4"}],"replies":[{"embeddable":true,"href":"https:\/\/die-webzeitung.de\/ludwigsburg\/wp-json\/wp\/v2\/comments?post=180131"}],"version-history":[{"count":1,"href":"https:\/\/die-webzeitung.de\/ludwigsburg\/wp-json\/wp\/v2\/posts\/180131\/revisions"}],"predecessor-version":[{"id":180132,"href":"https:\/\/die-webzeitung.de\/ludwigsburg\/wp-json\/wp\/v2\/posts\/180131\/revisions\/180132"}],"wp:attachment":[{"href":"https:\/\/die-webzeitung.de\/ludwigsburg\/wp-json\/wp\/v2\/media?parent=180131"}],"wp:term":[{"taxonomy":"category","embeddable":true,"href":"https:\/\/die-webzeitung.de\/ludwigsburg\/wp-json\/wp\/v2\/categories?post=180131"},{"taxonomy":"post_tag","embeddable":true,"href":"https:\/\/die-webzeitung.de\/ludwigsburg\/wp-json\/wp\/v2\/tags?post=180131"}],"curies":[{"name":"wp","href":"https:\/\/api.w.org\/{rel}","templated":true}]}}