{"id":180120,"date":"2026-01-20T17:14:29","date_gmt":"2026-01-20T16:14:29","guid":{"rendered":"https:\/\/die-webzeitung.de\/ludwigsburg\/?p=180120"},"modified":"2026-01-20T17:14:57","modified_gmt":"2026-01-20T16:14:57","slug":"ein-abend-voller-impulse","status":"publish","type":"post","link":"https:\/\/die-webzeitung.de\/ludwigsburg\/2026\/01\/20\/ein-abend-voller-impulse\/","title":{"rendered":"Ein Abend voller Impulse"},"content":{"rendered":"<h4 style=\"text-align: justify;\"><strong>Kreissparkasse Ludwigsburg veranstaltet ihren ersten \u201eJahresauftakt\u201c<\/strong><\/h4>\n<p style=\"text-align: justify;\"><strong>Die drei Vortragenden blicken auf das Jahr 2025 zur\u00fcck, betrachten internationale, nationale und regionale Themen sowie die aktuelle wirtschaftliche Lage und weisen auf mutmachende Aspekte hin<\/strong><\/p>\n<p style=\"text-align: justify;\">Ludwigsburg.| F\u00fcr die Kreissparkasse Ludwigsburg hat das Jahr mit einer exklusiven Premiere begonnen: Zum ersten Mal \u00fcberhaupt hat das im Landkreis marktf\u00fchrende Finanzinstitut zu seiner neuen Veranstaltung \u201eJahresauftakt\u201c geladen. Am gestrigen Abend (19.01.2026) hat die Premiere im voll besetzten Louis-B\u00fchrer-Saal stattgefunden \u2013 sie stand unter dem Motto: \u201eWirtschaft. Wandel. Wachstum\u201c.<\/p>\n<p style=\"text-align: justify;\">Als Begr\u00fc\u00dfender und erster Vortragender trat Dr. Heinz-Werner Schulte, der Vorstandsvorsitzende der Kreissparkasse Ludwigsburg, ans Rednerpult und fragte rhetorisch: \u201eWas passiert, wenn Wirtschaft auf Wandel trifft und Wachstum neue Wege geht? Genau das wollen wir mit dem \u201aJahresauftakt\u2018 beleuchten.\u201c<\/p>\n<p style=\"text-align: justify;\">Mit Prof. Dr. Dr. h.c. Monika Schnitzer, der \u201eVorsitzenden des Sachverst\u00e4ndigenrates zur Begutachtung der gesamtwirtschaftlichen Entwicklung\u201c oder kurz der Vorsitzenden der \u201eF\u00fcnf Wirtschaftsweisen\u201c, war als Keynote-Speakerin eine der f\u00fchrenden Stimmen unter Deutschlands Top-\u00d6konomen zu Gast. Sie beschrieb und analysierte verschiedene Rahmenbedingungen, die die jetzigen und k\u00fcnftigen gesellschaftlichen, politischen und vor allem wirtschaftlichen Entwicklungen beeinflussen. Ihre Botschaft: Wandel ist nicht nur eine Herausforderung, sondern eine Chance, die es aktiv zu gestalten gilt.<\/p>\n<p style=\"text-align: justify;\"><strong>Dritte im Bunde der Vortragenden war Emese Weissenbacher<\/strong><strong>,<\/strong> Executive Vice President und COO bei MANN+HUMMEL. Weissenbacher zeigte in ihrer Keynote, wie Unternehmen in volatilen Zeiten nicht nur bestehen, sondern gest\u00e4rkt aus Krisen hervorgehen k\u00f6nnen. Sie sprach zudem \u00fcber die Bedeutung einer kontinuierlichen Transformation, die Entwicklung neuer F\u00e4higkeiten und wie Unternehmen durch den Einsatz von Innovationsformaten, Prozess- und Systemstandardisierung sowie Digitalisierungsinitiativen ihre Resilienz und Zukunftsf\u00e4higkeit st\u00e4rken.<\/p>\n<p style=\"text-align: justify;\">Schulte zog am Ende des Vortragsteils ein hoffnungsvolles Fazit: \u201eEs war ein Abend voller Impulse und Denkanst\u00f6\u00dfe. Eine Premiere, die Nachhall finden wird!\u201c<\/p>\n<hr \/>\n<p style=\"text-align: justify;\">\n","protected":false},"excerpt":{"rendered":"<p>Kreissparkasse Ludwigsburg veranstaltet ihren ersten \u201eJahresauftakt\u201c Die drei Vortragenden blicken auf das Jahr 2025 zur\u00fcck, betrachten internationale, nationale und regionale Themen sowie die aktuelle wirtschaftliche Lage und weisen auf mutmachende Aspekte hin Ludwigsburg.| F\u00fcr die Kreissparkasse Ludwigsburg hat das Jahr mit einer exklusiven Premiere begonnen: Zum ersten Mal \u00fcberhaupt hat das im Landkreis marktf\u00fchrende Finanzinstitut [&hellip;]<\/p>\n","protected":false},"author":4,"featured_media":180121,"comment_status":"closed","ping_status":"open","sticky":false,"template":"","format":"standard","meta":{"inline_featured_image":false,"_exactmetrics_skip_tracking":false,"_exactmetrics_sitenote_active":false,"_exactmetrics_sitenote_note":"","_exactmetrics_sitenote_category":0,"tdm_status":"","tdm_grid_status":"","footnotes":""},"categories":[59,479],"tags":[8875,13075,177,6,68],"class_list":{"0":"post-180120","1":"post","2":"type-post","3":"status-publish","4":"format-standard","5":"has-post-thumbnail","7":"category-aktuell","8":"category-wirtschaft","9":"tag-die-webzeitung","10":"tag-jahresauftakt","11":"tag-kreissparkasse","12":"tag-ludwigsburg","13":"tag-online-zeitung"},"image_feature":"https:\/\/die-webzeitung.de\/ludwigsburg\/wp-content\/uploads\/sites\/5\/2026\/01\/kskneu-scaled.jpg","author_name":"Redaktion","pure_taxonomies":{"categories":[{"term_id":59,"name":"Aktuell","slug":"aktuell","term_group":0,"term_taxonomy_id":60,"taxonomy":"category","description":"","parent":0,"count":1175,"filter":"raw","image":""},{"term_id":479,"name":"Wirtschaft","slug":"wirtschaft","term_group":0,"term_taxonomy_id":1941,"taxonomy":"category","description":"","parent":0,"count":392,"filter":"raw","image":""}],"tags":[{"term_id":8875,"name":"Die-Webzeitung","slug":"die-webzeitung","term_group":0,"term_taxonomy_id":8876,"taxonomy":"post_tag","description":"","parent":0,"count":4257,"filter":"raw","image":""},{"term_id":13075,"name":"Jahresauftakt","slug":"jahresauftakt","term_group":0,"term_taxonomy_id":13076,"taxonomy":"post_tag","description":"","parent":0,"count":1,"filter":"raw","image":""},{"term_id":177,"name":"Kreissparkasse","slug":"kreissparkasse","term_group":0,"term_taxonomy_id":179,"taxonomy":"post_tag","description":"","parent":0,"count":186,"filter":"raw","image":""},{"term_id":6,"name":"Ludwigsburg","slug":"ludwigsburg","term_group":0,"term_taxonomy_id":6,"taxonomy":"post_tag","description":"","parent":0,"count":1353,"filter":"raw","image":""},{"term_id":68,"name":"Online-Zeitung","slug":"online-zeitung","term_group":0,"term_taxonomy_id":69,"taxonomy":"post_tag","description":"","parent":0,"count":4206,"filter":"raw","image":""}]},"_links":{"self":[{"href":"https:\/\/die-webzeitung.de\/ludwigsburg\/wp-json\/wp\/v2\/posts\/180120","targetHints":{"allow":["GET"]}}],"collection":[{"href":"https:\/\/die-webzeitung.de\/ludwigsburg\/wp-json\/wp\/v2\/posts"}],"about":[{"href":"https:\/\/die-webzeitung.de\/ludwigsburg\/wp-json\/wp\/v2\/types\/post"}],"author":[{"embeddable":true,"href":"https:\/\/die-webzeitung.de\/ludwigsburg\/wp-json\/wp\/v2\/users\/4"}],"replies":[{"embeddable":true,"href":"https:\/\/die-webzeitung.de\/ludwigsburg\/wp-json\/wp\/v2\/comments?post=180120"}],"version-history":[{"count":2,"href":"https:\/\/die-webzeitung.de\/ludwigsburg\/wp-json\/wp\/v2\/posts\/180120\/revisions"}],"predecessor-version":[{"id":180123,"href":"https:\/\/die-webzeitung.de\/ludwigsburg\/wp-json\/wp\/v2\/posts\/180120\/revisions\/180123"}],"wp:featuredmedia":[{"embeddable":true,"href":"https:\/\/die-webzeitung.de\/ludwigsburg\/wp-json\/wp\/v2\/media\/180121"}],"wp:attachment":[{"href":"https:\/\/die-webzeitung.de\/ludwigsburg\/wp-json\/wp\/v2\/media?parent=180120"}],"wp:term":[{"taxonomy":"category","embeddable":true,"href":"https:\/\/die-webzeitung.de\/ludwigsburg\/wp-json\/wp\/v2\/categories?post=180120"},{"taxonomy":"post_tag","embeddable":true,"href":"https:\/\/die-webzeitung.de\/ludwigsburg\/wp-json\/wp\/v2\/tags?post=180120"}],"curies":[{"name":"wp","href":"https:\/\/api.w.org\/{rel}","templated":true}]}}