{"id":180090,"date":"2026-01-18T11:54:17","date_gmt":"2026-01-18T10:54:17","guid":{"rendered":"https:\/\/die-webzeitung.de\/ludwigsburg\/?p=180090"},"modified":"2026-01-18T11:54:17","modified_gmt":"2026-01-18T10:54:17","slug":"breiter-praxischeck-fuer-den-taser-bei-der-polizei","status":"publish","type":"post","link":"https:\/\/die-webzeitung.de\/ludwigsburg\/2026\/01\/18\/breiter-praxischeck-fuer-den-taser-bei-der-polizei\/","title":{"rendered":"Breiter Praxischeck f\u00fcr den Taser bei der Polizei"},"content":{"rendered":"<p style=\"text-align: justify;\"><strong>Die Polizei Baden-W\u00fcrttemberg startet eine zweij\u00e4hrige Testphase f\u00fcr Taser, um deren Eignung als landesweites Einsatzmittel zu pr\u00fcfen. Das Land erprobt die Nutzung des Tasers in vier Pilotrevieren in Freiburg.<\/strong><\/p>\n<p style=\"text-align: justify;\">Am 16. Januar 2026 startet die Extern: Polizei Baden-W\u00fcrttemberg eine zweij\u00e4hrige Testphase f\u00fcr sogenannte Taser. Damit wird der Taser einem Praxischeck unterzogen, ob er sich als Einsatzmittel f\u00fcr die Polizei in der Fl\u00e4che eignet. Im ersten Jahr testen das Extern: Polizeipr\u00e4sidium Einsatz und das Extern: Polizeipr\u00e4sidium Freiburg den Extern: Taser 7 der Firma AXON.<\/p>\n<p style=\"text-align: justify;\">\u201eAls wir 2016 angetreten sind, hatten wir ein klares Ziel f\u00fcr die Polizei: Wir st\u00e4rken unsere Polizei \u2013 durch eine bessere technische Ausstattung, durch mehr rechtliche M\u00f6glichkeiten und vor allem durch mehr Personal. An allem haben wir hart gearbeitet und sind hier auch ordentlich vorangekommen. Die Polizeibeamtinnen und Polizeibeamten unseres Landes sind tagt\u00e4glich mit herausfordernden Einsatzsituationen konfrontiert, die nicht selten gro\u00dfe Gefahren f\u00fcr die Einsatzkr\u00e4fte selbst mit sich bringen. Deshalb brauchen sie die bestm\u00f6gliche Ausstattung. Der Taser kann freilich ein wirksames Einsatzmittel sein \u2013 insbesondere in statischen Einsatzlagen. Deshalb haben wir unsere Spezialeinheiten bereits seit 2007 mit Tasern ausgestattet. Jetzt wollen wir schauen, ob die neuen Tasermodelle fl\u00e4chendeckend f\u00fcr unsere Polizei, also etwa auch im Streifendienst in Baden-W\u00fcrttemberg, praxistauglich und eine gute Erg\u00e4nzung zur bestehenden Ausstattung sind. Ganz wichtig ist mir dabei: Einsatzmittel verordnen wir nicht von oben. Unsere Polizistinnen und Polizisten entscheiden, was sie brauchen, um andere und nat\u00fcrlich auch sich selbst bestm\u00f6glich zu sch\u00fctzen\u201c, erkl\u00e4rte der stellvertretende Ministerpr\u00e4sident und Innenminister Thomas Strobl zum Startschuss bei der Projektvorstellung am 16. Januar 2026 in Umkirch.<\/p>\n<p style=\"text-align: justify;\"><strong>40 Taser in vier Pilotrevieren im Einsatz<\/strong><\/p>\n<p style=\"text-align: justify;\">\u201eBaden-W\u00fcrttemberg erprobt die Nutzung des Tasers in vier Pilotrevieren in Freiburg, also bei den Kolleginnen und Kollegen, die 24\/7 unterwegs sind. Wir m\u00f6chten die Anwendung des Tasers im Alltag des Streifendienstes ausprobieren und anschlie\u00dfend die Ergebnisse evaluieren, sodass wir eine fundierte Empfehlung geben k\u00f6nnen. Die bisherigen Erfahrungen anderer Polizeien haben wir uns zu Nutzen gemacht. Dar\u00fcber hinaus wollen wir schauen, ob und wie sich der Taser bei der sogenannten Beweissicherungs- und Festnahmeeinheit des Polizeipr\u00e4sidiums Einsatz bew\u00e4hrt, also bei den Einheiten, die gewisserma\u00dfen zwischen Streifendienst und Spezialeinheiten die regionalen Pr\u00e4sidien in bestimmten Lagen unterst\u00fctzen\u201c, so Projektleiter und Polizeivizepr\u00e4sident des Polizeipr\u00e4sidiums Freiburg Uwe Oldenburg.<\/p>\n<p style=\"text-align: justify;\">In dem Pilotprojekt testet die Polizei Baden-W\u00fcrttemberg zwei unterschiedliche Modelle von Tasern, von Fachleuten Distanz-Elektroimpulsger\u00e4te genannt, f\u00fcr jeweils ein Jahr. Die Testphase des ersten Taser-Modells startet am 16. Januar 2026. Hierbei handelt es sich um das Modell \u201eTaser 7\u201c der Firma AXON. F\u00fcr das Pilotprojekt hat die Polizei 40 Ger\u00e4te beschafft, die nun von Polizeibeamten bei den Polizeirevieren Freiburg-Nord und -S\u00fcd, stellvertretend f\u00fcr den st\u00e4dtischen Raum, sowie bei den Polizeirevieren Titisee-Neustadt und Weil am Rhein, stellvertretend f\u00fcr den l\u00e4ndlichen Raum, getestet werden. Das Polizeipr\u00e4sidium Freiburg ist dabei auch in Bezug auf die Grenzn\u00e4he von besonderer Bedeutung. Dar\u00fcber hinaus erfolgt der Test bei einer Beweissicherungs- und Festnahmeeinheit des Polizeipr\u00e4sidiums Einsatz, stellvertretend f\u00fcr die geschlossenen Einheiten der Polizei.<\/p>\n<p style=\"text-align: justify;\"><strong>Seit 2007 als Einsatzmittel erlaubt<\/strong><\/p>\n<p style=\"text-align: justify;\">Der Einsatz von Tasern ist in Baden-W\u00fcrttemberg seit dem 1. M\u00e4rz 2007 zugelassen. Derzeit setzen Einsatzkr\u00e4fte der Direktion Spezialeinheiten des Polizeipr\u00e4sidiums Einsatz Taser ein. Damit verf\u00fcgt die Polizei Baden-W\u00fcrttemberg \u00fcber langj\u00e4hrige Erfahrungen im Umgang mit diesem Einsatzmittel. Seit der Einf\u00fchrung haben die Einsatzkr\u00e4fte Taser in 86 F\u00e4llen eingesetzt.<\/p>\n<p style=\"text-align: justify;\">Taser k\u00f6nnen in geeigneten Polizeilagen ein wirksames Einsatzmittel sein. Dies gilt insbesondere f\u00fcr statische Einsatzlagen. F\u00fcr Messerangriffe sind Taser nicht geeignet. Diese erfolgen aus einer relativ kurzen Distanz und sind meist hochdynamisch. \u201eIn einer solchen Lage ist das sicherste Mittel f\u00fcr die Polizei, nicht zuletzt um sich und Dritte zu sch\u00fctzen, die Schusswaffe\u201c, unterstrich Innenminister Thomas Strobl.<\/p>\n<p style=\"text-align: justify;\">Mit dem Taser k\u00f6nnen Polizeibeamte zwei mit Widerhaken besetzte Elektroden ausl\u00f6sen, die in die Haut der getroffenen Person eindringen sollen. Diese Pfeile sind \u00fcber d\u00fcnne Dr\u00e4hte mit dem Taser verbunden. Die Dr\u00e4hte \u00fcbertragen elektrische Impulse mit hoher Spannung und niedriger Stromst\u00e4rke auf den K\u00f6rper der getroffenen Person. Das soll dazu f\u00fchren, dass die getroffene Person schnell handlungsunf\u00e4hig wird, ohne dass sie schwere Verletzungen erleidet.<\/p>\n<p style=\"text-align: justify;\">Das Vergabeverfahren des zweiten Modells ist f\u00fcr Sommer 2026 geplant. Im Anschluss an die beiden Testphasen wird die Extern: Hochschule f\u00fcr Polizei Baden-W\u00fcrttemberg beide Modelle sowie den Einsatz des Tasers insgesamt evaluieren.<\/p>\n<hr \/>\n<p style=\"text-align: justify;\">\n","protected":false},"excerpt":{"rendered":"<p>Die Polizei Baden-W\u00fcrttemberg startet eine zweij\u00e4hrige Testphase f\u00fcr Taser, um deren Eignung als landesweites Einsatzmittel zu pr\u00fcfen. Das Land erprobt die Nutzung des Tasers in vier Pilotrevieren in Freiburg. Am 16. Januar 2026 startet die Extern: Polizei Baden-W\u00fcrttemberg eine zweij\u00e4hrige Testphase f\u00fcr sogenannte Taser. Damit wird der Taser einem Praxischeck unterzogen, ob er sich als [&hellip;]<\/p>\n","protected":false},"author":4,"featured_media":180091,"comment_status":"closed","ping_status":"open","sticky":false,"template":"","format":"standard","meta":{"inline_featured_image":false,"_exactmetrics_skip_tracking":false,"_exactmetrics_sitenote_active":false,"_exactmetrics_sitenote_note":"","_exactmetrics_sitenote_category":0,"tdm_status":"","tdm_grid_status":"","footnotes":""},"categories":[2402],"tags":[4,8875,68,205,13074],"class_list":{"0":"post-180090","1":"post","2":"type-post","3":"status-publish","4":"format-standard","5":"has-post-thumbnail","7":"category-baden-wuerttemberg","8":"tag-baden-wurttemberg","9":"tag-die-webzeitung","10":"tag-online-zeitung","11":"tag-polizei","12":"tag-taser"},"image_feature":"https:\/\/die-webzeitung.de\/ludwigsburg\/wp-content\/uploads\/sites\/5\/2026\/01\/pexels-kindelmedia-7714701-scaled.jpg","author_name":"Redaktion","pure_taxonomies":{"categories":[{"term_id":2402,"name":"Baden-W\u00fcrttemberg","slug":"baden-wuerttemberg","term_group":0,"term_taxonomy_id":2414,"taxonomy":"category","description":"","parent":171,"count":248,"filter":"raw","image":""}],"tags":[{"term_id":4,"name":"Baden-W\u00fcrttemberg","slug":"baden-wurttemberg","term_group":0,"term_taxonomy_id":4,"taxonomy":"post_tag","description":"","parent":0,"count":140,"filter":"raw","image":""},{"term_id":8875,"name":"Die-Webzeitung","slug":"die-webzeitung","term_group":0,"term_taxonomy_id":8876,"taxonomy":"post_tag","description":"","parent":0,"count":4246,"filter":"raw","image":""},{"term_id":68,"name":"Online-Zeitung","slug":"online-zeitung","term_group":0,"term_taxonomy_id":69,"taxonomy":"post_tag","description":"","parent":0,"count":4195,"filter":"raw","image":""},{"term_id":205,"name":"Polizei","slug":"polizei","term_group":0,"term_taxonomy_id":208,"taxonomy":"post_tag","description":"","parent":0,"count":186,"filter":"raw","image":""},{"term_id":13074,"name":"Taser","slug":"taser","term_group":0,"term_taxonomy_id":13075,"taxonomy":"post_tag","description":"","parent":0,"count":1,"filter":"raw","image":""}]},"_links":{"self":[{"href":"https:\/\/die-webzeitung.de\/ludwigsburg\/wp-json\/wp\/v2\/posts\/180090","targetHints":{"allow":["GET"]}}],"collection":[{"href":"https:\/\/die-webzeitung.de\/ludwigsburg\/wp-json\/wp\/v2\/posts"}],"about":[{"href":"https:\/\/die-webzeitung.de\/ludwigsburg\/wp-json\/wp\/v2\/types\/post"}],"author":[{"embeddable":true,"href":"https:\/\/die-webzeitung.de\/ludwigsburg\/wp-json\/wp\/v2\/users\/4"}],"replies":[{"embeddable":true,"href":"https:\/\/die-webzeitung.de\/ludwigsburg\/wp-json\/wp\/v2\/comments?post=180090"}],"version-history":[{"count":1,"href":"https:\/\/die-webzeitung.de\/ludwigsburg\/wp-json\/wp\/v2\/posts\/180090\/revisions"}],"predecessor-version":[{"id":180092,"href":"https:\/\/die-webzeitung.de\/ludwigsburg\/wp-json\/wp\/v2\/posts\/180090\/revisions\/180092"}],"wp:featuredmedia":[{"embeddable":true,"href":"https:\/\/die-webzeitung.de\/ludwigsburg\/wp-json\/wp\/v2\/media\/180091"}],"wp:attachment":[{"href":"https:\/\/die-webzeitung.de\/ludwigsburg\/wp-json\/wp\/v2\/media?parent=180090"}],"wp:term":[{"taxonomy":"category","embeddable":true,"href":"https:\/\/die-webzeitung.de\/ludwigsburg\/wp-json\/wp\/v2\/categories?post=180090"},{"taxonomy":"post_tag","embeddable":true,"href":"https:\/\/die-webzeitung.de\/ludwigsburg\/wp-json\/wp\/v2\/tags?post=180090"}],"curies":[{"name":"wp","href":"https:\/\/api.w.org\/{rel}","templated":true}]}}