{"id":179775,"date":"2025-12-13T13:57:11","date_gmt":"2025-12-13T12:57:11","guid":{"rendered":"https:\/\/die-webzeitung.de\/ludwigsburg\/?p=179775"},"modified":"2025-12-13T13:57:11","modified_gmt":"2025-12-13T12:57:11","slug":"sg-bbm-setzt-starkes-ausrufezeichen","status":"publish","type":"post","link":"https:\/\/die-webzeitung.de\/ludwigsburg\/2025\/12\/13\/sg-bbm-setzt-starkes-ausrufezeichen\/","title":{"rendered":"SG BBM setzt starkes Ausrufezeichen"},"content":{"rendered":"<p style=\"text-align: justify;\">Die SG BBM Bietigheim hat im Topspiel der 2. Handball-Bundesliga ihre Tabellenf\u00fchrung eindrucksvoll verteidigt. Vor einer gro\u00dfartigen Kulisse in der EgeTrans Arena setzte sich mit 33:25 gegen den formstarken Tabellenf\u00fcnften Dessau-Ro\u00dflauer HV durch.<\/p>\n<p style=\"text-align: justify;\">Das achte Heimspiel der Saison begann bereits vor der Arena mit stimmungsvoller Atmosph\u00e4re: Die Bietigheimer Guggenmusik-Band D\u2019Wefzge sorgte musikalische Unterhaltung und beste Laune. Kurz vor\u00a0Spielbeginn wurde zudem eine bedeutende Personalentscheidung verk\u00fcndet: R\u00fcckraumspieler Nikola\u00a0Vlahovi\u0107 verl\u00e4ngert seinen Vertrag um zwei weitere Jahre bis 2028 \u2013 eine Nachricht, die von der gesamten Arena mit gro\u00dfem Applaus aufgenommen wurde. \u201eEs war ein besonderer Moment, wenn die ganze Halle klatscht und dich feiert. Dieser Moment bleibt einfach in Erinnerung\u201c, beschrieb der 26-j\u00e4hrige R\u00fcckraumspieler seinen emotionalen Augenblick.<\/p>\n<p style=\"text-align: justify;\"><strong>Intensiver Beginn \u2013 SG setzt sich Schritt f\u00fcr Schritt ab<\/strong><\/p>\n<p style=\"text-align: justify;\">Die Partie begann hochintensiv. Beide Teams begegneten sich zun\u00e4chst auf Augenh\u00f6he, nach zehn Minuten stand es 4:4. Die SG agierte aufmerksam in der Defensive und zwang Dessau immer wieder zu\u00a0Fehlern im Angriffsspiel. Mit einem 6:0-Lauf setzte sich Bietigheim bis zur 21. Minute auf 10:4 ab, Torh\u00fcter Jan Hrdlii\u010dka gl\u00e4nzte bereits fr\u00fch mit sieben Paraden und steht nach 60. Minuten sogar bei 38 Prozent gehaltener B\u00e4lle.<\/p>\n<p style=\"text-align: justify;\">Mit hohem Tempo und klaren Abschl\u00fcssen erspielten sich die Schwaben eine verdiente 17:11Halbzeitf\u00fchrung, die von kr\u00e4ftigem Applaus der 2.396 Zuschauer begleitet wurde. Dessau hingegen durfte sich bei Keeper Janik Patzwaldt bedanken, dass der Pausenstand nicht noch deutlicher ausfiel.<\/p>\n<p style=\"text-align: justify;\"><strong>SG dominiert nach dem Seitenwechsel<\/strong><\/p>\n<p style=\"text-align: justify;\">Nach der Pause bestimmten die Gastgeber weiterhin das Spielgeschehen. Moritz Strosack setzte mit Tempogegenst\u00f6\u00dfen und sicheren Abschl\u00fcssen von Rechtsau\u00dfen immer wieder Akzente und erzielte insgesamt sechs Treffer. Alen Hadzimuhamedovic zeigte ebenfalls eine starke Leistung: Der 19-j\u00e4hrige Nationalspieler von Bosnien-Herzegowina traf sowohl sicher von der Siebenmeterlinie als auch aus dem R\u00fcckraum und beendete die Partie mit sieben Toren bei sieben Versuchen.<\/p>\n<p style=\"text-align: justify;\">Passend zur vor dem Spiel verk\u00fcndeten Vertragsverl\u00e4ngerung setzte Vlahovi\u0107 in der 40. Minute mit einem dynamischen R\u00fcckraumtreffer das 23:15. \u201eEs war ein verdienter Sieg aus meiner Sicht. Wir hatten von Anfang an einen Plan, den haben wir 60 Minuten durchgezogen. Wir hatten eine stabile Abwehr, eine sehr gute Torh\u00fcterleistung, sind Tempo gelaufen. Vorne haben wir geduldig auf unsere Chancen gewartet und die Wege auch gut freigemacht\u201c, analysierte das 26-J\u00e4hrige nach der Partie.<\/p>\n<p style=\"text-align: justify;\">R\u00fcckraumspieler Fynn Nicolaus markierte in der 46. Minute das 27:17 und damit die erste Zehn-ToreF\u00fchrung. Eine weitere Dessauer Auszeit brachte zwar kleine Korrekturen, \u00e4nderte jedoch nichts am klaren Verlauf des Spiels. Djibril M\u2019Bengue setzte schlie\u00dflich den Schlusspunkt zum 33:25-Endstand.<\/p>\n<p style=\"text-align: justify;\"><strong>Vlahovic dankbar und hochmotiviert<\/strong><\/p>\n<p style=\"text-align: justify;\">Im Anschluss an die Partie zeigte sich Vlahovi\u0107 zufrieden und voller Vorfreude auf die kommenden Aufgaben: \u201eIch bin unglaublich gl\u00fccklich und stolz darauf, weiter in Bietigheim zu bleiben. Ich f\u00fchle mich hier einfach wohl. Es ist eine super Sache, dass ich bis 2028 verl\u00e4ngern darf \u2013 und ich gebe mein Bestes, dass wir wieder in die 1. Liga aufsteigen.\u201c<\/p>\n<hr \/>\n<p style=\"text-align: justify;\">\n","protected":false},"excerpt":{"rendered":"<p>Die SG BBM Bietigheim hat im Topspiel der 2. Handball-Bundesliga ihre Tabellenf\u00fchrung eindrucksvoll verteidigt. Vor einer gro\u00dfartigen Kulisse in der EgeTrans Arena setzte sich mit 33:25 gegen den formstarken Tabellenf\u00fcnften Dessau-Ro\u00dflauer HV durch. Das achte Heimspiel der Saison begann bereits vor der Arena mit stimmungsvoller Atmosph\u00e4re: Die Bietigheimer Guggenmusik-Band D\u2019Wefzge sorgte musikalische Unterhaltung und beste [&hellip;]<\/p>\n","protected":false},"author":4,"featured_media":0,"comment_status":"closed","ping_status":"open","sticky":false,"template":"","format":"standard","meta":{"inline_featured_image":false,"_exactmetrics_skip_tracking":false,"_exactmetrics_sitenote_active":false,"_exactmetrics_sitenote_note":"","_exactmetrics_sitenote_category":0,"tdm_status":"","tdm_grid_status":"","footnotes":""},"categories":[110],"tags":[60,131,8875,133,68,196],"class_list":{"0":"post-179775","1":"post","2":"type-post","3":"status-publish","4":"format-standard","6":"category-sport","7":"tag-bietigheim-bissingen","8":"tag-bundesliga","9":"tag-die-webzeitung","10":"tag-handball","11":"tag-online-zeitung","12":"tag-sg-bbm"},"image_feature":null,"author_name":"Redaktion","pure_taxonomies":{"categories":[{"term_id":110,"name":"Sport","slug":"sport","term_group":0,"term_taxonomy_id":112,"taxonomy":"category","description":"Sportberichte","parent":0,"count":1115,"filter":"raw","image":""}],"tags":[{"term_id":60,"name":"Bietigheim-Bissingen","slug":"bietigheim-bissingen","term_group":0,"term_taxonomy_id":61,"taxonomy":"post_tag","description":"","parent":0,"count":388,"filter":"raw","image":""},{"term_id":131,"name":"Bundesliga","slug":"bundesliga","term_group":0,"term_taxonomy_id":133,"taxonomy":"post_tag","description":"","parent":0,"count":715,"filter":"raw","image":""},{"term_id":8875,"name":"Die-Webzeitung","slug":"die-webzeitung","term_group":0,"term_taxonomy_id":8876,"taxonomy":"post_tag","description":"","parent":0,"count":4257,"filter":"raw","image":""},{"term_id":133,"name":"Handball","slug":"handball","term_group":0,"term_taxonomy_id":135,"taxonomy":"post_tag","description":"","parent":0,"count":412,"filter":"raw","image":""},{"term_id":68,"name":"Online-Zeitung","slug":"online-zeitung","term_group":0,"term_taxonomy_id":69,"taxonomy":"post_tag","description":"","parent":0,"count":4206,"filter":"raw","image":""},{"term_id":196,"name":"SG BBM","slug":"sg-bbm","term_group":0,"term_taxonomy_id":198,"taxonomy":"post_tag","description":"","parent":0,"count":269,"filter":"raw","image":""}]},"_links":{"self":[{"href":"https:\/\/die-webzeitung.de\/ludwigsburg\/wp-json\/wp\/v2\/posts\/179775","targetHints":{"allow":["GET"]}}],"collection":[{"href":"https:\/\/die-webzeitung.de\/ludwigsburg\/wp-json\/wp\/v2\/posts"}],"about":[{"href":"https:\/\/die-webzeitung.de\/ludwigsburg\/wp-json\/wp\/v2\/types\/post"}],"author":[{"embeddable":true,"href":"https:\/\/die-webzeitung.de\/ludwigsburg\/wp-json\/wp\/v2\/users\/4"}],"replies":[{"embeddable":true,"href":"https:\/\/die-webzeitung.de\/ludwigsburg\/wp-json\/wp\/v2\/comments?post=179775"}],"version-history":[{"count":1,"href":"https:\/\/die-webzeitung.de\/ludwigsburg\/wp-json\/wp\/v2\/posts\/179775\/revisions"}],"predecessor-version":[{"id":179776,"href":"https:\/\/die-webzeitung.de\/ludwigsburg\/wp-json\/wp\/v2\/posts\/179775\/revisions\/179776"}],"wp:attachment":[{"href":"https:\/\/die-webzeitung.de\/ludwigsburg\/wp-json\/wp\/v2\/media?parent=179775"}],"wp:term":[{"taxonomy":"category","embeddable":true,"href":"https:\/\/die-webzeitung.de\/ludwigsburg\/wp-json\/wp\/v2\/categories?post=179775"},{"taxonomy":"post_tag","embeddable":true,"href":"https:\/\/die-webzeitung.de\/ludwigsburg\/wp-json\/wp\/v2\/tags?post=179775"}],"curies":[{"name":"wp","href":"https:\/\/api.w.org\/{rel}","templated":true}]}}