{"id":179702,"date":"2025-12-07T11:46:28","date_gmt":"2025-12-07T10:46:28","guid":{"rendered":"https:\/\/die-webzeitung.de\/ludwigsburg\/?p=179702"},"modified":"2025-12-07T11:49:01","modified_gmt":"2025-12-07T10:49:01","slug":"bodenseeraum-als-modellregion-weiterentwickelt","status":"publish","type":"post","link":"https:\/\/die-webzeitung.de\/ludwigsburg\/2025\/12\/07\/bodenseeraum-als-modellregion-weiterentwickelt\/","title":{"rendered":"Bodenseeraum als Modellregion weiterentwickelt"},"content":{"rendered":"<p style=\"text-align: justify;\">Baden-W\u00fcrttemberg hat den Vorsitz der Internationalen Bodensee-Konferenz an den Kanton Z\u00fcrich \u00fcbergeben. Ministerpr\u00e4sident Winfried Kretschmann betonte die Bedeutung der Bodenseeregion als politischer Motor und gemeinsamer Kulturraum.<\/p>\n<p style=\"text-align: justify;\">Ministerpr\u00e4sident Winfried Kretschmann hat am Freitag, 5. Dezember 2025, als diesj\u00e4hriger Vorsitzender der Extern: Internationalen Bodensee-Konferenz (IBK) das Steuerrad symbolisch an den Kanton Z\u00fcrich \u00fcbergeben, der im n\u00e4chsten Jahr den Vorsitz \u00fcbernimmt. Bei der Regierungschefkonferenz im Zeppelin-Hangar Friedrichshafen betonte Kretschmann die Bedeutung der Bodenseeregion als politischer Motor und gemeinsamer Kulturraum, der in Europa beispielhaft f\u00fcr gelungene und vertrauensvolle grenz\u00fcberschreitende Zusammenarbeit in allen Bereichen stehe. \u201eKooperation ist gerade in diesen Zeiten ein wichtiger Beitrag zur Resilienz Europas. Die IBK steht daher auch vor der Frage, welchen Beitrag die Region leisten kann, damit die Menschen in Europa weiterhin in Frieden, Freiheit und Wohlstand leben k\u00f6nnen\u201c, so Kretschmann.<\/p>\n<p style=\"text-align: justify;\">Kooperation ist gerade in diesen Zeiten ein wichtiger Beitrag zur Resilienz Europas. Die IBK steht daher auch vor der Frage, welchen Beitrag die Region leisten kann, damit die Menschen in Europa weiterhin in Frieden, Freiheit und Wohlstand leben k\u00f6nnen.<\/p>\n<p style=\"text-align: justify;\">F\u00fcr diese gemeinsame Bereitschaft zur Kooperation steht auch die \u201eFriedrichshafener Erkl\u00e4rung\u201c, in der alle zehn Regionen der IBK die Bedeutung der grenz\u00fcberschreitenden Zusammenarbeit betonen. Um die Bodenseeregion als starken europ\u00e4ischen Innovations-, Lebens- und Wirtschaftsraum weiterzuentwickeln, soll die Zusammenarbeit unter anderem in den Bereichen Forschung, Mobilit\u00e4t und Biodiversit\u00e4t weiter intensiviert werden.<\/p>\n<p style=\"text-align: justify;\">Europastaatssekret\u00e4r Florian Ha\u00dfler, der das \u201eSteuerrad\u201c vor einem Jahr vom Kanton Appenzell Innerrhoden \u00fcbernahm, blickt sehr zufrieden auf das baden-w\u00fcrttembergische IBK-Vorsitzjahr zur\u00fcck: \u201eEin gemeinsamer und entschlossener politischer Auftritt aller Bodenseeanrainer sorgt daf\u00fcr, dass wir in Br\u00fcssel geh\u00f6rt werden. Das wirkt sich direkt darauf aus, ob wir zum Beispiel EU-F\u00f6rdermittel erhalten oder bei der Wasserstoffnetzplanung ber\u00fccksichtigt werden.\u201c<\/p>\n<p style=\"text-align: justify;\"><strong>Klimaneutrale Schifffahrt auf dem Bodensee im Blick<\/strong><\/p>\n<p style=\"text-align: justify;\">Zu den Schwerpunktthemen geh\u00f6rt der Bereich Mobilit\u00e4t. So wurde das Vorsitzjahr intensiv genutzt, um die Mobilit\u00e4tswende um und auf dem See effektiv voranzutreiben. So konnte unter anderem nach intensiver Vorbereitung und dreij\u00e4hriger Pilotphase die \u201e4 L\u00e4nder Mobil GmbH\u201c gegr\u00fcndet werden. Sie wird k\u00fcnftig dazu beitragen, die Angebote im grenz\u00fcberschreitenden \u00f6ffentlichen Verkehr zu verbessern. Mit der neuen, verbesserten Unterst\u00fctzung des Landes bei den Planungskosten f\u00fcr die Extern: Bodenseeg\u00fcrtelbahn konnten auch deren Ausbau und die Elektrifizierung entscheidend vorangebracht werden. Um den 260 Kilometer langen Extern: Bodenseeradweg als Europas beliebtesten Radfernweg noch sicherer und attraktiver zu gestalten, wurde ein gemeinsamer Qualit\u00e4tsprozess auf den Weg gebracht. Die dreiteilige Veranstaltungsreihe Extern: \u201eGreen Waves \u2013 Klimaneutrale Schifffahrt auf dem Bodensee\u201c hat die Funktionsweisen und die Vorteile alternativer Schiffsantriebe der breiten \u00d6ffentlichkeit zug\u00e4nglich gemacht und den Austausch zwischen Politik, Wirtschaft und Stakeholdern gest\u00e4rkt. Die Veranstaltungen haben deutlich gemacht, welche Dynamik die Region auf dem Weg hin zu einer klimaneutralen Extern: Bodenseeschifffahrt bereits entwickelt hat.<\/p>\n<p style=\"text-align: justify;\">Verkehrsminister Winfried Hermann sagte: \u201eDie Internationale Bodenseekonferenz ist ein gelungenes Beispiel f\u00fcr europ\u00e4ische Kooperation. Zusammen mit den anderen Anrainerl\u00e4ndern des Bodensees machen wir diese einzigartige Region zukunftsf\u00e4hig. Wichtig ist mir, dass wir dabei besonders den Extern: Klimaschutz in den Blick nehmen. Gemeinsam arbeiten wir an einem nachhaltigen, grenz\u00fcbergreifenden Verkehrssystem auf Schiene, Stra\u00dfe und auf dem See. Ein besonderer Fokus lag in diesem Jahr auf der klimaneutralen Bodenseeschifffahrt. Gemeinsam ist es uns gelungen, ein Bewusstsein f\u00fcr nachhaltige Antriebe der Zukunft zu schaffen. Umweltschonende Schiffe und Boote sind wichtig f\u00fcr den Klimaschutz und helfen dabei, den besonderen Natur- und Kulturraum rund um den Bodensee zu sch\u00fctzen.\u201c<\/p>\n<p style=\"text-align: justify;\"><strong>Ma\u00dfnahmen zum\u00a0Schutz des \u00d6kosystems<\/strong><\/p>\n<p style=\"text-align: justify;\">Im Bereich Umwelt- und Naturschutz, einem weiteren Schwerpunktthema im Vorsitzjahr, hat sich die IBK in diesem Jahr insbesondere mit der Extern: Quaggamuschel und deren Ausbreitung auseinandergesetzt. Die invasive Art gef\u00e4hrdet das \u00d6kosystem des Bodensees massiv, sorgt f\u00fcr einen R\u00fcckgang der Fischbest\u00e4nde und verursacht zudem Sch\u00e4den in Milliardenh\u00f6he an den Trinkwasserleitungen und Anlagen. Um die weitere Ausbreitung einzud\u00e4mmen, wurde eine mehrj\u00e4hrige Studie in Auftrag gegeben. Unter anderem soll gepr\u00fcft werden, inwieweit muschelfressende Fische die Verbreitung eind\u00e4mmen k\u00f6nnten. Gleichzeitig wird auch eine Bootsreinigungspflicht f\u00fcr Wanderboote am Bodensee innerhalb der IBK diskutiert und gepr\u00fcft. Auf den Weg gebracht wurde zudem ein gro\u00dfes Interreg-Projekt zum Thema Fischartenschutz und Kormoranmanagement. Beide Ma\u00dfnahmen sollen einen nachhaltigen Beitrag zum Schutz des sensiblen \u00d6kosystems leisten.<\/p>\n<p style=\"text-align: justify;\"><strong>Politische Gespr\u00e4che mit der Europ\u00e4ischen Union<\/strong><\/p>\n<p style=\"text-align: justify;\">Weitere Schwerpunkte im Vorsitzjahr von Baden-W\u00fcrttemberg waren die Bereiche Wirtschaft und Digitalisierung sowie Sicherheit und Extern: Katastrophenschutz. Auch hier konnten viele Projekte umgesetzt und Ma\u00dfnahmen angesto\u00dfen werden. Beispielsweise eine grenz\u00fcberschreitende Stabsrahmen\u00fcbung, die 2026 durchgef\u00fchrt wird und die Zusammenarbeit der Beh\u00f6rden im Krisenfall rund um den See st\u00e4rken soll. Flankiert wurde das Vorsitzjahr von einer Reihe verschiedener Veranstaltungen wie etwa: Die Verleihung des Extern: IBK-Kulturf\u00f6rderpreises, der Jugendkongress \u201elebenswerter Bodensee\u201c, das Extern: Bodensee Summit Digital zum Thema \u201eResilienz durch Digitalisierung und Innovation\u201c, ein Workshop zum Thema Wasserstoffinfrastruktur sowie das europ\u00e4ische Sommerfest in der baden-w\u00fcrttembergischen Landesvertretung in Br\u00fcssel, in dessen Rahmen auch politische Gespr\u00e4che mit hochrangigen Vertreterinnen und Vertretern der Europ\u00e4ischen Kommission gef\u00fchrt wurden.<\/p>\n<p style=\"text-align: justify;\">Die IBK steht seit \u00fcber 50 Jahren f\u00fcr eine erfolgreiche Zusammenarbeit \u00fcber alle Grenzen hinweg und hat international Modellcharakter. Diese europ\u00e4ische Erfolgsgeschichte wollten wir im Vorsitzjahr gemeinsam fortschreiben \u2013 und ich denke, dass uns das gemeinsam gelungen ist.<\/p>\n<p style=\"text-align: justify;\">\u201eWir sind im Vorsitzjahr angetreten, um die Bodenseeregion weiterzuentwickeln, hin zu einem CO2-neutralen Natur-, Kultur- und Wirtschaftsraum mit einer klimafreundlichen, grenz\u00fcberschreitenden Mobilit\u00e4t\u201c, so Europastaatssekret\u00e4r Florian Ha\u00dfler: \u201eDie IBK steht seit \u00fcber 50 Jahren f\u00fcr eine erfolgreiche Zusammenarbeit \u00fcber alle Grenzen hinweg und hat international Modellcharakter. Diese europ\u00e4ische Erfolgsgeschichte wollten wir im Vorsitzjahr gemeinsam fortschreiben \u2013 und ich denke, dass uns das gemeinsam gelungen ist.\u201c<\/p>\n<p style=\"text-align: justify;\"><strong>Internationale Bodensee-Konferenz (IBK)<\/strong><\/p>\n<p style=\"text-align: justify;\">Die Extern: Internationale Bodensee-Konferenz (IBK) ist die gemeinsame Plattform der Regierungen der L\u00e4nder und Kantone Baden-W\u00fcrttemberg, Schaffhausen, Z\u00fcrich, Thurgau, St.Gallen, Appenzell Ausserrhoden, Appenzell Innerrhoden, F\u00fcrstentum Liechtenstein, Vorarlberg und Bayern. Sie wurde im Jahr 1972 mit dem Ziel gegr\u00fcndet, die Bodenseeregion als gemeinsamen Lebens-, Natur-, Kultur- und Wirtschaftsraum zu f\u00f6rdern, eine grenz\u00fcberschreitende Zusammenarbeit zu erm\u00f6glichen und die regionale Zusammengeh\u00f6rigkeit zu st\u00e4rken. Die IBK bildet den Kern eines breit gef\u00e4cherten Netzwerkes in der Bodenseeregion.<\/p>\n<hr \/>\n<p style=\"text-align: justify;\">\n","protected":false},"excerpt":{"rendered":"<p>Baden-W\u00fcrttemberg hat den Vorsitz der Internationalen Bodensee-Konferenz an den Kanton Z\u00fcrich \u00fcbergeben. Ministerpr\u00e4sident Winfried Kretschmann betonte die Bedeutung der Bodenseeregion als politischer Motor und gemeinsamer Kulturraum. Ministerpr\u00e4sident Winfried Kretschmann hat am Freitag, 5. Dezember 2025, als diesj\u00e4hriger Vorsitzender der Extern: Internationalen Bodensee-Konferenz (IBK) das Steuerrad symbolisch an den Kanton Z\u00fcrich \u00fcbergeben, der im n\u00e4chsten Jahr [&hellip;]<\/p>\n","protected":false},"author":4,"featured_media":179703,"comment_status":"closed","ping_status":"open","sticky":false,"template":"","format":"standard","meta":{"inline_featured_image":false,"_exactmetrics_skip_tracking":false,"_exactmetrics_sitenote_active":false,"_exactmetrics_sitenote_note":"","_exactmetrics_sitenote_category":0,"tdm_status":"","tdm_grid_status":"","footnotes":""},"categories":[2402],"tags":[4,626,8875,3839,68],"class_list":{"0":"post-179702","1":"post","2":"type-post","3":"status-publish","4":"format-standard","5":"has-post-thumbnail","7":"category-baden-wuerttemberg","8":"tag-baden-wurttemberg","9":"tag-bodensee","10":"tag-die-webzeitung","11":"tag-konferenz","12":"tag-online-zeitung"},"image_feature":"https:\/\/die-webzeitung.de\/ludwigsburg\/wp-content\/uploads\/sites\/5\/2025\/12\/ship-6717693_1280-scaled.jpg","author_name":"Redaktion","pure_taxonomies":{"categories":[{"term_id":2402,"name":"Baden-W\u00fcrttemberg","slug":"baden-wuerttemberg","term_group":0,"term_taxonomy_id":2414,"taxonomy":"category","description":"","parent":171,"count":248,"filter":"raw","image":""}],"tags":[{"term_id":4,"name":"Baden-W\u00fcrttemberg","slug":"baden-wurttemberg","term_group":0,"term_taxonomy_id":4,"taxonomy":"post_tag","description":"","parent":0,"count":140,"filter":"raw","image":""},{"term_id":626,"name":"Bodensee","slug":"bodensee","term_group":0,"term_taxonomy_id":634,"taxonomy":"post_tag","description":"","parent":0,"count":2,"filter":"raw","image":""},{"term_id":8875,"name":"Die-Webzeitung","slug":"die-webzeitung","term_group":0,"term_taxonomy_id":8876,"taxonomy":"post_tag","description":"","parent":0,"count":4249,"filter":"raw","image":""},{"term_id":3839,"name":"Konferenz","slug":"konferenz","term_group":0,"term_taxonomy_id":3852,"taxonomy":"post_tag","description":"","parent":0,"count":3,"filter":"raw","image":""},{"term_id":68,"name":"Online-Zeitung","slug":"online-zeitung","term_group":0,"term_taxonomy_id":69,"taxonomy":"post_tag","description":"","parent":0,"count":4198,"filter":"raw","image":""}]},"_links":{"self":[{"href":"https:\/\/die-webzeitung.de\/ludwigsburg\/wp-json\/wp\/v2\/posts\/179702","targetHints":{"allow":["GET"]}}],"collection":[{"href":"https:\/\/die-webzeitung.de\/ludwigsburg\/wp-json\/wp\/v2\/posts"}],"about":[{"href":"https:\/\/die-webzeitung.de\/ludwigsburg\/wp-json\/wp\/v2\/types\/post"}],"author":[{"embeddable":true,"href":"https:\/\/die-webzeitung.de\/ludwigsburg\/wp-json\/wp\/v2\/users\/4"}],"replies":[{"embeddable":true,"href":"https:\/\/die-webzeitung.de\/ludwigsburg\/wp-json\/wp\/v2\/comments?post=179702"}],"version-history":[{"count":3,"href":"https:\/\/die-webzeitung.de\/ludwigsburg\/wp-json\/wp\/v2\/posts\/179702\/revisions"}],"predecessor-version":[{"id":179706,"href":"https:\/\/die-webzeitung.de\/ludwigsburg\/wp-json\/wp\/v2\/posts\/179702\/revisions\/179706"}],"wp:featuredmedia":[{"embeddable":true,"href":"https:\/\/die-webzeitung.de\/ludwigsburg\/wp-json\/wp\/v2\/media\/179703"}],"wp:attachment":[{"href":"https:\/\/die-webzeitung.de\/ludwigsburg\/wp-json\/wp\/v2\/media?parent=179702"}],"wp:term":[{"taxonomy":"category","embeddable":true,"href":"https:\/\/die-webzeitung.de\/ludwigsburg\/wp-json\/wp\/v2\/categories?post=179702"},{"taxonomy":"post_tag","embeddable":true,"href":"https:\/\/die-webzeitung.de\/ludwigsburg\/wp-json\/wp\/v2\/tags?post=179702"}],"curies":[{"name":"wp","href":"https:\/\/api.w.org\/{rel}","templated":true}]}}