{"id":179670,"date":"2025-12-05T12:03:17","date_gmt":"2025-12-05T11:03:17","guid":{"rendered":"https:\/\/die-webzeitung.de\/ludwigsburg\/?p=179670"},"modified":"2025-12-05T13:04:15","modified_gmt":"2025-12-05T12:04:15","slug":"ihre-online-zeitung-die-webzeitung-de-bekommt-ein-neues-gesicht","status":"publish","type":"post","link":"https:\/\/die-webzeitung.de\/ludwigsburg\/2025\/12\/05\/ihre-online-zeitung-die-webzeitung-de-bekommt-ein-neues-gesicht\/","title":{"rendered":"Ihre Online-Zeitung Die-Webzeitung.de bekommt ein neues Gesicht!"},"content":{"rendered":"<p style=\"text-align: justify;\">Im Zuge der besseren Lesbarkeit finden Sie die Informationen zu den Kreisst\u00e4dten Ludwigsburg, Waiblingen, B\u00f6blingen, Esslingen und Stuttgart weiterhin unter dem Men\u00fcpunkt \u201eLokales\u201c. Alle weiteren Nachrichten anderer St\u00e4dte und Orte finden Sie nun unter dem jeweiligen Landkreis, Men\u00fcpunkte \u201eKreis Ludwigsburg\u201c, \u201eRems-Murr-Kreis\u201c, \u201eKreis B\u00f6blingen\u201c und Kreis Esslingen\u201c. Der Men\u00fcpunkt &#8220;Umgebung&#8221; f\u00e4llt dann komplett weg.<\/p>\n<p style=\"text-align: justify;\">Im fertigen Stadium wird es keine grobe Auswahl in Die-Webzeitung.de\/Ludwigsburg und Die-Webzeitung.de\/Stuttgart mehr geben. Alles erscheint nun \u00fcbersichtlicher auf einer Startseite.<\/p>\n<p style=\"text-align: justify;\">Anregungen und Kritiken gerne an <a href=\"mailto:mail@die-webzeitung.de\" target=\"_blank\" rel=\"noopener\">mail@die-webzeitung.de<\/a><\/p>\n<hr \/>\n<p style=\"text-align: justify;\">\n","protected":false},"excerpt":{"rendered":"<p>Im Zuge der besseren Lesbarkeit finden Sie die Informationen zu den Kreisst\u00e4dten Ludwigsburg, Waiblingen, B\u00f6blingen, Esslingen und Stuttgart weiterhin unter dem Men\u00fcpunkt \u201eLokales\u201c. Alle weiteren Nachrichten anderer St\u00e4dte und Orte finden Sie nun unter dem jeweiligen Landkreis, Men\u00fcpunkte \u201eKreis Ludwigsburg\u201c, \u201eRems-Murr-Kreis\u201c, \u201eKreis B\u00f6blingen\u201c und Kreis Esslingen\u201c. Der Men\u00fcpunkt &#8220;Umgebung&#8221; f\u00e4llt dann komplett weg. Im fertigen [&hellip;]<\/p>\n","protected":false},"author":4,"featured_media":0,"comment_status":"closed","ping_status":"open","sticky":false,"template":"","format":"standard","meta":{"inline_featured_image":false,"_exactmetrics_skip_tracking":false,"_exactmetrics_sitenote_active":false,"_exactmetrics_sitenote_note":"","_exactmetrics_sitenote_category":0,"tdm_status":"","tdm_grid_status":"","footnotes":""},"categories":[1],"tags":[],"class_list":{"0":"post-179670","1":"post","2":"type-post","3":"status-publish","4":"format-standard","6":"category-allgemein"},"image_feature":null,"author_name":"Redaktion","pure_taxonomies":{"categories":[{"term_id":1,"name":"Allgemein","slug":"allgemein","term_group":0,"term_taxonomy_id":1,"taxonomy":"category","description":"","parent":0,"count":79,"filter":"raw","image":""}]},"_links":{"self":[{"href":"https:\/\/die-webzeitung.de\/ludwigsburg\/wp-json\/wp\/v2\/posts\/179670","targetHints":{"allow":["GET"]}}],"collection":[{"href":"https:\/\/die-webzeitung.de\/ludwigsburg\/wp-json\/wp\/v2\/posts"}],"about":[{"href":"https:\/\/die-webzeitung.de\/ludwigsburg\/wp-json\/wp\/v2\/types\/post"}],"author":[{"embeddable":true,"href":"https:\/\/die-webzeitung.de\/ludwigsburg\/wp-json\/wp\/v2\/users\/4"}],"replies":[{"embeddable":true,"href":"https:\/\/die-webzeitung.de\/ludwigsburg\/wp-json\/wp\/v2\/comments?post=179670"}],"version-history":[{"count":2,"href":"https:\/\/die-webzeitung.de\/ludwigsburg\/wp-json\/wp\/v2\/posts\/179670\/revisions"}],"predecessor-version":[{"id":179672,"href":"https:\/\/die-webzeitung.de\/ludwigsburg\/wp-json\/wp\/v2\/posts\/179670\/revisions\/179672"}],"wp:attachment":[{"href":"https:\/\/die-webzeitung.de\/ludwigsburg\/wp-json\/wp\/v2\/media?parent=179670"}],"wp:term":[{"taxonomy":"category","embeddable":true,"href":"https:\/\/die-webzeitung.de\/ludwigsburg\/wp-json\/wp\/v2\/categories?post=179670"},{"taxonomy":"post_tag","embeddable":true,"href":"https:\/\/die-webzeitung.de\/ludwigsburg\/wp-json\/wp\/v2\/tags?post=179670"}],"curies":[{"name":"wp","href":"https:\/\/api.w.org\/{rel}","templated":true}]}}