{"id":179457,"date":"2025-11-21T08:00:33","date_gmt":"2025-11-21T07:00:33","guid":{"rendered":"https:\/\/die-webzeitung.de\/ludwigsburg\/?p=179457"},"modified":"2025-11-20T13:02:07","modified_gmt":"2025-11-20T12:02:07","slug":"venezianische-messe-findet-2026-am-ersten-septemberwochenende-statt","status":"publish","type":"post","link":"https:\/\/die-webzeitung.de\/ludwigsburg\/2025\/11\/21\/venezianische-messe-findet-2026-am-ersten-septemberwochenende-statt\/","title":{"rendered":"Venezianische Messe findet 2026 am ersten Septemberwochenende statt"},"content":{"rendered":"<h4 style=\"text-align: justify;\"><strong>Ludwigsburger Pferdemarkt erst wieder in 2027<\/strong><\/h4>\n<p style=\"text-align: justify;\">Ludwigsburg.| Sie ist bundesweit einzigartig und stellt f\u00fcr Ludwigsburg ein absolutes Alleinstellungsmerkmal dar: die Venezianische Messe Ludwigsburg wird vom 04.-06. September 2026 stattfinden. Dabei soll das 2024 erstmals neu erprobte Konzept fortgef\u00fchrt werden, welches freien Eintritt der Veranstaltung auf dem Marktplatz vorsieht. \u201eDie ersten Sondierungen mit Blick auf K\u00fcnstler und Programm haben bereits begonnen\u201c, berichtet Mario Kreh, Gesch\u00e4ftsf\u00fchrer von Tourismus &amp; Events Ludwigsburg. Der Marktplatz werde wieder in ein magisches Spektakel bieten, wozu nicht zuletzt die zahlreichen venezianischen Kost\u00fcm- und Maskentr\u00e4gerinnen und -tr\u00e4ger aus dem In- und Ausland nachdr\u00fccklich beitragen.<\/p>\n<p style=\"text-align: justify;\">\u201eWir haben bereits die ersten Anfragen von Busgruppen erhalten\u201c, unterstreicht Elmar Kunz, stellvertretender Gesch\u00e4ftsf\u00fchrer von Tourismus &amp; Events die touristische Strahlkraft der Venezianischen Messe.<\/p>\n<p style=\"text-align: justify;\">Der stringente Sparkurs der Stadtverwaltung macht aber auch vor den Veranstaltungen des st\u00e4dtischen Eigenbetriebs nicht Halt. Angedacht ist, dass der traditionelle Ludwigsburger Pferdemarkt im Wechsel mit der Venezianischen Messe alle 2 Jahre stattfinden soll. Damit wird es den Pferdemarkt nicht im kommenden Jahr, sondern 2027 wieder geben. Die endg\u00fcltige Entscheidung f\u00e4llt mit der Freigabe des Wirtschaftsplans des Eigenbetriebs durch den Gemeinderat im Dezember.<\/p>\n<hr \/>\n<p style=\"text-align: justify;\">\n","protected":false},"excerpt":{"rendered":"<p>Ludwigsburger Pferdemarkt erst wieder in 2027 Ludwigsburg.| Sie ist bundesweit einzigartig und stellt f\u00fcr Ludwigsburg ein absolutes Alleinstellungsmerkmal dar: die Venezianische Messe Ludwigsburg wird vom 04.-06. September 2026 stattfinden. Dabei soll das 2024 erstmals neu erprobte Konzept fortgef\u00fchrt werden, welches freien Eintritt der Veranstaltung auf dem Marktplatz vorsieht. \u201eDie ersten Sondierungen mit Blick auf K\u00fcnstler [&hellip;]<\/p>\n","protected":false},"author":4,"featured_media":179458,"comment_status":"closed","ping_status":"open","sticky":false,"template":"","format":"standard","meta":{"inline_featured_image":false,"_exactmetrics_skip_tracking":false,"_exactmetrics_sitenote_active":false,"_exactmetrics_sitenote_note":"","_exactmetrics_sitenote_category":0,"tdm_status":"","tdm_grid_status":"","footnotes":""},"categories":[67],"tags":[8875,6,315,68,1391,1846],"class_list":{"0":"post-179457","1":"post","2":"type-post","3":"status-publish","4":"format-standard","5":"has-post-thumbnail","7":"category-ludwigsburg-lokal","8":"tag-die-webzeitung","9":"tag-ludwigsburg","10":"tag-messe","11":"tag-online-zeitung","12":"tag-pferdemarkt","13":"tag-venezianisch"},"image_feature":"https:\/\/die-webzeitung.de\/ludwigsburg\/wp-content\/uploads\/sites\/5\/2025\/11\/100_4124-scaled.jpg","author_name":"Redaktion","pure_taxonomies":{"categories":[{"term_id":67,"name":"Ludwigsburg","slug":"ludwigsburg-lokal","term_group":0,"term_taxonomy_id":68,"taxonomy":"category","description":"","parent":1433,"count":653,"filter":"raw","image":""}],"tags":[{"term_id":8875,"name":"Die-Webzeitung","slug":"die-webzeitung","term_group":0,"term_taxonomy_id":8876,"taxonomy":"post_tag","description":"","parent":0,"count":4257,"filter":"raw","image":""},{"term_id":6,"name":"Ludwigsburg","slug":"ludwigsburg","term_group":0,"term_taxonomy_id":6,"taxonomy":"post_tag","description":"","parent":0,"count":1353,"filter":"raw","image":""},{"term_id":315,"name":"Messe","slug":"messe","term_group":0,"term_taxonomy_id":321,"taxonomy":"post_tag","description":"","parent":0,"count":9,"filter":"raw","image":""},{"term_id":68,"name":"Online-Zeitung","slug":"online-zeitung","term_group":0,"term_taxonomy_id":69,"taxonomy":"post_tag","description":"","parent":0,"count":4206,"filter":"raw","image":""},{"term_id":1391,"name":"Pferdemarkt","slug":"pferdemarkt","term_group":0,"term_taxonomy_id":1400,"taxonomy":"post_tag","description":"","parent":0,"count":8,"filter":"raw","image":""},{"term_id":1846,"name":"Venezianisch","slug":"venezianisch","term_group":0,"term_taxonomy_id":1855,"taxonomy":"post_tag","description":"","parent":0,"count":5,"filter":"raw","image":""}]},"_links":{"self":[{"href":"https:\/\/die-webzeitung.de\/ludwigsburg\/wp-json\/wp\/v2\/posts\/179457","targetHints":{"allow":["GET"]}}],"collection":[{"href":"https:\/\/die-webzeitung.de\/ludwigsburg\/wp-json\/wp\/v2\/posts"}],"about":[{"href":"https:\/\/die-webzeitung.de\/ludwigsburg\/wp-json\/wp\/v2\/types\/post"}],"author":[{"embeddable":true,"href":"https:\/\/die-webzeitung.de\/ludwigsburg\/wp-json\/wp\/v2\/users\/4"}],"replies":[{"embeddable":true,"href":"https:\/\/die-webzeitung.de\/ludwigsburg\/wp-json\/wp\/v2\/comments?post=179457"}],"version-history":[{"count":1,"href":"https:\/\/die-webzeitung.de\/ludwigsburg\/wp-json\/wp\/v2\/posts\/179457\/revisions"}],"predecessor-version":[{"id":179459,"href":"https:\/\/die-webzeitung.de\/ludwigsburg\/wp-json\/wp\/v2\/posts\/179457\/revisions\/179459"}],"wp:featuredmedia":[{"embeddable":true,"href":"https:\/\/die-webzeitung.de\/ludwigsburg\/wp-json\/wp\/v2\/media\/179458"}],"wp:attachment":[{"href":"https:\/\/die-webzeitung.de\/ludwigsburg\/wp-json\/wp\/v2\/media?parent=179457"}],"wp:term":[{"taxonomy":"category","embeddable":true,"href":"https:\/\/die-webzeitung.de\/ludwigsburg\/wp-json\/wp\/v2\/categories?post=179457"},{"taxonomy":"post_tag","embeddable":true,"href":"https:\/\/die-webzeitung.de\/ludwigsburg\/wp-json\/wp\/v2\/tags?post=179457"}],"curies":[{"name":"wp","href":"https:\/\/api.w.org\/{rel}","templated":true}]}}