{"id":179306,"date":"2025-11-10T14:53:34","date_gmt":"2025-11-10T13:53:34","guid":{"rendered":"https:\/\/die-webzeitung.de\/ludwigsburg\/?p=179306"},"modified":"2025-11-10T14:53:34","modified_gmt":"2025-11-10T13:53:34","slug":"ludwigsburger-barock-weihnachtsmarkt-mit-neuerungen","status":"publish","type":"post","link":"https:\/\/die-webzeitung.de\/ludwigsburg\/2025\/11\/10\/ludwigsburger-barock-weihnachtsmarkt-mit-neuerungen\/","title":{"rendered":"Ludwigsburger Barock-Weihnachtsmarkt mit Neuerungen"},"content":{"rendered":"<h4 style=\"text-align: justify;\"><strong>Erstmals Ausweitung auf den Arsenalplatz<\/strong><\/h4>\n<p style=\"text-align: justify;\">Ludwigsburg.| Im Veranstaltungskalender ist er das touristische Zugpferd f\u00fcr die Barockstadt: der Ludwigsburger Barock-Weihnachtsmarkt. Zum ersten Mal leuchtet vom 25. November bis zum 22. Dezember 2025 nicht nur der Marktplatz, sondern auch der Arsenalplatz im Glanz der weihnachtlichen Beleuchtung. W\u00e4hrend der Budenzauber auf dem Marktplatz t\u00e4glich von 11 bis 21 Uhr ge\u00f6ffnet ist, d\u00fcrfen sich die Besucher auf dem Arsenalplatz auf l\u00e4ngere \u00d6ffnungszeiten freuen (montags bis donnerstags von 11 bis 22 Uhr, freitags bis sonntags von 11 bis 23 Uhr).<\/p>\n<p style=\"text-align: justify;\">\u201eMit 153 St\u00e4nden bewegen wir uns knapp \u00fcber dem Niveau des Vorjahres. Das Angebot ist wie gewohnt sehr vielseitig und bietet f\u00fcr jeden etwas \u2013 vor allem Regionalit\u00e4t und Authentizit\u00e4t\u201c, freut sich Mario Kreh, Gesch\u00e4ftsf\u00fchrer des st\u00e4dtischen Eigenbetriebs Tourismus &amp; Events Ludwigsburg. Weihnachtlich leuchten werde die Innenstadt vom Marktplatz \u00fcber den Arsenalplatz bis zum Bahnhof; der Arsenalplatz werde dabei zus\u00e4tzlich mit zwei gro\u00dfen Leuchtschweifen in Szene gesetzt. Ganz entspannt flanieren k\u00f6nnen die Besucher in der Eberhardstra\u00dfe, die verkehrsberuhigt und damit zur Fu\u00dfg\u00e4ngerzone wird w\u00e4hrend des Weihnachtsmarktes.<\/p>\n<p style=\"text-align: justify;\">Durch die erstmalige Bespielung des Arsenalplatzes wird ein weiterer Besuchermagnet geschaffen. Am Gastro-Pavillon \u201eKleiner Prinz\u201c werden ein Kinderkarussell sowie einige Verzehrst\u00e4nde aufgestellt. Auch das beliebte \u201eBl\u00fcb\u00e4hnle\u201c wird auf dem Arsenalplatz seine Runden drehen.<\/p>\n<p style=\"text-align: justify;\">Das B\u00fchnenprogramm f\u00fcr Kinder startet auf dem Marktplatz t\u00e4glich um 16 Uhr; an den Wochenenden gibt es hier auch Live-Musik.<\/p>\n<p style=\"text-align: justify;\">Am Stand \u201eVisit Ludwigsburg\u201c, den wie immer die Weing\u00e4rtner Marbach auf dem Marktplatz betreiben, ist die beliebte Produktlinie des Ludwigsburger Barock-Weihnachtsmarktes erh\u00e4ltlich. Sie reicht von lokalem Gl\u00fchwein (rot und wei\u00df), Punschgelees, Bratapfel-Schokolade und Kastanienlebkuchen bis zu Trinkschokolade und Tee. \u201eWir wollen es den Besucherinnen und Besuchern erneut erm\u00f6glichen, ein St\u00fcck Ludwigsburger Weihnachtsmarkt mit nach Hause zu nehmen oder zu verschenken\u201c, verr\u00e4t Christoph Adels, Leiter der Abteilung Veranstaltungen bei Tourismus &amp; Events die Idee dahinter. So wurden bereits vor einigen Jahren mit den Weing\u00e4rtnern Marbach, der B\u00e4ckerei Lutz und Tee Gschwendner (Ludwigsburg) lokale Partner ins Boot genommen, die eigens f\u00fcr den Weihnachtsmarkt entwickelte Produkte entwickelten. Erh\u00e4ltlich sind die lizenzierten Produkte auch in der Tourist Information (MIK, Eberhardstra\u00dfe 1) sowie bei den Partnern selbst.<\/p>\n<p style=\"text-align: justify;\">\u201eDie Anziehungskraft des Ludwigsburger Barock-Weihnachtsmarkts ist \u00fcberregional und international nach wie vor ungebrochen gro\u00df; das sp\u00fcren wir auch an den deutlich zunehmenden Nachfragen von Busgruppen aus dem In- und Ausland und an seit Wochen sehr stark steigenden Klickzahlen auf unserer Website\u201c, freut sich Tourismusmanager Elmar Kunz \u00fcber zahlreiche G\u00e4ste zur Weihnachtszeit.<\/p>\n<p style=\"text-align: justify;\">Der Ludwigsburger Barock-Weihnachtsmarkt z\u00e4hlt zu den gr\u00f6\u00dften und popul\u00e4rsten Weihnachtsm\u00e4rkten in Baden-W\u00fcrttemberg. Mit mehreren hunderttausend Besucherinnen und Besuchern rechnen die Veranstalter von Tourismus &amp; Events Ludwigsburg auch dieses Jahr wieder.<\/p>\n<p style=\"text-align: justify;\">In diesem Jahr wird es anl\u00e4sslich des Jubil\u00e4ums \u201e75 Jahre St\u00e4dtepartnerschaft Ludwigsburg \u2013 Montb\u00e9liard\u201c einen gemeinsamen Stand von Visit Ludwigsburg mit den Weing\u00e4rtnern Marbach beim Weihnachtsmarkt \u201eLumi\u00e8res de No\u00ebl\u201c geben. Dieser geh\u00f6rt zu den Top-5-Weihnachtsm\u00e4rkten in Frankreich und bietet auf zwei Haupt- und mehreren Nebenpl\u00e4tzen mit 180 St\u00e4nden zahlreiche Attraktionen, darunter eine Eisbahn. \u201eLumi\u00e8res de No\u00ebl\u201c startet bereits am 22. November und geht bis zum 24. Dezember 2025. Der Ludwigsburger Stand wird bis zum 20. Dezember pr\u00e4sent sein.<\/p>\n<hr \/>\n<p style=\"text-align: justify;\">\n","protected":false},"excerpt":{"rendered":"<p>Erstmals Ausweitung auf den Arsenalplatz Ludwigsburg.| Im Veranstaltungskalender ist er das touristische Zugpferd f\u00fcr die Barockstadt: der Ludwigsburger Barock-Weihnachtsmarkt. Zum ersten Mal leuchtet vom 25. November bis zum 22. Dezember 2025 nicht nur der Marktplatz, sondern auch der Arsenalplatz im Glanz der weihnachtlichen Beleuchtung. W\u00e4hrend der Budenzauber auf dem Marktplatz t\u00e4glich von 11 bis 21 [&hellip;]<\/p>\n","protected":false},"author":4,"featured_media":179307,"comment_status":"closed","ping_status":"open","sticky":false,"template":"","format":"standard","meta":{"inline_featured_image":false,"_exactmetrics_skip_tracking":false,"_exactmetrics_sitenote_active":false,"_exactmetrics_sitenote_note":"","_exactmetrics_sitenote_category":0,"tdm_status":"","tdm_grid_status":"","footnotes":""},"categories":[59,67],"tags":[8875,6,68,2826],"class_list":{"0":"post-179306","1":"post","2":"type-post","3":"status-publish","4":"format-standard","5":"has-post-thumbnail","7":"category-aktuell","8":"category-ludwigsburg-lokal","9":"tag-die-webzeitung","10":"tag-ludwigsburg","11":"tag-online-zeitung","12":"tag-weihnachtsmarkt"},"image_feature":"https:\/\/die-webzeitung.de\/ludwigsburg\/wp-content\/uploads\/sites\/5\/2025\/11\/weima-engel-2025\u00a9Die-Webzeitung.de_-scaled.jpg","author_name":"Redaktion","pure_taxonomies":{"categories":[{"term_id":59,"name":"Aktuell","slug":"aktuell","term_group":0,"term_taxonomy_id":60,"taxonomy":"category","description":"","parent":0,"count":1175,"filter":"raw","image":""},{"term_id":67,"name":"Ludwigsburg","slug":"ludwigsburg-lokal","term_group":0,"term_taxonomy_id":68,"taxonomy":"category","description":"","parent":1433,"count":652,"filter":"raw","image":""}],"tags":[{"term_id":8875,"name":"Die-Webzeitung","slug":"die-webzeitung","term_group":0,"term_taxonomy_id":8876,"taxonomy":"post_tag","description":"","parent":0,"count":4249,"filter":"raw","image":""},{"term_id":6,"name":"Ludwigsburg","slug":"ludwigsburg","term_group":0,"term_taxonomy_id":6,"taxonomy":"post_tag","description":"","parent":0,"count":1349,"filter":"raw","image":""},{"term_id":68,"name":"Online-Zeitung","slug":"online-zeitung","term_group":0,"term_taxonomy_id":69,"taxonomy":"post_tag","description":"","parent":0,"count":4198,"filter":"raw","image":""},{"term_id":2826,"name":"Weihnachtsmarkt","slug":"weihnachtsmarkt","term_group":0,"term_taxonomy_id":2839,"taxonomy":"post_tag","description":"","parent":0,"count":14,"filter":"raw","image":""}]},"_links":{"self":[{"href":"https:\/\/die-webzeitung.de\/ludwigsburg\/wp-json\/wp\/v2\/posts\/179306","targetHints":{"allow":["GET"]}}],"collection":[{"href":"https:\/\/die-webzeitung.de\/ludwigsburg\/wp-json\/wp\/v2\/posts"}],"about":[{"href":"https:\/\/die-webzeitung.de\/ludwigsburg\/wp-json\/wp\/v2\/types\/post"}],"author":[{"embeddable":true,"href":"https:\/\/die-webzeitung.de\/ludwigsburg\/wp-json\/wp\/v2\/users\/4"}],"replies":[{"embeddable":true,"href":"https:\/\/die-webzeitung.de\/ludwigsburg\/wp-json\/wp\/v2\/comments?post=179306"}],"version-history":[{"count":1,"href":"https:\/\/die-webzeitung.de\/ludwigsburg\/wp-json\/wp\/v2\/posts\/179306\/revisions"}],"predecessor-version":[{"id":179308,"href":"https:\/\/die-webzeitung.de\/ludwigsburg\/wp-json\/wp\/v2\/posts\/179306\/revisions\/179308"}],"wp:featuredmedia":[{"embeddable":true,"href":"https:\/\/die-webzeitung.de\/ludwigsburg\/wp-json\/wp\/v2\/media\/179307"}],"wp:attachment":[{"href":"https:\/\/die-webzeitung.de\/ludwigsburg\/wp-json\/wp\/v2\/media?parent=179306"}],"wp:term":[{"taxonomy":"category","embeddable":true,"href":"https:\/\/die-webzeitung.de\/ludwigsburg\/wp-json\/wp\/v2\/categories?post=179306"},{"taxonomy":"post_tag","embeddable":true,"href":"https:\/\/die-webzeitung.de\/ludwigsburg\/wp-json\/wp\/v2\/tags?post=179306"}],"curies":[{"name":"wp","href":"https:\/\/api.w.org\/{rel}","templated":true}]}}