{"id":178861,"date":"2025-10-03T10:55:21","date_gmt":"2025-10-03T09:55:21","guid":{"rendered":"https:\/\/die-webzeitung.de\/ludwigsburg\/?p=178861"},"modified":"2025-10-03T10:55:21","modified_gmt":"2025-10-03T09:55:21","slug":"richtfest-fuer-den-2-bauabschnitt-in-der-brucknerstrasse","status":"publish","type":"post","link":"https:\/\/die-webzeitung.de\/ludwigsburg\/2025\/10\/03\/richtfest-fuer-den-2-bauabschnitt-in-der-brucknerstrasse\/","title":{"rendered":"Richtfest f\u00fcr den 2. Bauabschnitt in der Brucknerstra\u00dfe"},"content":{"rendered":"<h4 style=\"text-align: justify;\"><strong>16 gef\u00f6rderte Wohnungen in modularer Holzbauweise<\/strong><\/h4>\n<p style=\"text-align: justify;\">LUDWIGSBURG.| Die Wohnungsbau Ludwigsburg GmbH (WBL) hat heute das Richtfest f\u00fcr den zweiten Bauabschnitt ihres innovativen CUBE-11-Projekts in der Brucknerstra\u00dfe 40 gefeiert. Bei strahlendem Sonnenschein versammelten sich neben Planern und Beteiligten auch Baub\u00fcrgermeisterin Andrea Schwarz und zahlreiche G\u00e4ste aus Politik, Verwaltung und Presse, um den Baufortschritt zu w\u00fcrdigen.<\/p>\n<p style=\"text-align: justify;\"><strong>Innovative Bauweise mit CUBE 11<\/strong><\/p>\n<p style=\"text-align: justify;\">Gesch\u00e4ftsf\u00fchrer Andreas Veit begr\u00fc\u00dfte die G\u00e4ste und erl\u00e4uterte die Entstehung des Projekts: \u201eDer erste Bauabschnitt in der Brucknerstra\u00dfe war der Prototyp unseres CUBE 11 \u2013 ein kompletter Holzbau mit 12 Wohnungen, der nach nur 3,5 Monaten Bauzeit fertiggestellt war. Holz hat uns aufgrund seiner zahlreichen positiven Eigenschaften \u00fcberzeugt: energieeffizient, nachhaltig, langlebig.\u201c Veit erkl\u00e4rte, dass das Projekt in der Fl\u00fcchtlingskrise entstand, als dringend Unterk\u00fcnfte ben\u00f6tigt wurden. \u201eWir haben schnell gehandelt und ein geeignetes Konzept mit eingebauter Nachnutzung entwickelt und umgesetzt. Diese Bauweise wurde vielfach ausgezeichnet, u.\u00a0a. mit dem IWS Award und dem Energieeffizienzpreis in Gold des Landes Baden-W\u00fcrttemberg.\u201c<\/p>\n<p style=\"text-align: justify;\"><strong>16 neue Wohnungen in der Brucknerstra\u00dfe<\/strong><\/p>\n<p style=\"text-align: justify;\">Im Rahmen des zweiten Bauabschnitts entstehen nun drei weitere Cube-W\u00fcrfel mit einer Wohnfl\u00e4che von rund 1.240 m\u00b2. Gebaut werden 16 \u00f6ffentlich gef\u00f6rderte Wohnungen \u2013 von 1- bis 5-Zimmer-Wohnungen, davon 8 barrierefrei. Dank moderner Technik \u2013 W\u00e4rmepumpe, Photovoltaikanlage mit Mieterstromkonzept und Fu\u00dfbodenheizung \u2013 sind die Geb\u00e4ude besonders energieeffizient (KfW 55). Die Gesamtinvestitionen belaufen sich inklusive Grundst\u00fcck auf rund 7,4 Mio. Euro, die reinen Baukosten auf 5,6 Mio. Euro.<\/p>\n<p style=\"text-align: justify;\">\u201eDank der \u00f6ffentlichen F\u00f6rderung k\u00f6nnen wir Mieten unter 10 Euro realisieren \u2013 im Neubau betr\u00e4gt der Quadratmeterpreis 9,86\u00a0\u20ac. Der Marktwert l\u00e4ge ansonsten zwischen 16 und 18\u00a0\u20ac pro Quadratmeter\u201c, erkl\u00e4rte Veit.<\/p>\n<p style=\"text-align: justify;\">Baubeginn war im Januar 2025, die Fertigstellung ist f\u00fcr April 2026 geplant. Die verl\u00e4ngerte Bauzeit gegen\u00fcber dem 1. Bauabschnitt erkl\u00e4rt sich aus dem Bau der Tiefgarage mit 22 Stellpl\u00e4tzen, welche beide Geb\u00e4ude mit Parkfl\u00e4chen versorgt.<\/p>\n<p style=\"text-align: justify;\"><strong>Dank an alle Beteiligten<\/strong><\/p>\n<p style=\"text-align: justify;\">Veit nutzte die Gelegenheit f\u00fcr einen besonderen Dank: \u201eEin Richtfest ist immer ein Dankesch\u00f6n des Bauherrn an die ausf\u00fchrenden Firmen. Ihnen geb\u00fchrt der Dank und ein herzliches Dankesch\u00f6n f\u00fcr ihre Arbeit und ihre Leistung und daf\u00fcr, dass dieses Geb\u00e4ude hier gut w\u00e4chst und uns hoffentlich allen lange Freude bereitet.\u201c<\/p>\n<p style=\"text-align: justify;\">Baub\u00fcrgermeisterin Andrea Schwarz erg\u00e4nzte: \u201eEs ist eine hervorragende Zusammenarbeit aller Beteiligten von der Stadtplanung bis zu den ausf\u00fchrenden Firmen. Dieses Projekt zeigt, dass Wohnungsbau effizient, nachhaltig und zugleich bezahlbar umgesetzt werden kann.\u201c<\/p>\n<p style=\"text-align: justify;\"><strong>Traditionelles Richtfest<\/strong><\/p>\n<p style=\"text-align: justify;\">Anschlie\u00dfend trug Zimmermeister Karl-Heinz Schaible ein Richtgedicht vor, worin auch er den Beteiligten f\u00fcr ihre Arbeit dankte, auf die sie zu Recht stolz sein k\u00f6nnen. Anschlie\u00dfend stie\u00df er symbolisch auf das Projekt an und zertr\u00fcmmerte das Weinglas, um das Geb\u00e4ude nach alter Tradition mit Gl\u00fcck und Schutz zu segnen. Beim anschlie\u00dfenden Mittagessen kamen Handwerker und G\u00e4ste miteinander ins Gespr\u00e4ch und feierten die erfolgreiche Zusammenarbeit.<\/p>\n<p style=\"text-align: justify;\"><strong>Projektdaten auf einen Blick<\/strong><\/p>\n<ul>\n<li style=\"text-align: justify;\">3 CUBE-11-W\u00fcrfel, 16 Wohnungen, 1.240\u00a0m\u00b2 Wohnfl\u00e4che<\/li>\n<li style=\"text-align: justify;\">Massiver Holzbau mit Putzfassade, Balkonen und Terrassen<\/li>\n<li style=\"text-align: justify;\">1\u20135 Zimmer, 8 barrierefreie Wohnungen<\/li>\n<li style=\"text-align: justify;\">Gemeinschaftsraum und We-Wash-Angebot<\/li>\n<li style=\"text-align: justify;\">Tiefgarage mit 22 Stellpl\u00e4tzen<\/li>\n<li style=\"text-align: justify;\">Energieeffizienz KfW55 mit W\u00e4rmepumpe und PV-Anlage<\/li>\n<li style=\"text-align: justify;\">Baukosten: ca. 5,6\u202fMio.\u202f\u20ac, Gesamtinvestition inkl. Grundst\u00fcck: ca. 7,4\u202fMio.\u202f\u20ac<\/li>\n<li style=\"text-align: justify;\">Baubeginn: Januar 2025, Fertigstellung voraussichtlich April 2026<\/li>\n<\/ul>\n<p style=\"text-align: justify;\">Mit dem Richtfest haben die WBL, die Stadt und die Beteiligten einen weiteren wichtigen Meilenstein f\u00fcr die Schaffung von bezahlbarem, nachhaltigem Wohnraum in Ludwigsburg gefeiert.<\/p>\n<hr \/>\n<p style=\"text-align: justify;\">\n","protected":false},"excerpt":{"rendered":"<p>16 gef\u00f6rderte Wohnungen in modularer Holzbauweise LUDWIGSBURG.| Die Wohnungsbau Ludwigsburg GmbH (WBL) hat heute das Richtfest f\u00fcr den zweiten Bauabschnitt ihres innovativen CUBE-11-Projekts in der Brucknerstra\u00dfe 40 gefeiert. Bei strahlendem Sonnenschein versammelten sich neben Planern und Beteiligten auch Baub\u00fcrgermeisterin Andrea Schwarz und zahlreiche G\u00e4ste aus Politik, Verwaltung und Presse, um den Baufortschritt zu w\u00fcrdigen. Innovative [&hellip;]<\/p>\n","protected":false},"author":4,"featured_media":178862,"comment_status":"closed","ping_status":"open","sticky":false,"template":"","format":"standard","meta":{"inline_featured_image":false,"_exactmetrics_skip_tracking":false,"_exactmetrics_sitenote_active":false,"_exactmetrics_sitenote_note":"","_exactmetrics_sitenote_category":0,"tdm_status":"","tdm_grid_status":"","footnotes":""},"categories":[67],"tags":[8910,8875,6,68,4744,922],"class_list":{"0":"post-178861","1":"post","2":"type-post","3":"status-publish","4":"format-standard","5":"has-post-thumbnail","7":"category-ludwigsburg-lokal","8":"tag-brucknerstrasse","9":"tag-die-webzeitung","10":"tag-ludwigsburg","11":"tag-online-zeitung","12":"tag-wbl","13":"tag-wohnbau"},"image_feature":"https:\/\/die-webzeitung.de\/ludwigsburg\/wp-content\/uploads\/sites\/5\/2025\/10\/Brucknerstrasse_1961224-scaled.jpg","author_name":"Redaktion","pure_taxonomies":{"categories":[{"term_id":67,"name":"Ludwigsburg","slug":"ludwigsburg-lokal","term_group":0,"term_taxonomy_id":68,"taxonomy":"category","description":"","parent":1433,"count":653,"filter":"raw","image":""}],"tags":[{"term_id":8910,"name":"Brucknerstra\u00dfe","slug":"brucknerstrasse","term_group":0,"term_taxonomy_id":8911,"taxonomy":"post_tag","description":"","parent":0,"count":1,"filter":"raw","image":""},{"term_id":8875,"name":"Die-Webzeitung","slug":"die-webzeitung","term_group":0,"term_taxonomy_id":8876,"taxonomy":"post_tag","description":"","parent":0,"count":4257,"filter":"raw","image":""},{"term_id":6,"name":"Ludwigsburg","slug":"ludwigsburg","term_group":0,"term_taxonomy_id":6,"taxonomy":"post_tag","description":"","parent":0,"count":1353,"filter":"raw","image":""},{"term_id":68,"name":"Online-Zeitung","slug":"online-zeitung","term_group":0,"term_taxonomy_id":69,"taxonomy":"post_tag","description":"","parent":0,"count":4206,"filter":"raw","image":""},{"term_id":4744,"name":"WBL","slug":"wbl","term_group":0,"term_taxonomy_id":4761,"taxonomy":"post_tag","description":"","parent":0,"count":11,"filter":"raw","image":""},{"term_id":922,"name":"Wohnbau","slug":"wohnbau","term_group":0,"term_taxonomy_id":931,"taxonomy":"post_tag","description":"","parent":0,"count":6,"filter":"raw","image":""}]},"_links":{"self":[{"href":"https:\/\/die-webzeitung.de\/ludwigsburg\/wp-json\/wp\/v2\/posts\/178861","targetHints":{"allow":["GET"]}}],"collection":[{"href":"https:\/\/die-webzeitung.de\/ludwigsburg\/wp-json\/wp\/v2\/posts"}],"about":[{"href":"https:\/\/die-webzeitung.de\/ludwigsburg\/wp-json\/wp\/v2\/types\/post"}],"author":[{"embeddable":true,"href":"https:\/\/die-webzeitung.de\/ludwigsburg\/wp-json\/wp\/v2\/users\/4"}],"replies":[{"embeddable":true,"href":"https:\/\/die-webzeitung.de\/ludwigsburg\/wp-json\/wp\/v2\/comments?post=178861"}],"version-history":[{"count":2,"href":"https:\/\/die-webzeitung.de\/ludwigsburg\/wp-json\/wp\/v2\/posts\/178861\/revisions"}],"predecessor-version":[{"id":178864,"href":"https:\/\/die-webzeitung.de\/ludwigsburg\/wp-json\/wp\/v2\/posts\/178861\/revisions\/178864"}],"wp:featuredmedia":[{"embeddable":true,"href":"https:\/\/die-webzeitung.de\/ludwigsburg\/wp-json\/wp\/v2\/media\/178862"}],"wp:attachment":[{"href":"https:\/\/die-webzeitung.de\/ludwigsburg\/wp-json\/wp\/v2\/media?parent=178861"}],"wp:term":[{"taxonomy":"category","embeddable":true,"href":"https:\/\/die-webzeitung.de\/ludwigsburg\/wp-json\/wp\/v2\/categories?post=178861"},{"taxonomy":"post_tag","embeddable":true,"href":"https:\/\/die-webzeitung.de\/ludwigsburg\/wp-json\/wp\/v2\/tags?post=178861"}],"curies":[{"name":"wp","href":"https:\/\/api.w.org\/{rel}","templated":true}]}}