{"id":178816,"date":"2025-09-29T09:37:54","date_gmt":"2025-09-29T08:37:54","guid":{"rendered":"https:\/\/die-webzeitung.de\/ludwigsburg\/?p=178816"},"modified":"2025-10-05T10:11:00","modified_gmt":"2025-10-05T09:11:00","slug":"polizei-report-kreis-ludwigsburg-woche-40-4","status":"publish","type":"post","link":"https:\/\/die-webzeitung.de\/ludwigsburg\/2025\/09\/29\/polizei-report-kreis-ludwigsburg-woche-40-4\/","title":{"rendered":"Polizei-Report Kreis Ludwigsburg | Woche 40"},"content":{"rendered":"<p><em>Quelle: ots<\/em><\/p>\n<p style=\"text-align: justify;\"><strong>Markgr\u00f6ningen: Hoher Sachschaden nach Geb\u00e4udebrand<\/strong><br \/>\nAm Sonntagmorgen (05.10.2025) gegen 06:00 Uhr kam es aus bislang unbekannter Ursache zu einem Geb\u00e4udebrand an einem Einfamilienhaus im Veilchenweg in Markgr\u00f6ningen. Die Feuerwehr, die mit starken Kr\u00e4ften anr\u00fcckte, musste zur Brandbek\u00e4mpfung auch Teile des Daches abdecken. Das Feuer konnte erst gegen 09:00 Uhr vollst\u00e4ndig unter Kontrolle gebracht werden. Das Wohnhaus war anschlie\u00dfend nicht mehr bewohnbar. Durch die starke Hitzeentwicklung wurde auch das Nachbargeb\u00e4ude in Mitleidenschaft gezogen. Verletzt wurde bei dem Brand niemand. Der Sachschaden bel\u00e4uft sich nach ersten Sch\u00e4tzungen auf etwa 500.000 Euro. Die betroffenen Bewohner konnten anderweitig untergebracht werden. Die Ermittlungen zur Brandursache dauern an.<\/p>\n<p style=\"text-align: justify;\"><strong>Markgr\u00f6ningen: Unfallflucht &#8211; Zeugenaufruf<\/strong><br \/>\nAm Samstag gegen 23:50 Uhr ereignete sich auf der K1705 in Markgr\u00f6ningen, zwischen den Kreisverkehren Asperger Stra\u00dfe (L1138) und M\u00f6glinger Stra\u00dfe (K1660) ein Verkehrsunfall, bei dem sich der Verursacher unerlaubt von der Unfallstelle entfernte. Der bislang unbekannte Pkw-Lenker befuhr demnach die K1705 von der Asperger Stra\u00dfe kommend in Richtung M\u00f6glinger Stra\u00dfe und \u00fcberholte hierbei einen ebenfalls bislang unbekannten Pkw. Die entgegen kommende 23-j\u00e4hrige Pkw-Lenkerin musste mit ihrem Audi Q3 nach rechts ausweichen, um einen Frontalzusammensto\u00df zu vermeiden. Hierbei geriet sie mit der rechten Fahrzeugseite gegen die Leitplanke und zog sich einen Sachschaden von etwa 10.000 Euro zu. Sowohl der Unfallverursacher als auch der von ihm \u00fcberholte Pkw fuhren ohne anzuhalten weiter. Auch an der Leitplanke entstand Sachschaden. Dieser wird auf etwa 2000 Euro beziffert. Der \u00fcberholte Pkw-Lenker sowie weitere Zeugen, die Hinweise zu den beteiligten Fahrzeugen geben k\u00f6nnen, werden gebeten, sich mit dem Polizeirevier Kornwestheim, Tel.: 07154\/13130, in Verbindung zu setzen. Dieses unterst\u00fctzte das Polizeirevier Vaihingen\/Enz bei der Unfallaufnahme.<\/p>\n<p style=\"text-align: justify;\"><strong>L1125 Sersheim: Verkehrsunfall mit schwerverletztem Motorradfahrer<\/strong><br \/>\nAm Donnerstag, den 02.10.2025, kam es gegen 15:30 Uhr zu einem Verkehrsunfall auf der L1125 zwischen Sersheim und Sachsenheim. Die 84-J\u00e4hrige Fahrerin eines Opel fuhr in Richtung Sachsenheim und wollte nach links in einen Feldweg abbiegen. Hierbei missachtete sie den Vorrang der entgegenkommenden 42-J\u00e4hrigen Fahrerin eines Ford. Diese konnte noch rechtzeitig abbremsen, sodass es nicht zu einer Kollision zwischen den beiden Pkw kam. Der 25-J\u00e4hrige Fahrer eines Motorrades der Marke Suzuki, welcher hinter dem Ford Ka fuhr, konnte jedoch nicht mehr rechtzeitig abbremsen und kollidierte mit dem Heck des Fords. Der Fahrer wurde nach rechts vom Motorrad abgeworfen und kollidierte im weiteren Verlauf mit dem Pkw der 84-J\u00e4hrigen. Durch den Verkehrsunfall wurde der 25-J\u00e4hrige Motorradfahrer schwer verletzt und durch den Rettungsdienst in ein Krankenhaus zur weiteren Versorgung verbracht. Es entstand Sachschaden in H\u00f6he von ca. 13.000 Euro, der Ford war nicht mehr fahrbreit und musste abgeschleppt werden.<\/p>\n<p style=\"text-align: justify;\"><strong>L1117 Oberstenfeld: T\u00f6dlicher Verkehrsunfall<\/strong><br \/>\nAm Donnerstag (02.10.2025) ereignete sich gegen 15:30 Uhr ein folgenschwerer Verkehrsunfall auf der L1117 zwischen Oberstenfeld-Gronau und Kurzach. Der 56-j\u00e4hrige Fahrer eines Audi befuhr nach derzeitigem Ermittlungsstand die Landstra\u00dfe von Kurzach kommend in Fahrtrichtung Gronau. Hierbei kam er aus bislang ungekl\u00e4rter Ursache hinter einer Rechtskurve nach links von der Fahrbahn ab und kollidierte frontal mit einem Baum. Durch die Wucht des Aufpralls wurde der Pkw zur\u00fcck auf die Fahrbahn geschleudert, wo er letztendlich zum Stillstand kam. Trotz sofort eingeleiteter Rettungsma\u00dfnahmen an der Unfallstelle erlag der Fahrer noch am selben Abend im Krankenhaus seinen schweren Verletzungen. Am Fahrzeug entstand ein wirtschaftlicher Totalschaden in H\u00f6he von 35.000 Euro. Neben mehreren Streifenwagen des Polizeipr\u00e4sidiums Ludwigsburg sowie des Polizeipr\u00e4sidiums Aalen waren auch der Rettungsdienst, die Feuerwehr und die Stra\u00dfenmeisterei mit starken Kr\u00e4ften vor Ort. Auch ein Rettungshubschrauber war im Einsatz. Die Fahrbahn war f\u00fcr die Dauer der Unfallaufnahme und der anschlie\u00dfenden Reinigungsarbeiten bis 21:30 Uhr voll gesperrt. Durch die Staatsanwaltschaft wurde ein Sachverst\u00e4ndiger zur Kl\u00e4rung des Unfallhergangs hinzugezogen. Zeugen, die Angaben zum Unfallhergang machen k\u00f6nnen werden gebeten, sich mit der Verkehrspolizeiinspektion Ludwigsburg, Telefon: 0711\/6869-0 oder E-Mail: <a href=\"mailto:stuttgart-vaihingen.vpi@polizei.bwl.de\" target=\"_blank\" rel=\"noopener\">stuttgart-vaihingen.vpi@polizei.bwl.de<\/a>, in Verbindung zu setzen.<\/p>\n<p style=\"text-align: justify;\"><strong>Ludwigsburg: Einsatzma\u00dfnahmen gegen Rockergruppierungen<\/strong><br \/>\nIm Zuge der Einsatzma\u00dfnahmen am 1. Oktober gegen Angeh\u00f6rige der Rockergruppierung Gremium MC Nomads Bosporus T\u00fcrkiye war ein 44-j\u00e4hriger Tatverd\u00e4chtiger vorl\u00e4ufig festgenommen worden, bei dem Drogen sowie eine mutma\u00dflich scharfe Schusswaffe aufgefunden worden waren.<br \/>\nDer Tatverd\u00e4chtige wurde noch am selben Tag auf Antrag der Staatsanwaltschaft Stuttgart einem Haftrichter beim Amtsgericht Stuttgart vorgef\u00fchrt. Dieser erlie\u00df Haftbefehl wegen F\u00fchrens einer Schusswaffe in Tateinheit mit Besitz einer Schusswaffe sowie wegen bewaffneten Handeltreibens mit Bet\u00e4ubungsmitteln, setzte ihn in Vollzug und wies den 44-j\u00e4hrigen italienischen Staatsangeh\u00f6rigen in eine Justizvollzugsanstalt ein.<br \/>\nAm Einsatztag (30.09.2025) waren Durchsuchungsbeschl\u00fcsse unter anderen in folgenden Kommunen vollstreckt worden:<br \/>\n&#8211; Landkreis B\u00f6blingen: G\u00e4rtringen, G\u00e4ufelden, Weil der Stadt<br \/>\n&#8211; Landkreis Ludwigsburg: Besigheim, Erdmannhausen, Murr<br \/>\n&#8211; Landkreis Esslingen: Esslingen am Neckar, K\u00f6ngen, Leinfelden-Echterdingen<br \/>\n&#8211; Stadt Stuttgart<\/p>\n<p style=\"text-align: justify;\"><strong>Asperg: Motorroller im Osterholz gestohlen<\/strong><br \/>\nUnbekannte hatten es am Montag (29.09.2025) auf einen Motorroller der Marke Piaggio abgesehen, der auf dem Parkplatz eines Restaurants in der Stra\u00dfe &#8220;Osterholz&#8221; in Asperg stand. Zwischen 20:30 Uhr und 21:30 Uhr wurde der mittels Lenkradschloss gesicherte und mit aktuellem Versicherungskennzeichen versehene Roller auf unbekannte Art entwendet. Der Polizeiposten Asperg hat die Ermittlungen aufgenommen und bittet m\u00f6gliche Zeugen, sich unter Tel. 07141 150017-0 oder per E-Mail an <a href=\"mailto:kornwestheim.prev@polizei.bwl.de\" target=\"_blank\" rel=\"noopener\">kornwestheim.prev@polizei.bwl.de<\/a> zu melden.<\/p>\n<p style=\"text-align: justify;\"><strong>Sachsenheim-Gro\u00dfsachsenheim: Bagger entwendet<\/strong><br \/>\nZwischen Freitag, 26.09.2025, 15 Uhr und Montag, 29.09.2025, 8 Uhr entwendeten Unbekannte einen Mini-Bagger vom Gel\u00e4nde einer arch\u00e4ologischen Ausgrabungsst\u00e4tte zwischen Gro\u00dfsachsenheim und Unterriexingen. Der Bagger wurde von den Unbekannten \u00fcber einen Feldweg und ein Maisfeld bis zu einem angrenzenden Waldst\u00fcck gefahren und dort vermutlich in ein Transportfahrzeug geladen, mit dem sie unerkannt entkamen. Der Wert des Baggers ist derzeit noch nicht bekannt. Verd\u00e4chtige Wahrnehmungen nimmt der Polizeiposten Sachsenheim unter Tel. 07147 27406-0 oder per E-Mail an <a href=\"mailto:vaihingen-enz.prev@polizei.bwl.de\" target=\"_blank\" rel=\"noopener\">vaihingen-enz.prev@polizei.bwl.de<\/a> entgegen.<\/p>\n<p style=\"text-align: justify;\"><strong>Kirchheim am Neckar: 84-J\u00e4hriger bei Verkehrsunfall t\u00f6dlich verletzt<\/strong><br \/>\nT\u00f6dliche Verletzungen erlitt ein 84 Jahre alter Mann am Montag (29.09.2025), als er gegen 15.25 Uhr in Kirchheim am Neckar in einen Verkehrsunfall verwickelt war.<br \/>\nEin 36 Jahre alter LKW-Lenker war in der Besigheimer Stra\u00dfe in Richtung Heilbronn unterwegs. Vor der Kreuzung zur Walheimer Stra\u00dfe wartete der 36-J\u00e4hrige an einer dortigen Ampel, die Rot zeigte. Als die Ampel auf Gr\u00fcn wechselte, fuhr er los. Mutma\u00dflich im selben Moment betrat der 84-J\u00e4hrige die Fahrbahn, um die Besigheimer Stra\u00dfe in Richtung Hofener Stra\u00dfe zu queren. Einen Fu\u00dfg\u00e4nger\u00fcberweg gibt es an dieser Stelle nicht. Der LKW erfasste den Senior in der Folge und schleifte ihn wenige Meter mit.<br \/>\nDer 84-J\u00e4hrige erlitt dabei schwerste Verletzungen, denen er trotz sofort eingeleiteter Erste-Hilfe-Ma\u00dfnahmen noch an der Unfallstelle erlag.<br \/>\nNeben Polizei und Rettungsdienst war auch die Feuerwehr im Einsatz.<\/p>\n<p style=\"text-align: justify;\"><strong>Ludwigsburg: 24-J\u00e4hriger nach versuchtem T\u00f6tungsdelikt in Untersuchungshaft<\/strong><br \/>\nWegen des Verdachts des versuchten Totschlags befindet sich ein 24 Jahre alter Mann seit Freitag (26.09.2025) in Untersuchungshaft.<br \/>\nDer 24-J\u00e4hrige soll in der Nacht zum Freitag gegen 00.30 Uhr gemeinsam mit einem weiteren T\u00e4ter zun\u00e4chst gewaltsam in ein Mehrfamilienhaus im Ludwigsburger Stadtteil Neckarweihingen eingedrungen sein. Anschlie\u00dfend sollen die beiden in die Wohnung eines 34-J\u00e4hrigen sowie dessen Schlafzimmer gest\u00fcrmt sein. Dort sollen die beiden den 34-J\u00e4hrigen mutma\u00dflich mit einem Messer verletzt haben, ehe sie die Flucht ergriffen. Auch ein Mitbewohner des Gesch\u00e4digten wurde mutma\u00dflich durch Schl\u00e4ge leicht verletzt. Der 34-J\u00e4hrige erlitt lebensgef\u00e4hrliche Verletzungen und wurde vom Rettungsdienst in ein Krankenhaus gebracht.<br \/>\nDer 24 Jahre alte Tatverd\u00e4chtige konnte im Zuge polizeilicher Fahndungsma\u00dfnahmen vorl\u00e4ufig festgenommen werden. Nach dem zweiten T\u00e4ter wird derzeit noch gefahndet.<br \/>\nHintergrund der Tat d\u00fcrften pers\u00f6nliche Streitigkeiten gewesen sein. Bereits am Vortag soll es zwischen dem Tatverd\u00e4chtigen und dem Opfer ebenfalls in Neckarweihingen zu einer handgreiflichen Auseinandersetzung gekommen sein, bei welcher der 24-J\u00e4hrige Stichverletzungen mutma\u00dflich durch einen scharfen Gegenstand erlitten hatte.<br \/>\nAuf Antrag der Staatsanwaltschaft Stuttgart wurde der 24-J\u00e4hrige mit deutscher Staatsb\u00fcrgerschaft noch am Freitag (26.09.2025) einem Haftrichter am Amtsgericht Stuttgart vorgef\u00fchrt. Dieser erlie\u00df einen Haftbefehl wegen des dringenden Verdachts des versuchten Totschlags, setzte diesen in Vollzug und wies den jungen Mann in eine Justizvollzugsanstalt ein.<br \/>\nDie Kriminalpolizei des Polizeipr\u00e4sidiums Ludwigsburg hat die Ermittlungen aufgenommen, die derzeit noch andauern.<\/p>\n<hr \/>\n<p style=\"text-align: justify;\">\n","protected":false},"excerpt":{"rendered":"<p>Quelle: ots Markgr\u00f6ningen: Hoher Sachschaden nach Geb\u00e4udebrand Am Sonntagmorgen (05.10.2025) gegen 06:00 Uhr kam es aus bislang unbekannter Ursache zu einem Geb\u00e4udebrand an einem Einfamilienhaus im Veilchenweg in Markgr\u00f6ningen. Die Feuerwehr, die mit starken Kr\u00e4ften anr\u00fcckte, musste zur Brandbek\u00e4mpfung auch Teile des Daches abdecken. Das Feuer konnte erst gegen 09:00 Uhr vollst\u00e4ndig unter Kontrolle gebracht [&hellip;]<\/p>\n","protected":false},"author":4,"featured_media":172453,"comment_status":"closed","ping_status":"open","sticky":false,"template":"","format":"standard","meta":{"inline_featured_image":false,"_exactmetrics_skip_tracking":false,"_exactmetrics_sitenote_active":false,"_exactmetrics_sitenote_note":"","_exactmetrics_sitenote_category":0,"tdm_status":"","tdm_grid_status":"","footnotes":""},"categories":[4887],"tags":[8875,6,68,205,1625],"class_list":{"0":"post-178816","1":"post","2":"type-post","3":"status-publish","4":"format-standard","5":"has-post-thumbnail","7":"category-region-ludwigsburg","8":"tag-die-webzeitung","9":"tag-ludwigsburg","10":"tag-online-zeitung","11":"tag-polizei","12":"tag-report"},"image_feature":"https:\/\/die-webzeitung.de\/ludwigsburg\/wp-content\/uploads\/sites\/5\/2024\/02\/Polizei-Pix-scaled.jpg","author_name":"Redaktion","pure_taxonomies":{"categories":[{"term_id":4887,"name":"Polizei-Report Ludwigsburg","slug":"region-ludwigsburg","term_group":0,"term_taxonomy_id":4904,"taxonomy":"category","description":"Polizeiberichte aus der Region des Landkreises Ludwigsburg","parent":1619,"count":68,"filter":"raw","image":""}],"tags":[{"term_id":8875,"name":"Die-Webzeitung","slug":"die-webzeitung","term_group":0,"term_taxonomy_id":8876,"taxonomy":"post_tag","description":"","parent":0,"count":4257,"filter":"raw","image":""},{"term_id":6,"name":"Ludwigsburg","slug":"ludwigsburg","term_group":0,"term_taxonomy_id":6,"taxonomy":"post_tag","description":"","parent":0,"count":1353,"filter":"raw","image":""},{"term_id":68,"name":"Online-Zeitung","slug":"online-zeitung","term_group":0,"term_taxonomy_id":69,"taxonomy":"post_tag","description":"","parent":0,"count":4206,"filter":"raw","image":""},{"term_id":205,"name":"Polizei","slug":"polizei","term_group":0,"term_taxonomy_id":208,"taxonomy":"post_tag","description":"","parent":0,"count":186,"filter":"raw","image":""},{"term_id":1625,"name":"Report","slug":"report","term_group":0,"term_taxonomy_id":1634,"taxonomy":"post_tag","description":"","parent":0,"count":138,"filter":"raw","image":""}]},"_links":{"self":[{"href":"https:\/\/die-webzeitung.de\/ludwigsburg\/wp-json\/wp\/v2\/posts\/178816","targetHints":{"allow":["GET"]}}],"collection":[{"href":"https:\/\/die-webzeitung.de\/ludwigsburg\/wp-json\/wp\/v2\/posts"}],"about":[{"href":"https:\/\/die-webzeitung.de\/ludwigsburg\/wp-json\/wp\/v2\/types\/post"}],"author":[{"embeddable":true,"href":"https:\/\/die-webzeitung.de\/ludwigsburg\/wp-json\/wp\/v2\/users\/4"}],"replies":[{"embeddable":true,"href":"https:\/\/die-webzeitung.de\/ludwigsburg\/wp-json\/wp\/v2\/comments?post=178816"}],"version-history":[{"count":7,"href":"https:\/\/die-webzeitung.de\/ludwigsburg\/wp-json\/wp\/v2\/posts\/178816\/revisions"}],"predecessor-version":[{"id":178865,"href":"https:\/\/die-webzeitung.de\/ludwigsburg\/wp-json\/wp\/v2\/posts\/178816\/revisions\/178865"}],"wp:featuredmedia":[{"embeddable":true,"href":"https:\/\/die-webzeitung.de\/ludwigsburg\/wp-json\/wp\/v2\/media\/172453"}],"wp:attachment":[{"href":"https:\/\/die-webzeitung.de\/ludwigsburg\/wp-json\/wp\/v2\/media?parent=178816"}],"wp:term":[{"taxonomy":"category","embeddable":true,"href":"https:\/\/die-webzeitung.de\/ludwigsburg\/wp-json\/wp\/v2\/categories?post=178816"},{"taxonomy":"post_tag","embeddable":true,"href":"https:\/\/die-webzeitung.de\/ludwigsburg\/wp-json\/wp\/v2\/tags?post=178816"}],"curies":[{"name":"wp","href":"https:\/\/api.w.org\/{rel}","templated":true}]}}