{"id":178796,"date":"2025-09-26T09:10:47","date_gmt":"2025-09-26T08:10:47","guid":{"rendered":"https:\/\/die-webzeitung.de\/ludwigsburg\/?p=178796"},"modified":"2025-09-25T10:14:06","modified_gmt":"2025-09-25T09:14:06","slug":"zweite-ludwigsburg-umfrage-startet","status":"publish","type":"post","link":"https:\/\/die-webzeitung.de\/ludwigsburg\/2025\/09\/26\/zweite-ludwigsburg-umfrage-startet\/","title":{"rendered":"Zweite Ludwigsburg-Umfrage startet"},"content":{"rendered":"<p style=\"text-align: justify;\">LUDWIGSBURG.| Die Stadtverwaltung f\u00fchrt ab Montag, 29. September, zum zweiten Mal eine repr\u00e4sentative Umfrage in Ludwigsburg durch: Gemeinsam mit der Evangelischen Hochschule Ludwigsburg werden erneut etwa 10.000 Menschen, die in Ludwigsburg leben, zur Befragung eingeladen.<\/p>\n<p style=\"text-align: justify;\">Mit dieser Umfrage sollen wieder die Lebensbedingungen und Sichtweisen der Ludwigsburger*innen erhoben und wissenschaftlich untersucht werden. Dabei interessiert sich die Stadt f\u00fcr subjektive Einsch\u00e4tzungen und Bewertungen der Befragten, dieses Mal zu den Themenbereichen Lebenszufriedenheit, kulturelles Leben und Begegnungsorte sowie Bewegung und Sport in Ludwigsburg.<\/p>\n<p style=\"text-align: justify;\"><strong>Beteiligung der Menschen in ihrer Stadt<\/strong><\/p>\n<p style=\"text-align: justify;\">Mit der Umfrage will die Verwaltung die Menschen an den Entwicklungen ihrer Stadt beteiligen. Die Ergebnisse der repr\u00e4sentativen Umfrage sollen sp\u00e4ter Politik und Verwaltung als Informationsgrundlage f\u00fcr Planungen und Entscheidungen dienen.<\/p>\n<p style=\"text-align: justify;\">Die Ludwigsburg-Umfrage ist ein Projekt der Stadt Ludwigsburg in Kooperation mit der Evangelischen Hochschule Ludwigsburg. Bei der Hochschule ist das Institut f\u00fcr Angewandte Forschung f\u00fcr die Durchf\u00fchrung und die Auswertung der Umfrage verantwortlich. Im Jahr 2022 fand die erste Befragung statt, damals unter dem Namen \u201eB\u00fcrgerumfrage\u201c.<\/p>\n<p style=\"text-align: justify;\"><strong>Zuf\u00e4llig ausgew\u00e4hlte Menschen<\/strong><\/p>\n<p style=\"text-align: justify;\">Zur Zielgruppe geh\u00f6ren alle Personen ab 16 Jahren mit Erstwohnsitz in Ludwigsburg. Da wegen der gro\u00dfen Zahl nicht alle davon befragt werden k\u00f6nnen, werden etwa 10.000 Personen aus dem Einwohnermelderegister zuf\u00e4llig ausgew\u00e4hlt. Diese Zufallsstichprobe ist die Grundlage f\u00fcr die Ludwigsburg-Umfrage. Es kann dadurch vorkommen, dass Personen, die bereits bei der ersten Befragung angeschrieben wurden, auch jetzt wieder eingeladen werden. Dies ist m\u00f6glich, da es sich um eine Zufallsstichprobe handelt, und da zudem aus Datenschutzgr\u00fcnden keine Informationen mehr \u00fcber die Eingeladenen der ersten B\u00fcrgerbefragung vorliegen.<\/p>\n<p style=\"text-align: justify;\">Durch die Ergebnisse erh\u00e4lt die Stadtverwaltung ein aktuelles Meinungsbild aus der Stadtgesellschaft. Die Teilnahme an der Befragung ist freiwillig. Damit die Ergebnisse m\u00f6glichst aussagekr\u00e4ftig und repr\u00e4sentativ sind, kommt es auf alle angeschriebenen Personen an, erkl\u00e4rt Oberb\u00fcrgermeister Dr. Matthias Knecht: \u201eJede einzelne Antwort ist wichtig und kann dazu beitragen, Politik und Verwaltung notwendige Informationen \u00fcber B\u00fcrgermeinungen zu liefern und damit in der Folge die Lebensbedingungen in Ludwigsburg entsprechend zu verbessern.\u201c<\/p>\n<p style=\"text-align: justify;\"><strong>Teilnehmende werden per Post zur Online-Umfrage eingeladen<\/strong><\/p>\n<p style=\"text-align: justify;\">Alle die zuf\u00e4llig ausgew\u00e4hlt wurden, erhalten ein Einladungsschreiben mit dem Link zum Fragebogen und ihrer pers\u00f6nlichen Befragungsnummer, mit der sie sich dann anmelden k\u00f6nnen. Die Online-Umfrage kann an Smartphones, Tablets, Laptops und PCs ausgef\u00fcllt werden und dauert etwa 15 bis 20 Minuten. Die Angaben sind dabei gesch\u00fctzt: Anschrift und Antworten werden getrennt abgespeichert, so dass keine R\u00fcckschl\u00fcsse auf Personen m\u00f6glich sind und die Anonymit\u00e4t gew\u00e4hrleistet bleibt.<\/p>\n<p style=\"text-align: justify;\">Die Ergebnisse der Befragung werden im Fr\u00fchjahr 2026 auf \u201eMeinLB\u201c, der Beteiligungsplattform f\u00fcr Ludwigsburg, zur Verf\u00fcgung gestellt. Dabei werden nur die Gesamtergebnisse und Ergebnisse von Bev\u00f6lkerungsgruppen ver\u00f6ffentlicht, etwa f\u00fcr Frauen und M\u00e4nner. Weitere Fragen k\u00f6nnen an die Statistikstelle der Stadt gerichtet werden, telefonisch unter der Nummer 07141 910-3638 oder an die E-Mail <a href=\"mailto:umfragen@ludwigsburg.de\">umfragen@ludwigsburg.de<\/a>. Mehr Informationen zur Umfrage und zur Teilnahme gibt es auch direkt auf MeinLB unter <a href=\"http:\/\/www.meinlb.de\/umfrage25\" data-saferedirecturl=\"https:\/\/www.google.com\/url?q=http:\/\/www.meinlb.de\/umfrage25&amp;source=gmail&amp;ust=1758876683212000&amp;usg=AOvVaw1s2EEUx0k7Z97RyZoqr5Er\">www.meinlb.de\/umfrage25<\/a>.<\/p>\n<hr \/>\n<p style=\"text-align: justify;\">\n","protected":false},"excerpt":{"rendered":"<p>LUDWIGSBURG.| Die Stadtverwaltung f\u00fchrt ab Montag, 29. September, zum zweiten Mal eine repr\u00e4sentative Umfrage in Ludwigsburg durch: Gemeinsam mit der Evangelischen Hochschule Ludwigsburg werden erneut etwa 10.000 Menschen, die in Ludwigsburg leben, zur Befragung eingeladen. Mit dieser Umfrage sollen wieder die Lebensbedingungen und Sichtweisen der Ludwigsburger*innen erhoben und wissenschaftlich untersucht werden. Dabei interessiert sich die [&hellip;]<\/p>\n","protected":false},"author":4,"featured_media":178797,"comment_status":"closed","ping_status":"open","sticky":false,"template":"","format":"standard","meta":{"inline_featured_image":false,"_exactmetrics_skip_tracking":false,"_exactmetrics_sitenote_active":false,"_exactmetrics_sitenote_note":"","_exactmetrics_sitenote_category":0,"tdm_status":"","tdm_grid_status":"","footnotes":""},"categories":[67],"tags":[8875,6,68,3266],"class_list":{"0":"post-178796","1":"post","2":"type-post","3":"status-publish","4":"format-standard","5":"has-post-thumbnail","7":"category-ludwigsburg-lokal","8":"tag-die-webzeitung","9":"tag-ludwigsburg","10":"tag-online-zeitung","11":"tag-umfrage"},"image_feature":"https:\/\/die-webzeitung.de\/ludwigsburg\/wp-content\/uploads\/sites\/5\/2025\/09\/ai-generated-8701387_1280-scaled.png","author_name":"Redaktion","pure_taxonomies":{"categories":[{"term_id":67,"name":"Ludwigsburg","slug":"ludwigsburg-lokal","term_group":0,"term_taxonomy_id":68,"taxonomy":"category","description":"","parent":1433,"count":653,"filter":"raw","image":""}],"tags":[{"term_id":8875,"name":"Die-Webzeitung","slug":"die-webzeitung","term_group":0,"term_taxonomy_id":8876,"taxonomy":"post_tag","description":"","parent":0,"count":4255,"filter":"raw","image":""},{"term_id":6,"name":"Ludwigsburg","slug":"ludwigsburg","term_group":0,"term_taxonomy_id":6,"taxonomy":"post_tag","description":"","parent":0,"count":1352,"filter":"raw","image":""},{"term_id":68,"name":"Online-Zeitung","slug":"online-zeitung","term_group":0,"term_taxonomy_id":69,"taxonomy":"post_tag","description":"","parent":0,"count":4204,"filter":"raw","image":""},{"term_id":3266,"name":"Umfrage","slug":"umfrage","term_group":0,"term_taxonomy_id":3279,"taxonomy":"post_tag","description":"","parent":0,"count":3,"filter":"raw","image":""}]},"_links":{"self":[{"href":"https:\/\/die-webzeitung.de\/ludwigsburg\/wp-json\/wp\/v2\/posts\/178796","targetHints":{"allow":["GET"]}}],"collection":[{"href":"https:\/\/die-webzeitung.de\/ludwigsburg\/wp-json\/wp\/v2\/posts"}],"about":[{"href":"https:\/\/die-webzeitung.de\/ludwigsburg\/wp-json\/wp\/v2\/types\/post"}],"author":[{"embeddable":true,"href":"https:\/\/die-webzeitung.de\/ludwigsburg\/wp-json\/wp\/v2\/users\/4"}],"replies":[{"embeddable":true,"href":"https:\/\/die-webzeitung.de\/ludwigsburg\/wp-json\/wp\/v2\/comments?post=178796"}],"version-history":[{"count":2,"href":"https:\/\/die-webzeitung.de\/ludwigsburg\/wp-json\/wp\/v2\/posts\/178796\/revisions"}],"predecessor-version":[{"id":178799,"href":"https:\/\/die-webzeitung.de\/ludwigsburg\/wp-json\/wp\/v2\/posts\/178796\/revisions\/178799"}],"wp:featuredmedia":[{"embeddable":true,"href":"https:\/\/die-webzeitung.de\/ludwigsburg\/wp-json\/wp\/v2\/media\/178797"}],"wp:attachment":[{"href":"https:\/\/die-webzeitung.de\/ludwigsburg\/wp-json\/wp\/v2\/media?parent=178796"}],"wp:term":[{"taxonomy":"category","embeddable":true,"href":"https:\/\/die-webzeitung.de\/ludwigsburg\/wp-json\/wp\/v2\/categories?post=178796"},{"taxonomy":"post_tag","embeddable":true,"href":"https:\/\/die-webzeitung.de\/ludwigsburg\/wp-json\/wp\/v2\/tags?post=178796"}],"curies":[{"name":"wp","href":"https:\/\/api.w.org\/{rel}","templated":true}]}}