{"id":178719,"date":"2025-09-17T11:07:40","date_gmt":"2025-09-17T10:07:40","guid":{"rendered":"https:\/\/die-webzeitung.de\/ludwigsburg\/?p=178719"},"modified":"2025-09-17T11:07:40","modified_gmt":"2025-09-17T10:07:40","slug":"familie-festgenommen","status":"publish","type":"post","link":"https:\/\/die-webzeitung.de\/ludwigsburg\/2025\/09\/17\/familie-festgenommen\/","title":{"rendered":"Familie festgenommen"},"content":{"rendered":"<h4 style=\"text-align: justify;\"><strong>Bundespolizei stellt gef\u00e4lschte Dokumente am Flughafen Stuttgart sicher<\/strong><\/h4>\n<p style=\"text-align: justify;\">FLUGHAFEN STUTTGART.| Am Montagmorgen (15.09.2025) f\u00fchrten Beamte der Bundespolizei im Rahmen der Luftsicherheitskontrolle eine Personenkontrolle einer f\u00fcnfk\u00f6pfigen Familie durch. Anlass war der Fund mehrerer Messer im Handgep\u00e4ck.<\/p>\n<p style=\"text-align: justify;\">Bei der Kontrolle der vorgelegten spanischen Reisep\u00e4sse ergab sich der Verdacht der Urkundenf\u00e4lschung. Im Zuge weiterf\u00fchrender Ermittlungen konnten vermutlich ebenfalls gef\u00e4lschte afghanische Dokumente sichergestellt werden, die Hinweise auf eine afghanische Staatsangeh\u00f6rigkeit der Familie geben sollten.<\/p>\n<p style=\"text-align: justify;\">Weitere Ermittlungen und Recherchen in verschiedenen Datenbanken brachten letztendlich die indische Staatsangeh\u00f6rigkeit aller Familienmitglieder zu Tage.<\/p>\n<p style=\"text-align: justify;\">Hinweise zur Motivlage der beabsichtigten Ausreise, sowie der Nutzung der gef\u00e4lschten Dokumente konnten bislang nicht gewonnen werden.<\/p>\n<p style=\"text-align: justify;\">Auf Antrag der Staatsanwaltschaft Stuttgart wurde die Familie am Folgetag einem Haftrichter vorgef\u00fchrt. Vier Familienmitglieder wurden anschlie\u00dfend in die Justizvollzugsanstalt eingeliefert. Das j\u00fcngste, noch minderj\u00e4hrige Kind wurde in die Obhut des zust\u00e4ndigen Jugendamtes \u00fcbergeben.<\/p>\n<hr \/>\n<p style=\"text-align: justify;\">\n","protected":false},"excerpt":{"rendered":"<p>Bundespolizei stellt gef\u00e4lschte Dokumente am Flughafen Stuttgart sicher FLUGHAFEN STUTTGART.| Am Montagmorgen (15.09.2025) f\u00fchrten Beamte der Bundespolizei im Rahmen der Luftsicherheitskontrolle eine Personenkontrolle einer f\u00fcnfk\u00f6pfigen Familie durch. Anlass war der Fund mehrerer Messer im Handgep\u00e4ck. Bei der Kontrolle der vorgelegten spanischen Reisep\u00e4sse ergab sich der Verdacht der Urkundenf\u00e4lschung. Im Zuge weiterf\u00fchrender Ermittlungen konnten vermutlich ebenfalls [&hellip;]<\/p>\n","protected":false},"author":4,"featured_media":171580,"comment_status":"closed","ping_status":"open","sticky":false,"template":"","format":"standard","meta":{"inline_featured_image":false,"_exactmetrics_skip_tracking":false,"_exactmetrics_sitenote_active":false,"_exactmetrics_sitenote_note":"","_exactmetrics_sitenote_category":0,"tdm_status":"","tdm_grid_status":"","footnotes":""},"categories":[59,2402],"tags":[11117,8875,3452,68,275],"class_list":{"0":"post-178719","1":"post","2":"type-post","3":"status-publish","4":"format-standard","5":"has-post-thumbnail","7":"category-aktuell","8":"category-baden-wuerttemberg","9":"tag-bundespolizei","10":"tag-die-webzeitung","11":"tag-flughafen","12":"tag-online-zeitung","13":"tag-stuttgart"},"image_feature":"https:\/\/die-webzeitung.de\/ludwigsburg\/wp-content\/uploads\/sites\/5\/2023\/11\/police-378255_1280-scaled.jpg","author_name":"Redaktion","pure_taxonomies":{"categories":[{"term_id":59,"name":"Aktuell","slug":"aktuell","term_group":0,"term_taxonomy_id":60,"taxonomy":"category","description":"","parent":0,"count":1175,"filter":"raw","image":""},{"term_id":2402,"name":"Baden-W\u00fcrttemberg","slug":"baden-wuerttemberg","term_group":0,"term_taxonomy_id":2414,"taxonomy":"category","description":"","parent":171,"count":248,"filter":"raw","image":""}],"tags":[{"term_id":11117,"name":"Bundespolizei","slug":"bundespolizei","term_group":0,"term_taxonomy_id":11118,"taxonomy":"post_tag","description":"","parent":0,"count":1,"filter":"raw","image":""},{"term_id":8875,"name":"Die-Webzeitung","slug":"die-webzeitung","term_group":0,"term_taxonomy_id":8876,"taxonomy":"post_tag","description":"","parent":0,"count":4249,"filter":"raw","image":""},{"term_id":3452,"name":"Flughafen","slug":"flughafen","term_group":0,"term_taxonomy_id":3465,"taxonomy":"post_tag","description":"","parent":0,"count":8,"filter":"raw","image":""},{"term_id":68,"name":"Online-Zeitung","slug":"online-zeitung","term_group":0,"term_taxonomy_id":69,"taxonomy":"post_tag","description":"","parent":0,"count":4198,"filter":"raw","image":""},{"term_id":275,"name":"Stuttgart","slug":"stuttgart","term_group":0,"term_taxonomy_id":281,"taxonomy":"post_tag","description":"","parent":0,"count":195,"filter":"raw","image":""}]},"_links":{"self":[{"href":"https:\/\/die-webzeitung.de\/ludwigsburg\/wp-json\/wp\/v2\/posts\/178719","targetHints":{"allow":["GET"]}}],"collection":[{"href":"https:\/\/die-webzeitung.de\/ludwigsburg\/wp-json\/wp\/v2\/posts"}],"about":[{"href":"https:\/\/die-webzeitung.de\/ludwigsburg\/wp-json\/wp\/v2\/types\/post"}],"author":[{"embeddable":true,"href":"https:\/\/die-webzeitung.de\/ludwigsburg\/wp-json\/wp\/v2\/users\/4"}],"replies":[{"embeddable":true,"href":"https:\/\/die-webzeitung.de\/ludwigsburg\/wp-json\/wp\/v2\/comments?post=178719"}],"version-history":[{"count":1,"href":"https:\/\/die-webzeitung.de\/ludwigsburg\/wp-json\/wp\/v2\/posts\/178719\/revisions"}],"predecessor-version":[{"id":178720,"href":"https:\/\/die-webzeitung.de\/ludwigsburg\/wp-json\/wp\/v2\/posts\/178719\/revisions\/178720"}],"wp:featuredmedia":[{"embeddable":true,"href":"https:\/\/die-webzeitung.de\/ludwigsburg\/wp-json\/wp\/v2\/media\/171580"}],"wp:attachment":[{"href":"https:\/\/die-webzeitung.de\/ludwigsburg\/wp-json\/wp\/v2\/media?parent=178719"}],"wp:term":[{"taxonomy":"category","embeddable":true,"href":"https:\/\/die-webzeitung.de\/ludwigsburg\/wp-json\/wp\/v2\/categories?post=178719"},{"taxonomy":"post_tag","embeddable":true,"href":"https:\/\/die-webzeitung.de\/ludwigsburg\/wp-json\/wp\/v2\/tags?post=178719"}],"curies":[{"name":"wp","href":"https:\/\/api.w.org\/{rel}","templated":true}]}}