{"id":178649,"date":"2025-09-12T10:01:20","date_gmt":"2025-09-12T09:01:20","guid":{"rendered":"https:\/\/die-webzeitung.de\/ludwigsburg\/?p=178649"},"modified":"2025-09-12T10:01:20","modified_gmt":"2025-09-12T09:01:20","slug":"ausbildungsstart-ww-gruppe-bei-jungen-menschen-hoch-attraktiv","status":"publish","type":"post","link":"https:\/\/die-webzeitung.de\/ludwigsburg\/2025\/09\/12\/ausbildungsstart-ww-gruppe-bei-jungen-menschen-hoch-attraktiv\/","title":{"rendered":"Ausbildungsstart: W&#038;W-Gruppe bei jungen Menschen hoch attraktiv"},"content":{"rendered":"<p style=\"text-align: justify;\"><strong>187 junge Frauen und M\u00e4nner haben dieser Tage ihre Ausbildung oder ihr duales Studium am Campus der W\u00fcstenrot &amp; W\u00fcrttembergische-Gruppe (W&amp;W) begonnen. Der Vorsorgekonzern ist als attraktiver und zukunftsorientierter Arbeitgeber weithin bekannt. <\/strong><\/p>\n<p style=\"text-align: justify;\">KORNWESTHEIM.| Die Nachwuchskr\u00e4fte starten in 16 verschiedenen Berufsbildern \u2013 von kaufm\u00e4nnischen Ausbildungen \u00fcber IT- und Management-Studieng\u00e4nge bis hin zu T\u00e4tigkeiten im Innen- und Au\u00dfendienst. Somit sind derzeit weit \u00fcber 350 junge Menschen in Ausbildung und dualem Studium bei der W&amp;W-Gruppe besch\u00e4ftigt. Der Kornwestheimer Finanzdienstleister sichert sich so gezielt qualifizierten Nachwuchs aus den eigenen Reihen.<\/p>\n<p style=\"text-align: justify;\">W&amp;W-CEO J\u00fcrgen A. Junker: \u201eIn wirtschaftlich herausfordernden Zeiten wie diesen, stehen wir f\u00fcr Sicherheit und Best\u00e4ndigkeit sowie zugleich f\u00fcr Innovation und Modernit\u00e4t \u2013 mit der Entscheidung f\u00fcr uns haben sich die jungen Frauen und M\u00e4nner f\u00fcr ein Unternehmen mit Zukunft entschieden.\u201c<\/p>\n<p style=\"text-align: justify;\">Die 187 neuen Mitarbeiterinnen und Mitarbeiter haben sich im Auswahlprozess gegen rund 2.000 Mitbewerberinnen und -bewerber durchgesetzt. Das hohe Interesse an einem Studien- beziehungsweise Ausbildungsplatz bei der W&amp;W-Gruppe erkl\u00e4rt sich W&amp;W-Personalchefin Eva-Miriam B\u00f6ttcher auch mit dem sehr guten Ruf der Gruppe als Ausbildungsbetrieb. B\u00f6ttcher: \u201eUnter den Versicherern sind wir deutschlandweit unter den f\u00fcnf besten Ausbildungsbetrieben.\u201c<\/p>\n<p style=\"text-align: justify;\">Der Campus in Kornwestheim zeichnet sich durch hoch moderne Arbeitspl\u00e4tze f\u00fcr rund 6.000 Mitarbeiterinnen und Mitarbeiter aus. Au\u00dferdem bietet er ein breites Angebot an Tagungs- und Besprechungsbereichen sowie Gastronomie- und Gesundheitsangeboten. Damit bietet die W&amp;W-Gruppe einen Ort, an dem sich junge Talente entwickeln und die Zukunft des Unternehmens aktiv mitgestalten k\u00f6nnen.<\/p>\n<hr \/>\n<p style=\"text-align: justify;\">\n","protected":false},"excerpt":{"rendered":"<p>187 junge Frauen und M\u00e4nner haben dieser Tage ihre Ausbildung oder ihr duales Studium am Campus der W\u00fcstenrot &amp; W\u00fcrttembergische-Gruppe (W&amp;W) begonnen. Der Vorsorgekonzern ist als attraktiver und zukunftsorientierter Arbeitgeber weithin bekannt. KORNWESTHEIM.| Die Nachwuchskr\u00e4fte starten in 16 verschiedenen Berufsbildern \u2013 von kaufm\u00e4nnischen Ausbildungen \u00fcber IT- und Management-Studieng\u00e4nge bis hin zu T\u00e4tigkeiten im Innen- und [&hellip;]<\/p>\n","protected":false},"author":4,"featured_media":0,"comment_status":"closed","ping_status":"open","sticky":false,"template":"","format":"standard","meta":{"inline_featured_image":false,"_exactmetrics_skip_tracking":false,"_exactmetrics_sitenote_active":false,"_exactmetrics_sitenote_note":"","_exactmetrics_sitenote_category":0,"tdm_status":"","tdm_grid_status":"","footnotes":""},"categories":[479],"tags":[1848,90,8875,68,1442],"class_list":{"0":"post-178649","1":"post","2":"type-post","3":"status-publish","4":"format-standard","6":"category-wirtschaft","7":"tag-ausbildung","8":"tag-azubi","9":"tag-die-webzeitung","10":"tag-online-zeitung","11":"tag-ww"},"image_feature":null,"author_name":"Redaktion","pure_taxonomies":{"categories":[{"term_id":479,"name":"Wirtschaft","slug":"wirtschaft","term_group":0,"term_taxonomy_id":1941,"taxonomy":"category","description":"","parent":0,"count":391,"filter":"raw","image":""}],"tags":[{"term_id":1848,"name":"Ausbildung","slug":"ausbildung","term_group":0,"term_taxonomy_id":1857,"taxonomy":"post_tag","description":"","parent":0,"count":22,"filter":"raw","image":""},{"term_id":90,"name":"Azubi","slug":"azubi","term_group":0,"term_taxonomy_id":91,"taxonomy":"post_tag","description":"","parent":0,"count":9,"filter":"raw","image":""},{"term_id":8875,"name":"Die-Webzeitung","slug":"die-webzeitung","term_group":0,"term_taxonomy_id":8876,"taxonomy":"post_tag","description":"","parent":0,"count":4249,"filter":"raw","image":""},{"term_id":68,"name":"Online-Zeitung","slug":"online-zeitung","term_group":0,"term_taxonomy_id":69,"taxonomy":"post_tag","description":"","parent":0,"count":4198,"filter":"raw","image":""},{"term_id":1442,"name":"W&amp;W","slug":"ww","term_group":0,"term_taxonomy_id":1451,"taxonomy":"post_tag","description":"","parent":0,"count":85,"filter":"raw","image":""}]},"_links":{"self":[{"href":"https:\/\/die-webzeitung.de\/ludwigsburg\/wp-json\/wp\/v2\/posts\/178649","targetHints":{"allow":["GET"]}}],"collection":[{"href":"https:\/\/die-webzeitung.de\/ludwigsburg\/wp-json\/wp\/v2\/posts"}],"about":[{"href":"https:\/\/die-webzeitung.de\/ludwigsburg\/wp-json\/wp\/v2\/types\/post"}],"author":[{"embeddable":true,"href":"https:\/\/die-webzeitung.de\/ludwigsburg\/wp-json\/wp\/v2\/users\/4"}],"replies":[{"embeddable":true,"href":"https:\/\/die-webzeitung.de\/ludwigsburg\/wp-json\/wp\/v2\/comments?post=178649"}],"version-history":[{"count":1,"href":"https:\/\/die-webzeitung.de\/ludwigsburg\/wp-json\/wp\/v2\/posts\/178649\/revisions"}],"predecessor-version":[{"id":178650,"href":"https:\/\/die-webzeitung.de\/ludwigsburg\/wp-json\/wp\/v2\/posts\/178649\/revisions\/178650"}],"wp:attachment":[{"href":"https:\/\/die-webzeitung.de\/ludwigsburg\/wp-json\/wp\/v2\/media?parent=178649"}],"wp:term":[{"taxonomy":"category","embeddable":true,"href":"https:\/\/die-webzeitung.de\/ludwigsburg\/wp-json\/wp\/v2\/categories?post=178649"},{"taxonomy":"post_tag","embeddable":true,"href":"https:\/\/die-webzeitung.de\/ludwigsburg\/wp-json\/wp\/v2\/tags?post=178649"}],"curies":[{"name":"wp","href":"https:\/\/api.w.org\/{rel}","templated":true}]}}