{"id":178566,"date":"2025-09-07T15:45:41","date_gmt":"2025-09-07T14:45:41","guid":{"rendered":"https:\/\/die-webzeitung.de\/ludwigsburg\/?p=178566"},"modified":"2025-12-05T11:30:19","modified_gmt":"2025-12-05T10:30:19","slug":"herbstausflug-der-hochdorfer-jedermaenner","status":"publish","type":"post","link":"https:\/\/die-webzeitung.de\/ludwigsburg\/2025\/09\/07\/herbstausflug-der-hochdorfer-jedermaenner\/","title":{"rendered":"Herbstausflug der Hochdorfer Jederm\u00e4nner"},"content":{"rendered":"<h4 style=\"text-align: justify;\"><strong>Fachwerkstadt Eppingen als Drehscheibe<\/strong><\/h4>\n<p style=\"text-align: justify;\">REMSECK.| 10 Jederm\u00e4nner des SGV Hochdorf starteten ab Hochdorf zu einer interessanten 4-t\u00e4gigen Pedelec-Reise \u00fcber rd. 250 km. Von Hochdorf ging es vorbei an den Rebh\u00e4ngen des Neckartales durch das \u201e3B-Land\u201c ins idyllische Zaberg\u00e4u. Von dort in die Kraichgaustadt Eppingen. Die Tagestouren reichten zwischen 50-70 km.<\/p>\n<p style=\"text-align: justify;\">Der Wetterbericht verhie\u00df nichts Gutes f\u00fcr die 4 Tage. Regen, Hagel, Gewitter, alles war dabei. Wie hei\u00dft es so sch\u00f6n? \u201eWenn Engel reisen\u201c. Nichts von dem war nahezu \u00fcber 4 Tage zu sehen. \u00dcber Hochdorf, Marbach, Mundelsheim, Besigheim, B\u00f6nnigheim und Zaberfeld wurde nach einem kurzen Aufstieg \u00fcber Ochsenburg das \u201eBasislager\u201c in Eppingen, das Altstadthotel \u201eWilde Rose\u201c erreicht. Der Abend schloss mit ersten Erkundungen in Eppingen sowie einem guten Essen im \u201eHelget\u2018s\u201c.<\/p>\n<p style=\"text-align: justify;\">Tag 2 war Bruchsal-Tag, Ziel war das Schlo\u00df, eine barocke Dreifl\u00fcgelanlage des bekannten Architekten Balthasar Neumann. Der Tag schlo\u00df mit einer 2-st\u00fcndigen Stadtf\u00fchrung in Eppingen, die viele neue Infos \u00fcber verschiedene Fachwerkstile sowie die Geschichte einiger Fachwerkh\u00e4user und ihrer Bewohner brachte.<\/p>\n<p style=\"text-align: justify;\">Tag 3 ging es \u00fcber Schwaigern zur Heuchelberger Warte. Tolle Eindr\u00fccke vom Land der 1000 H\u00fcgel, wie das Kraichgau auch genannt wird. Beim gemeinsamen Abendessen im Biergarten des \u201eWirtskeller St. Georg\u201c\u201c klang der Tag aus.<\/p>\n<p style=\"text-align: justify;\">Am Schlusstag das obligatorische \u201eMannschaftsfoto\u201c, dieses Mal auf dem Marktplatz vor dem Rathaus. Danach ging es mit einem kurzen Abstecher an die Ehmetsklinge am Hang des Strombergs zur\u00fcck nach Hochdorf. Zwischen Mundelsheim und Marbach mussten die Regenjacken angezogen werden. Bedenkt man die Vorhersage, ein Klacks.<\/p>\n<p style=\"text-align: justify;\">Die Reise schloss mit einem gemeinsamen Abend in der heimischen \u201eSonne\u201c ab. Danke an Waldemar Benz und Wolf Haupt, die wiederum eine sch\u00f6ne Tour zusammengestellt und geplant haben.<\/p>\n<hr \/>\n<p style=\"text-align: justify;\">\n","protected":false},"excerpt":{"rendered":"<p>Fachwerkstadt Eppingen als Drehscheibe REMSECK.| 10 Jederm\u00e4nner des SGV Hochdorf starteten ab Hochdorf zu einer interessanten 4-t\u00e4gigen Pedelec-Reise \u00fcber rd. 250 km. Von Hochdorf ging es vorbei an den Rebh\u00e4ngen des Neckartales durch das \u201e3B-Land\u201c ins idyllische Zaberg\u00e4u. Von dort in die Kraichgaustadt Eppingen. Die Tagestouren reichten zwischen 50-70 km. Der Wetterbericht verhie\u00df nichts Gutes [&hellip;]<\/p>\n","protected":false},"author":4,"featured_media":0,"comment_status":"closed","ping_status":"open","sticky":false,"template":"","format":"standard","meta":{"inline_featured_image":false,"_exactmetrics_skip_tracking":false,"_exactmetrics_sitenote_active":false,"_exactmetrics_sitenote_note":"","_exactmetrics_sitenote_category":0,"tdm_status":"","tdm_grid_status":"","footnotes":""},"categories":[65],"tags":[8875,4766,12976,68,8333],"class_list":{"0":"post-178566","1":"post","2":"type-post","3":"status-publish","4":"format-standard","6":"category-kreis_ludwigsburg","7":"tag-die-webzeitung","8":"tag-hochdorf","9":"tag-jefermaenner","10":"tag-online-zeitung","11":"tag-remseck"},"image_feature":null,"author_name":"Redaktion","pure_taxonomies":{"categories":[{"term_id":65,"name":"Kreis Ludwigsburg","slug":"kreis_ludwigsburg","term_group":0,"term_taxonomy_id":66,"taxonomy":"category","description":"","parent":171,"count":631,"filter":"raw","image":""}],"tags":[{"term_id":8875,"name":"Die-Webzeitung","slug":"die-webzeitung","term_group":0,"term_taxonomy_id":8876,"taxonomy":"post_tag","description":"","parent":0,"count":4257,"filter":"raw","image":""},{"term_id":4766,"name":"Hochdorf","slug":"hochdorf","term_group":0,"term_taxonomy_id":4783,"taxonomy":"post_tag","description":"","parent":0,"count":4,"filter":"raw","image":""},{"term_id":12976,"name":"Jeferm\u00e4nner","slug":"jefermaenner","term_group":0,"term_taxonomy_id":12977,"taxonomy":"post_tag","description":"","parent":0,"count":1,"filter":"raw","image":""},{"term_id":68,"name":"Online-Zeitung","slug":"online-zeitung","term_group":0,"term_taxonomy_id":69,"taxonomy":"post_tag","description":"","parent":0,"count":4206,"filter":"raw","image":""},{"term_id":8333,"name":"Remseck","slug":"remseck","term_group":0,"term_taxonomy_id":1644,"taxonomy":"post_tag","description":"","parent":0,"count":14,"filter":"raw","image":""}]},"_links":{"self":[{"href":"https:\/\/die-webzeitung.de\/ludwigsburg\/wp-json\/wp\/v2\/posts\/178566","targetHints":{"allow":["GET"]}}],"collection":[{"href":"https:\/\/die-webzeitung.de\/ludwigsburg\/wp-json\/wp\/v2\/posts"}],"about":[{"href":"https:\/\/die-webzeitung.de\/ludwigsburg\/wp-json\/wp\/v2\/types\/post"}],"author":[{"embeddable":true,"href":"https:\/\/die-webzeitung.de\/ludwigsburg\/wp-json\/wp\/v2\/users\/4"}],"replies":[{"embeddable":true,"href":"https:\/\/die-webzeitung.de\/ludwigsburg\/wp-json\/wp\/v2\/comments?post=178566"}],"version-history":[{"count":1,"href":"https:\/\/die-webzeitung.de\/ludwigsburg\/wp-json\/wp\/v2\/posts\/178566\/revisions"}],"predecessor-version":[{"id":178567,"href":"https:\/\/die-webzeitung.de\/ludwigsburg\/wp-json\/wp\/v2\/posts\/178566\/revisions\/178567"}],"wp:attachment":[{"href":"https:\/\/die-webzeitung.de\/ludwigsburg\/wp-json\/wp\/v2\/media?parent=178566"}],"wp:term":[{"taxonomy":"category","embeddable":true,"href":"https:\/\/die-webzeitung.de\/ludwigsburg\/wp-json\/wp\/v2\/categories?post=178566"},{"taxonomy":"post_tag","embeddable":true,"href":"https:\/\/die-webzeitung.de\/ludwigsburg\/wp-json\/wp\/v2\/tags?post=178566"}],"curies":[{"name":"wp","href":"https:\/\/api.w.org\/{rel}","templated":true}]}}