{"id":178442,"date":"2025-08-25T11:16:10","date_gmt":"2025-08-25T10:16:10","guid":{"rendered":"https:\/\/die-webzeitung.de\/ludwigsburg\/?p=178442"},"modified":"2025-08-29T14:55:47","modified_gmt":"2025-08-29T13:55:47","slug":"polizei-report-kreis-ludwigsburg-woche-35-4","status":"publish","type":"post","link":"https:\/\/die-webzeitung.de\/ludwigsburg\/2025\/08\/25\/polizei-report-kreis-ludwigsburg-woche-35-4\/","title":{"rendered":"Polizei-Report Kreis Ludwigsburg | Woche 35"},"content":{"rendered":"<p><em>Quelle: ots<\/em><\/p>\n<p style=\"text-align: justify;\"><strong>Gemmrigheim: Radlader von Baustelle entwendet &#8211; Zeugen gesucht<\/strong><br \/>\nBislang noch unbekannte T\u00e4ter entwendeten zwischen Donnerstag (28.08.2025) 18:00 Uhr und Freitag (29.08.2025) 06:50 Uhr von einer Baustelle an der Einm\u00fcndung zur Kreisstra\u00dfe 1625 in Gemmrigheim einen Radlader. Der Radlader der Marke &#8220;Caterpillar&#8221; vom Typ &#8220;Cat 908&#8221; mitsamt angebrachter Gabeleinrichtung wurde am Abend verschlossen auf dem neu entstandenen Kreisverkehr im Bereich zur Kreisstra\u00dfe 1624 abgestellt. Mutma\u00dflich wurde das Fahrzeug von den T\u00e4tern in Richtung Parkplatz &#8220;Sch\u00f6ne Aussicht&#8221; gefahren und abtransportiert. Das Arbeitsger\u00e4t hatte einen Wert von rund 120.000 Euro. Zeugen, die sachdienliche Hinweise geben k\u00f6nnen, wenden sich bitte an die Kriminalpolizei des Polizeipr\u00e4sidiums Ludwigsburg unter Tel. 0800 1100225 oder per E-Mail an <a href=\"mailto:hinweise.kripo.ludwigsburg@polizei.bwl.de\" target=\"_blank\" rel=\"noopener\">hinweise.kripo.ludwigsburg@polizei.bwl.de<\/a>.<\/p>\n<p style=\"text-align: justify;\"><strong>Hemmingen: 38-j\u00e4hriger leistet Widerstand und verletzt Polizeibeamten<\/strong><br \/>\nMutma\u00dflich, da er sich in einem psychischen Ausnahmezustand befand, sorgte ein 38 Jahre alter Mann am Donnerstag (28.08.2025) gegen 14:35 Uhr f\u00fcr einen Polizeieinsatz in Hemmingen. \u00dcber Notruf meldet der Mann selbst, dass er in der Bahnhofstra\u00dfe sei und sofortige Hilfe ben\u00f6tige. Alarmierte Streifenwagenbesatzungen konnten den Mann vor Ort antreffen. Nach Abkl\u00e4rung der vorliegenden Gesamtumst\u00e4nde stellte sich heraus, dass sich der Mann mutma\u00dflich in einem psychischen Ausnahmezustand befand. Aus diesem Grund sollte er in eine psychiatrische Einrichtung gebracht werden. Auf diese Nachricht fl\u00fcchtete der Mann sofort und rante in ein Wohngebiet. Die Einsatzkr\u00e4fte verfolgten den Mann und konnten ihn nach kurzer Zeit einholen und vorl\u00e4ufig festnehmen. Hierbei widersetzte er sich und leistete Widerstand. Dabei wurde ein Polizeibeamter leicht verletzt. Zudem wurden dienstliche Gegenst\u00e4nde besch\u00e4digt. Der 38-J\u00e4hrige wurde anschlie\u00dfend in eine psychiatrische Einrichtung gebracht.<\/p>\n<p style=\"text-align: justify;\"><strong>Ludwigsburg: 15-J\u00e4hriger von Personengruppe mit Pfefferspray attackiert &#8211; Zeugen gesucht<\/strong><br \/>\nGleich mehrere Streifenwagenbesatzungen machen sich am Donnerstagabend (28.08.2025) auf den Weg in die Myliusstra\u00dfe nach Ludwigsburg, nachdem ein 15-J\u00e4hriger von einer vierk\u00f6pfigen Personengruppe mit einem Pfefferspray attackiert worden sein soll. Der Jugendlief lief mit einem Begleiter vom Bahnhof Ludwigsburg kommend die Myliusstra\u00dfe abw\u00e4rts in Richtung Innenstadt. Auf H\u00f6he eines Lebensmittelmarktes soll die vierk\u00f6pfige Personengruppe bereits auf den Jugendlichen gewartet haben. Nachdem der 15-J\u00e4hrige durch die Gruppe zun\u00e4chst verbal angegangen wurde, stie\u00df eine Person aus der Gruppe heraus das Opfer. Ein weiterer T\u00e4ter soll dann ein Pfefferspray gegen den 15-J\u00e4hrigen eingesetzt haben. Durch den freigesetzten Reizstoff erlitt der 15-J\u00e4hrige leichte Verletzungen. Das Opfer rannte daraufhin mit dessen Begleiter davon und verst\u00e4ndigte die Polizei. Zur Personengruppe ist lediglich bekannt, dass die Personen rund 16 bis 18 Jahre alt gewesen sein sollen. Der unbekannte T\u00e4ter, der das Pfefferspray eingesetzt hat, soll schwarze Haare gehabt haben. Er trug eine braune Schildm\u00fctze mit der Aufschrift &#8220;Gucci&#8221;, eine dunkle Jacke, schwarze Jeans und schwarze Schuhe und soll von muskul\u00f6ser Statur gewesen sein. Zeugen, die sachdienliche Hinweise geben k\u00f6nnen, wenden sich bitte an das Polizeirevier Ludwigsburg unter Tel. 07141 18-5353 oder per E-Mail an <a href=\"mailto:ludwigsburg.prev@polizei.bwl.de\" target=\"_blank\" rel=\"noopener\">ludwigsburg.prev@polizei.bwl.de<\/a>.<\/p>\n<p style=\"text-align: justify;\"><strong>Sachsenheim-Kleinsachsenheim: 36-J\u00e4hriger randaliert und beleidigt in Vorgarten<\/strong><br \/>\nGleich mehrfach bekamen es Polizeibeamtinnen und Polizeibeamte des Polizeireviers Vaihingen an der Enz in der Torstra\u00dfe in Kleinsachsenheim mit einem 36-j\u00e4hrigen Mann zu tun.<br \/>\nZun\u00e4chst meldeten am Dienstagabend (26.08.2025) gegen 20:50 Uhr Bewohner der Torstra\u00dfe, dass nach famili\u00e4ren Streitigkeiten ein Mann in einem Vorgarten randalieren solle und bereits einen Glaseinsatz einer Hauseingangst\u00fcre besch\u00e4digt habe. Alarmierte Einsatzkr\u00e4fte stellten anschlie\u00dfend den 36-J\u00e4hrigen vor Ort fest. Dieser zeigte sich gegen\u00fcber den Einsatzkr\u00e4ften verbal aggressiv. Zudem machte er einen sichtlich alkoholisierten Eindruck. Im Rahmen der weiteren Einsatzma\u00dfnahmen mussten dem Mann Handschlie\u00dfen angelegt werden, da er sich trotz mehrfachem guten Zureden nicht beruhigen lies und den polizeilichen Anweisungen keine Folge leistete. Zudem beleidigte er einen Polizeibeamten. Ein freiwillig durchgef\u00fchrter Atemalkoholtest ergab einen Wert von \u00fcber zwei Promille. Nach Abschluss der Ma\u00dfnahmen wurde der 36-J\u00e4hrige auf freien Fu\u00df entlassen und ihm wurde ein Platzverweis f\u00fcr die n\u00e4chsten 24 Stunden ausgesprochen.<br \/>\nAm n\u00e4chsten Mittwochmorgen (27.08.2025) gegen 06:50 Uhr wurden der Polizei erneut Streitigkeiten in der Torstra\u00dfe gemeldet. Auch hier trafen die Einsatzkr\u00e4fte erneut auf den 36-j\u00e4hrigen Mann. Wie schon am Vorabend zeigte sich der Mann wieder \u00e4u\u00dferst aggressiv und alkoholisiert. Nachdem er zudem gegen den ausgesprochenen Platzverweis versto\u00dfen hatte, musste er bis zum Abend in Polizeigewahrsam genommen werden. Ihn erwarten nun Strafanzeigen wegen Sachbesch\u00e4digung und Beleidigung.<\/p>\n<p style=\"text-align: justify;\"><strong>Vaihingen an der Enz-Kleinglattbach: Wiederholt geparkter Lkw besch\u00e4digt<\/strong><br \/>\nEine noch unbekannte Person besch\u00e4digte am Dienstag (26.08.2025) zwischen 05:30 Uhr und 16:45 Uhr einen in der Sersheimer Stra\u00dfe in Kleinglattbach geparkten Lkw der Marke MAN. Mit einem noch unbekannten spitzen Gegenstand zerstach der T\u00e4ter vier Reifen des Lkw und hinterlie\u00df einen dabei einen Sachschaden von rund 2.400 Euro.<br \/>\nBereits zwischen Freitag (22.08.2025) 17:00 Uhr und Montag (25.08.2025) 06:00 Uhr wurde an gleicher \u00d6rtlichkeit der linke Vorderreifen eines geparkten Volvo-Lkw besch\u00e4digt. Hier entstand ein Sachschaden von rund 600 Euro.<br \/>\nSachdienliche Hinweise nimmt das Polizeirevier Vaihingen an der Enz unter Tel. 07042 941-0 oder per Mail an <a href=\"mailto:vaihingen-enz.prev@polizei.bwl.de\" target=\"_blank\" rel=\"noopener\">vaihingen-enz.prev@polizei.bwl.de<\/a> entgegen.<\/p>\n<p style=\"text-align: justify;\"><strong>Markgr\u00f6ningen: Radfahrerin gest\u00fcrzt und schwer verletzt<br \/>\n<\/strong>Zu einem Verkehrsunfall mit einer schwer verletzten Radfahrerin kam es Montag (25.08.2025) gegen 12:15 Uhr im Bereich der Unterriexinger Stra\u00dfe in Markgr\u00f6ningen. Eine 55-j\u00e4hrige sowie eine 68-j\u00e4hrige Radfahrerin fuhren nebeneinander den parallel zur Unterriexinger Stra\u00dfe verlaufenden Feldweg in Richtung Unterriexingen. Mutma\u00dflich aufgrund eines Fahrfehlers der 55-J\u00e4hrigen verlor diese die Kontrolle \u00fcber ihr Zweirad und stie\u00df gegen das Gef\u00e4hrt der 68-J\u00e4hrigen. Folglich st\u00fcrzten beide Radfahrerinnen zu Boden. Die 68-J\u00e4hrige erlitt leichte Verletzungen, die 55-J\u00e4hrige wurde mit schweren Verletzungen in ein Krankenhaus gebracht. Es entstand Sachschaden von rund 500 Euro.<\/p>\n<p style=\"text-align: justify;\"><strong>Ingersheim: Eine schwerverletzte Person nach Verkehrsunfall mit fahrerlosem Lkw<br \/>\n<\/strong>Ein fahrerloser Lkw machte sich am Montag (25.08.2025) gegen 16:30 Uhr in der Hessigheimer Stra\u00dfe in Ingersheim selbst\u00e4ndig und stie\u00df gegen einen weiteren geparkten Lkw. Ein 50-J\u00e4hriger parkte seinen Lkw zun\u00e4chst am Fahrbahnrand ab und stieg aus. Dabei sicherte er das Fahrzeug mutma\u00dflich nicht ordnungsgem\u00e4\u00df, so dass der Lkw auf der absch\u00fcssigen Stra\u00dfe ins Rollen kam. Der 50-J\u00e4hriger versuchte noch den Lkw zu stoppen, geriet hierbei jedoch mit seinem Bein unter einen Reifen und erlitt schwere Verletzungen. Der Lkw prallte gegen einen weiteren geparkten Lkw, es entstand Sachschaden von rund 2.000 Euro. Der 50-j\u00e4hrige Mann kam mit dem Rettungsdienst in ein Krankenhaus.<\/p>\n<p style=\"text-align: justify;\"><strong>Renningen\/Korntal: Unbekannter fl\u00fcchtete vor Polizeikontrolle &#8211; Zeugen und Gesch\u00e4digte nach verbotenem Kraftfahrzeugrennen gesucht<\/strong><br \/>\nEine Zivilstreife des Polizeireviers Leonberg war am Samstagmorgen (23.08.2025) gegen 01:30 Uhr auf der Bundesstra\u00dfe 295 im Bereich Renningen unterwegs, als ihnen auf H\u00f6he &#8220;Ihinger Hof&#8221; ein VW Touran auffiel. Aus diesem Grund sollte der Fahrer des VW einer Verkehrskontrolle unterzogen werden. Nach der Ausfahrt &#8220;Naturtheater&#8221; wurden dem Fahrer Anhaltesignale gegeben und er sollte auf eine Parkbucht ausgeleitet werden. Hier beschleunigte der unbekannte Fahrzeuglenker sein Fahrzeug stark und versuchte sich mit deutlicher \u00fcberh\u00f6hter Geschwindigkeit der Kontrolle zu entziehen. Die Beamten nahmen die Verfolgung auf und folgte dem VW. Dieser fl\u00fcchtete zun\u00e4chst \u00fcber die B 295 in Richtung Autobahn 8, fuhr diese in Richtung Stuttgart auf, an der Anschlussstelle Leonberg-Ost wieder ab und fuhr daraufhin auf die S\u00fcdrandstra\u00dfe. Hierbei missachtete er eine rote Ampel, bevor er wieder auf die Autobahn in Richtung Heilbronn auffuhr. Auch auf der Autobahn 81 im Baustellenbereich des Engelbergtunnels fuhr er mit \u00fcber 200 km\/h in Richtung Heilbronn davon. An der Anschlussstelle Stuttgart-Feuerbach fuhr der Unbekannte von der Autobahn erneut ab auf die Bundestra\u00dfe 295 in Richtung Korntal-M\u00fcnchingen. Trotz Gegenverkehrs \u00fcberholte der Unbekannte in diesem Bereich einen Verkehrsteilnehmenden. In Korntal gelang es schlussendlich dem Unbekannten unerkannt zu fl\u00fcchten. Die Ermittlungen zum verantwortlichen Fahrer dauern aktuell an. Das Polizeirevier Leonberg sucht Zeugen und m\u00f6gliche Gesch\u00e4digte, die durch die Fahrweise des unbekannten VW-Lenkers mittleren Alters gef\u00e4hrdet wurden. Diese werden gebeten, sich unter Tel. 07152 605-0 oder per E-Mail an <a href=\"mailto:leonberg.prev@polizei.bwl.de\" target=\"_blank\" rel=\"noopener\">leonberg.prev@polizei.bwl.de<\/a> zu melden.<\/p>\n<p style=\"text-align: justify;\"><strong>Kornwestheim: zwei Autos nach Unfallflucht besch\u00e4digt<\/strong><br \/>\nDas Polizeirevier Kornwestheim, Tel. 07154 1313-0 oder E-Mail: kornwestheim.prev@polizei.bwl.de, sucht Zeugen einer Unfallflucht, die sich bereits vergangene Woche zwischen Donnerstag (21.08.2025) 19.30 Uhr und Freitag (22.08.2025) 07.15 Uhr in der Pfarrer-Hahn-Stra\u00dfe in Kornwestheim ereignete. Ein noch unbekannter Fahrzeuglenker streifte, vermutlich beim Vorbeifahren, zwei am Stra\u00dfenrand abgestellte PKW. Hierbei handelt es sich um einen Opel Mokka und einen Audi A3. An den Fahrzeugen entstand ein Gesamtsachschaden von etwa 4.500 Euro. Anhand der Spurenlage k\u00f6nnte in den Unfall eine Person mit einem Motorrad verwickelt gewesen sein.<\/p>\n<p style=\"text-align: justify;\"><strong>Vaihingen an der Enz: heftige Auseinandersetzung auf dem Marktplatz<\/strong><br \/>\nAm fr\u00fchen Samstagmorgen (23.08.2025), kurz vor 01.00 Uhr, wurde die Polizei alarmiert, da mehrere Personen am Marktplatz in Vaihingen an der Enz randalieren w\u00fcrden. Vor Ort trafen die Einsatzkr\u00e4fte zun\u00e4chst niemanden mehr an, worauf die Umgebung bestreift wurde. In der Heilbronner Stra\u00dfe Ecke Grabenstra\u00dfe traf eine Streifenwagenbesatzung schlie\u00dflich auf einen verletzten 25-J\u00e4hrigen. Die weiteren Ermittlungen ergaben, dass der 25-J\u00e4hrige aus noch unbekannter Ursache am Marktplatz mit zwei 17- und 18-J\u00e4hrigen in einen Streit geraten war. Die Situation sei schlie\u00dflich eskaliert und der 17-J\u00e4hrige habe ihm mit einer Glasflasche auf den Kopf geschlagen. Ob auch der 18 Jahre alte Mann bei der K\u00f6rperverletzung mitwirkte, ist noch unklar. Der 25-J\u00e4hrige wurde im weiteren Verlauf zum Polizeirevier Vaihingen an der Enz gebracht und ein Rettungswagen wurde hinzugezogen. Die beiden Tatverd\u00e4chtigen konnte im Rahmen der Fahndung ebenfalls nahe des Marktplatzes festgestellt und vorl\u00e4ufig festgenommen werden. Sie wurden nach Durchf\u00fchrung der polizeilichen Ma\u00dfnahmen auf freien Fu\u00df gesetzt. Die Ermittlungen wegen gef\u00e4hrlicher K\u00f6rperverletzung dauern an.<\/p>\n<hr \/>\n<p>&nbsp;<\/p>\n","protected":false},"excerpt":{"rendered":"<p>Quelle: ots Gemmrigheim: Radlader von Baustelle entwendet &#8211; Zeugen gesucht Bislang noch unbekannte T\u00e4ter entwendeten zwischen Donnerstag (28.08.2025) 18:00 Uhr und Freitag (29.08.2025) 06:50 Uhr von einer Baustelle an der Einm\u00fcndung zur Kreisstra\u00dfe 1625 in Gemmrigheim einen Radlader. Der Radlader der Marke &#8220;Caterpillar&#8221; vom Typ &#8220;Cat 908&#8221; mitsamt angebrachter Gabeleinrichtung wurde am Abend verschlossen auf [&hellip;]<\/p>\n","protected":false},"author":4,"featured_media":172453,"comment_status":"closed","ping_status":"open","sticky":false,"template":"","format":"standard","meta":{"inline_featured_image":false,"_exactmetrics_skip_tracking":false,"_exactmetrics_sitenote_active":false,"_exactmetrics_sitenote_note":"","_exactmetrics_sitenote_category":0,"tdm_status":"","tdm_grid_status":"","footnotes":""},"categories":[4887],"tags":[8875,6,68,205,1625],"class_list":{"0":"post-178442","1":"post","2":"type-post","3":"status-publish","4":"format-standard","5":"has-post-thumbnail","7":"category-region-ludwigsburg","8":"tag-die-webzeitung","9":"tag-ludwigsburg","10":"tag-online-zeitung","11":"tag-polizei","12":"tag-report"},"image_feature":"https:\/\/die-webzeitung.de\/ludwigsburg\/wp-content\/uploads\/sites\/5\/2024\/02\/Polizei-Pix-scaled.jpg","author_name":"Redaktion","pure_taxonomies":{"categories":[{"term_id":4887,"name":"Polizei-Report Ludwigsburg","slug":"region-ludwigsburg","term_group":0,"term_taxonomy_id":4904,"taxonomy":"category","description":"Polizeiberichte aus der Region des Landkreises Ludwigsburg","parent":1619,"count":68,"filter":"raw","image":""}],"tags":[{"term_id":8875,"name":"Die-Webzeitung","slug":"die-webzeitung","term_group":0,"term_taxonomy_id":8876,"taxonomy":"post_tag","description":"","parent":0,"count":4257,"filter":"raw","image":""},{"term_id":6,"name":"Ludwigsburg","slug":"ludwigsburg","term_group":0,"term_taxonomy_id":6,"taxonomy":"post_tag","description":"","parent":0,"count":1353,"filter":"raw","image":""},{"term_id":68,"name":"Online-Zeitung","slug":"online-zeitung","term_group":0,"term_taxonomy_id":69,"taxonomy":"post_tag","description":"","parent":0,"count":4206,"filter":"raw","image":""},{"term_id":205,"name":"Polizei","slug":"polizei","term_group":0,"term_taxonomy_id":208,"taxonomy":"post_tag","description":"","parent":0,"count":186,"filter":"raw","image":""},{"term_id":1625,"name":"Report","slug":"report","term_group":0,"term_taxonomy_id":1634,"taxonomy":"post_tag","description":"","parent":0,"count":138,"filter":"raw","image":""}]},"_links":{"self":[{"href":"https:\/\/die-webzeitung.de\/ludwigsburg\/wp-json\/wp\/v2\/posts\/178442","targetHints":{"allow":["GET"]}}],"collection":[{"href":"https:\/\/die-webzeitung.de\/ludwigsburg\/wp-json\/wp\/v2\/posts"}],"about":[{"href":"https:\/\/die-webzeitung.de\/ludwigsburg\/wp-json\/wp\/v2\/types\/post"}],"author":[{"embeddable":true,"href":"https:\/\/die-webzeitung.de\/ludwigsburg\/wp-json\/wp\/v2\/users\/4"}],"replies":[{"embeddable":true,"href":"https:\/\/die-webzeitung.de\/ludwigsburg\/wp-json\/wp\/v2\/comments?post=178442"}],"version-history":[{"count":8,"href":"https:\/\/die-webzeitung.de\/ludwigsburg\/wp-json\/wp\/v2\/posts\/178442\/revisions"}],"predecessor-version":[{"id":178494,"href":"https:\/\/die-webzeitung.de\/ludwigsburg\/wp-json\/wp\/v2\/posts\/178442\/revisions\/178494"}],"wp:featuredmedia":[{"embeddable":true,"href":"https:\/\/die-webzeitung.de\/ludwigsburg\/wp-json\/wp\/v2\/media\/172453"}],"wp:attachment":[{"href":"https:\/\/die-webzeitung.de\/ludwigsburg\/wp-json\/wp\/v2\/media?parent=178442"}],"wp:term":[{"taxonomy":"category","embeddable":true,"href":"https:\/\/die-webzeitung.de\/ludwigsburg\/wp-json\/wp\/v2\/categories?post=178442"},{"taxonomy":"post_tag","embeddable":true,"href":"https:\/\/die-webzeitung.de\/ludwigsburg\/wp-json\/wp\/v2\/tags?post=178442"}],"curies":[{"name":"wp","href":"https:\/\/api.w.org\/{rel}","templated":true}]}}